{"id":17519,"date":"2021-08-23T16:05:16","date_gmt":"2021-08-23T19:05:16","guid":{"rendered":"https:\/\/www.paudalho.pe.gov.br\/portal\/?p=17519"},"modified":"2025-01-08T00:39:27","modified_gmt":"2025-01-08T03:39:27","slug":"prefeitura-divulga-edital-de-convocacao-de-entidades-nao-governamentais-para-a-composicao-do-conselho-municipal-de-meio-ambiente","status":"publish","type":"post","link":"https:\/\/www.paudalho.pe.gov.br\/portal\/prefeitura-divulga-edital-de-convocacao-de-entidades-nao-governamentais-para-a-composicao-do-conselho-municipal-de-meio-ambiente\/","title":{"rendered":"Prefeitura divulga edital de convoca\u00e7\u00e3o de entidades n\u00e3o governamentais para a composi\u00e7\u00e3o do Conselho Municipal de Meio Ambiente"},"content":{"rendered":"\n<p>A Prefeitura do Paudalho, por meio da Secretaria Executiva de Desenvolvimento Econ\u00f4mico, Meio Ambiente e Qualifica\u00e7\u00e3o Profissional (SEDEMAQ), torna p\u00fablico nesta segunda-feira (23) o edital de convoca\u00e7\u00e3o de entidades da sociedade civil para composi\u00e7\u00e3o do Conselho Municipal de Meio Ambiente do bi\u00eanio 2021\/2023. <\/p>\n\n\n\n<p>Podem se candidatar ao pleito representantes de institui\u00e7\u00f5es n\u00e3o governamentais fundadas no territ\u00f3rio municipal ou entidades externas que possuam atua\u00e7\u00e3o comprovada dentro do munic\u00edpio por no m\u00ednimo dois anos. As inscri\u00e7\u00f5es devem ser realizadas de forma on-line por meio <strong><a rel=\"noreferrer noopener\" href=\"https:\/\/docs.google.com\/forms\/d\/e\/1FAIpQLSfmcfwAZpHyY5MAEnfSHVmLV4joJH8FtmbEQ94MPRf6csgkow\/viewform\" target=\"_blank\">deste formul\u00e1rio<\/a><\/strong> ou de maneira presencial na sede da Secretaria, situada na Av. Dr Miguel Arraes, S\/N, no P\u00e1tio da Feira Livre, Centro. O atendimento ao p\u00fablico no local \u00e9 realizado de segunda a sexta, no hor\u00e1rio das 8h \u00e0s 14h. <\/p>\n\n\n\n<p>O Conselho Municipal de Meio Ambiente \u00e9 um \u00f3rg\u00e3o parit\u00e1rio institu\u00eddo em Paudalho desde 2008. A organiza\u00e7\u00e3o \u00e9 formada por cinco representantes do poder p\u00fablico e cinco da sociedade civil. Entre suas fun\u00e7\u00f5es, o Conselho \u00e9 respons\u00e1vel por atender todas as demandas relacionadas \u00e0 causa ambiental da cidade, por identificar as problem\u00e1ticas relativas a esse \u00e2mbito e criar poss\u00edveis solu\u00e7\u00f5es.<\/p>\n\n\n\n<p>A elei\u00e7\u00e3o ocorrer\u00e1 de forma presencial no dia 22 de setembro, das 9h \u00e0s 12h, no audit\u00f3rio do pr\u00e9dio anexo da Secretaria Municipal de Educa\u00e7\u00e3o, localizado no Centro. A SEDEMAQ disponibiliza o e-mail da comiss\u00e3o eleitoral <a href=\"mailto:sedemaqpref@gmail.com\">sedemaqpref@gmail.com<\/a> e o telefone (81) 3636-3125 para mais informa\u00e7\u00f5es. <\/p>\n\n\n\n<p><strong>Confira abaixo o edital e a errata do regulamento com o cronograma atualizado: <\/strong><\/p>\n\n\n\n<div data-wp-interactive=\"core\/file\" class=\"wp-block-file\"><object data-wp-bind--hidden=\"!state.hasPdfPreview\" hidden class=\"wp-block-file__embed\" data=\"https:\/\/www.paudalho.pe.gov.br\/portal\/wp-content\/uploads\/2021\/08\/edital_condema_2021.pdf\" type=\"application\/pdf\" style=\"width:100%;height:600px\" aria-label=\"Incorporado de Incorporado de &lt;strong&gt;FA\u00c7A AQUI O DOWLOAD DO EDITAL DE CONVOCA\u00c7\u00c3O E REGIMENTO ELEITORAL PARA ELEI\u00c7\u00c3O DAS ENTIDADES N\u00c3O GOVERNAMENTAIS PARA COMPOSI\u00c7\u00c3O DO CONSELHO MUNICIPAL DE MEIO AMBIENTE DE PAUDALHO! &lt;\/strong&gt;..\"><\/object><a href=\"https:\/\/www.paudalho.pe.gov.br\/portal\/wp-content\/uploads\/2021\/08\/edital_condema_2021.pdf\"><strong>FA\u00c7A AQUI O DOWLOAD DO EDITAL DE CONVOCA\u00c7\u00c3O E REGIMENTO ELEITORAL PARA ELEI\u00c7\u00c3O DAS ENTIDADES N\u00c3O GOVERNAMENTAIS PARA COMPOSI\u00c7\u00c3O DO CONSELHO MUNICIPAL DE MEIO AMBIENTE DE PAUDALHO! <\/strong><\/a><a href=\"https:\/\/www.paudalho.pe.gov.br\/portal\/wp-content\/uploads\/2021\/08\/edital_condema_2021.pdf\" class=\"wp-block-file__button\" download>Baixar<\/a><\/div>\n\n\n\n<div data-wp-interactive=\"core\/file\" class=\"wp-block-file\"><object data-wp-bind--hidden=\"!state.hasPdfPreview\" hidden class=\"wp-block-file__embed\" data=\"https:\/\/www.paudalho.pe.gov.br\/portal\/wp-content\/uploads\/2021\/08\/Errata_edital_cronograma.pdf\" type=\"application\/pdf\" style=\"width:100%;height:600px\" aria-label=\"Incorporado de Incorporado de &lt;strong&gt;BAIXE AQUI A ERRATA DO EDITAL DE CONVOCA\u00c7\u00c3O E REGIMENTO ELEITORAL PARA ELEI\u00c7\u00c3O DAS ENTIDADES N\u00c3O GOVERNAMENTAIS PARA COMPOSI\u00c7\u00c3O DO CONSELHO MUNICIPAL DE MEIO AMBIENTE DE PAUDALHO!(CRONOGRAMA ATUALIZADO)&lt;\/strong&gt;..\"><\/object><a href=\"https:\/\/www.paudalho.pe.gov.br\/portal\/wp-content\/uploads\/2021\/08\/Errata_edital_cronograma.pdf\"><strong>BAIXE AQUI A ERRATA DO EDITAL DE CONVOCA\u00c7\u00c3O E REGIMENTO ELEITORAL PARA ELEI\u00c7\u00c3O DAS ENTIDADES N\u00c3O GOVERNAMENTAIS PARA COMPOSI\u00c7\u00c3O DO CONSELHO MUNICIPAL DE MEIO AMBIENTE DE PAUDALHO!(CRONOGRAMA ATUALIZADO)<\/strong><\/a><a href=\"https:\/\/www.paudalho.pe.gov.br\/portal\/wp-content\/uploads\/2021\/08\/Errata_edital_cronograma.pdf\" class=\"wp-block-file__button\" download>Baixar<\/a><\/div>\n\n\n\n<p><\/p>\n","protected":false},"excerpt":{"rendered":"<p>A Prefeitura do Paudalho, por meio da Secretaria Executiva de Desenvolvimento Econ\u00f4mico, Meio Ambiente e Qualifica\u00e7\u00e3o Profissional (SEDEMAQ), torna p\u00fablico nesta segunda-feira (23) o edital de convoca\u00e7\u00e3o de entidades da sociedade civil para composi\u00e7\u00e3o do Conselho Municipal de Meio Ambiente do bi\u00eanio 2021\/2023. Podem se candidatar ao pleito representantes de institui\u00e7\u00f5es n\u00e3o governamentais fundadas no [&hellip;]<\/p>\n","protected":false},"author":6,"featured_media":17525,"comment_status":"open","ping_status":"open","sticky":false,"template":"","format":"standard","meta":{"_jetpack_newsletter_access":"","_jetpack_dont_email_post_to_subs":false,"_jetpack_newsletter_tier_id":0,"_jetpack_memberships_contains_paywalled_content":false,"_jetpack_memberships_contains_paid_content":false,"footnotes":""},"categories":[2,765,1],"tags":[784,190,22],"class_list":["post-17519","post","type-post","status-publish","format-standard","has-post-thumbnail","hentry","category-destaque","category-meio-ambiente","category-noticias","tag-conselho-municipal-de-meio-ambiente","tag-meio-ambiente","tag-prefeitura-do-paudalho"],"jetpack_featured_media_url":"https:\/\/www.paudalho.pe.gov.br\/portal\/wp-content\/uploads\/2021\/08\/196574080_159964199435814_804859397994350014_n.jpg","jetpack_sharing_enabled":true,"jetpack_shortlink":"https:\/\/wp.me\/p98mS2-4yz","_links":{"self":[{"href":"https:\/\/www.paudalho.pe.gov.br\/portal\/wp-json\/wp\/v2\/posts\/17519","targetHints":{"allow":["GET"]}}],"collection":[{"href":"https:\/\/www.paudalho.pe.gov.br\/portal\/wp-json\/wp\/v2\/posts"}],"about":[{"href":"https:\/\/www.paudalho.pe.gov.br\/portal\/wp-json\/wp\/v2\/types\/post"}],"author":[{"embeddable":true,"href":"https:\/\/www.paudalho.pe.gov.br\/portal\/wp-json\/wp\/v2\/users\/6"}],"replies":[{"embeddable":true,"href":"https:\/\/www.paudalho.pe.gov.br\/portal\/wp-json\/wp\/v2\/comments?post=17519"}],"version-history":[{"count":30,"href":"https:\/\/www.paudalho.pe.gov.br\/portal\/wp-json\/wp\/v2\/posts\/17519\/revisions"}],"predecessor-version":[{"id":21182,"href":"https:\/\/www.paudalho.pe.gov.br\/portal\/wp-json\/wp\/v2\/posts\/17519\/revisions\/21182"}],"wp:featuredmedia":[{"embeddable":true,"href":"https:\/\/www.paudalho.pe.gov.br\/portal\/wp-json\/wp\/v2\/media\/17525"}],"wp:attachment":[{"href":"https:\/\/www.paudalho.pe.gov.br\/portal\/wp-json\/wp\/v2\/media?parent=17519"}],"wp:term":[{"taxonomy":"category","embeddable":true,"href":"https:\/\/www.paudalho.pe.gov.br\/portal\/wp-json\/wp\/v2\/categories?post=17519"},{"taxonomy":"post_tag","embeddable":true,"href":"https:\/\/www.paudalho.pe.gov.br\/portal\/wp-json\/wp\/v2\/tags?post=17519"}],"curies":[{"name":"wp","href":"https:\/\/api.w.org\/{rel}","templated":true}]}}