{"id":175,"date":"2017-02-08T22:29:35","date_gmt":"2017-02-09T01:29:35","guid":{"rendered":"http:\/\/www.paudalho.pe.gov.br\/portal\/?p=175"},"modified":"2017-02-23T00:28:40","modified_gmt":"2017-02-23T03:28:40","slug":"convocacao-de-barraqueiros-e-pessoas-que-comercializam-no-carnaval-de-paudalho","status":"publish","type":"post","link":"https:\/\/www.paudalho.pe.gov.br\/portal\/convocacao-de-barraqueiros-e-pessoas-que-comercializam-no-carnaval-de-paudalho\/","title":{"rendered":"Convoca\u00e7\u00e3o de barraqueiros e pessoas que comercializam no carnaval de Paudalho"},"content":{"rendered":"<p style=\"text-align: justify;\">A prefeitura Municipal do Paudalho atrav\u00e9s da Ger\u00eancia de Abastecimento e Urbaniza\u00e7\u00e3o, vem convidar todos os barraqueiros e pessoas que comercializam no carnaval de Paudalho, para uma importante reuni\u00e3o, que acontecer\u00e1 na pr\u00f3xima sexta feira 10 de fevereiro de 2017 \u00e0s 10:00h da manh\u00e3 no Col\u00e9gio Municipal do Paudalho.<\/p>\n<p style=\"text-align: justify;\">Contamos com a presen\u00e7a de todos.<span class=\"text_exposed_show\"><br \/>\nPrefeitura Municipal do Paudalho construindo um novo amanh\u00e3.<\/span><\/p>\n","protected":false},"excerpt":{"rendered":"<p>A prefeitura Municipal do Paudalho atrav\u00e9s da Ger\u00eancia de Abastecimento e Urbaniza\u00e7\u00e3o, vem convidar todos os barraqueiros e pessoas que comercializam no carnaval de Paudalho, para uma importante reuni\u00e3o, que acontecer\u00e1 na pr\u00f3xima sexta feira 10 de fevereiro de 2017 \u00e0s 10:00h da manh\u00e3 no Col\u00e9gio Municipal do Paudalho. Contamos com a presen\u00e7a de todos. [&hellip;]<\/p>\n","protected":false},"author":2,"featured_media":176,"comment_status":"open","ping_status":"open","sticky":false,"template":"","format":"standard","meta":{"_jetpack_newsletter_access":"","_jetpack_dont_email_post_to_subs":false,"_jetpack_newsletter_tier_id":0,"_jetpack_memberships_contains_paywalled_content":false,"_jetpack_memberships_contains_paid_content":false,"footnotes":""},"categories":[32],"tags":[33,15],"class_list":["post-175","post","type-post","status-publish","format-standard","has-post-thumbnail","hentry","category-comunicado","tag-comunicado","tag-prefeitura"],"jetpack_featured_media_url":"https:\/\/www.paudalho.pe.gov.br\/portal\/wp-content\/uploads\/2017\/02\/12.jpg","jetpack_sharing_enabled":true,"jetpack_shortlink":"https:\/\/wp.me\/p98mS2-2P","_links":{"self":[{"href":"https:\/\/www.paudalho.pe.gov.br\/portal\/wp-json\/wp\/v2\/posts\/175","targetHints":{"allow":["GET"]}}],"collection":[{"href":"https:\/\/www.paudalho.pe.gov.br\/portal\/wp-json\/wp\/v2\/posts"}],"about":[{"href":"https:\/\/www.paudalho.pe.gov.br\/portal\/wp-json\/wp\/v2\/types\/post"}],"author":[{"embeddable":true,"href":"https:\/\/www.paudalho.pe.gov.br\/portal\/wp-json\/wp\/v2\/users\/2"}],"replies":[{"embeddable":true,"href":"https:\/\/www.paudalho.pe.gov.br\/portal\/wp-json\/wp\/v2\/comments?post=175"}],"version-history":[{"count":1,"href":"https:\/\/www.paudalho.pe.gov.br\/portal\/wp-json\/wp\/v2\/posts\/175\/revisions"}],"predecessor-version":[{"id":177,"href":"https:\/\/www.paudalho.pe.gov.br\/portal\/wp-json\/wp\/v2\/posts\/175\/revisions\/177"}],"wp:featuredmedia":[{"embeddable":true,"href":"https:\/\/www.paudalho.pe.gov.br\/portal\/wp-json\/wp\/v2\/media\/176"}],"wp:attachment":[{"href":"https:\/\/www.paudalho.pe.gov.br\/portal\/wp-json\/wp\/v2\/media?parent=175"}],"wp:term":[{"taxonomy":"category","embeddable":true,"href":"https:\/\/www.paudalho.pe.gov.br\/portal\/wp-json\/wp\/v2\/categories?post=175"},{"taxonomy":"post_tag","embeddable":true,"href":"https:\/\/www.paudalho.pe.gov.br\/portal\/wp-json\/wp\/v2\/tags?post=175"}],"curies":[{"name":"wp","href":"https:\/\/api.w.org\/{rel}","templated":true}]}}