{"id":17436,"date":"2021-08-20T15:37:52","date_gmt":"2021-08-20T18:37:52","guid":{"rendered":"https:\/\/www.paudalho.pe.gov.br\/portal\/?p=17436"},"modified":"2025-01-08T00:39:28","modified_gmt":"2025-01-08T03:39:28","slug":"prefeitura-do-paudalho-divulga-programacao-da-semana-municipal-da-pessoa-com-deficiencia-2021","status":"publish","type":"post","link":"https:\/\/www.paudalho.pe.gov.br\/portal\/prefeitura-do-paudalho-divulga-programacao-da-semana-municipal-da-pessoa-com-deficiencia-2021\/","title":{"rendered":"Prefeitura do Paudalho divulga programa\u00e7\u00e3o da Semana Municipal da Pessoa com Defici\u00eancia 2021"},"content":{"rendered":"\n<p>Entre os dias 23 e 28 de agosto, A Prefeitura do Paudalho realizar\u00e1 uma programa\u00e7\u00e3o comemorativa da Semana Nacional da Pessoa com Defici\u00eancia Intelectual e M\u00faltipla. Institu\u00edda por meio da Lei Federal N\u00ba 13.585, de 26 de dezembro de 2017, a Semana \u00e9 uma marco que tem o objetivo de conscientizar a sociedade sobre as capacidades e contribui\u00e7\u00f5es das pessoas com defici\u00eancia e refor\u00e7ar o combate ao preconceito e a discrimina\u00e7\u00e3o contra esse p\u00fablico.<\/p>\n\n\n\n<p>Com o tema &#8220;30 anos da Lei de Cotas para inser\u00e7\u00e3o da pessoa com defici\u00eancia no mercado de trabalho, seus avan\u00e7os e desafios&#8221;, a programa\u00e7\u00e3o deste ano contar\u00e1 com palestras, entrevistas, show de talentos, entre outras atividades. Durante a celebra\u00e7\u00e3o ser\u00e3o realizados debates sobre os direitos fundamentais das pessoas com defici\u00eancia, especialmente sobre o direito \u00e0 cidadania, e sobre a efetiva\u00e7\u00e3o de pol\u00edticas p\u00fablicas e a\u00e7\u00f5es afirmativas para a inclus\u00e3o.<\/p>\n\n\n\n<figure class=\"wp-block-gallery columns-1 is-cropped wp-block-gallery-1 is-layout-flex wp-block-gallery-is-layout-flex\"><ul class=\"blocks-gallery-grid\"><li class=\"blocks-gallery-item\"><figure><img loading=\"lazy\" decoding=\"async\" width=\"800\" height=\"450\" data-attachment-id=\"17456\" data-permalink=\"https:\/\/www.paudalho.pe.gov.br\/portal\/prefeitura-do-paudalho-divulga-programacao-da-semana-municipal-da-pessoa-com-deficiencia-2021\/pessoa-com-deficiencia\/\" data-orig-file=\"https:\/\/www.paudalho.pe.gov.br\/portal\/wp-content\/uploads\/2021\/08\/pessoa-com-deficiencia-scaled.jpg\" data-orig-size=\"2560,1707\" data-comments-opened=\"1\" data-image-meta=\"{&quot;aperture&quot;:&quot;2&quot;,&quot;credit&quot;:&quot;&quot;,&quot;camera&quot;:&quot;Canon EOS 5D Mark III&quot;,&quot;caption&quot;:&quot;&quot;,&quot;created_timestamp&quot;:&quot;1554973188&quot;,&quot;copyright&quot;:&quot;&quot;,&quot;focal_length&quot;:&quot;85&quot;,&quot;iso&quot;:&quot;1000&quot;,&quot;shutter_speed&quot;:&quot;0.0125&quot;,&quot;title&quot;:&quot;&quot;,&quot;orientation&quot;:&quot;1&quot;}\" data-image-title=\"pessoa com deficiencia\" data-image-description=\"\" data-image-caption=\"&lt;p&gt;Foto: Divulga\u00e7\u00e3o\/PMP.&lt;\/p&gt;\n\" data-medium-file=\"https:\/\/www.paudalho.pe.gov.br\/portal\/wp-content\/uploads\/2021\/08\/pessoa-com-deficiencia-350x230.jpg\" data-large-file=\"https:\/\/www.paudalho.pe.gov.br\/portal\/wp-content\/uploads\/2021\/08\/pessoa-com-deficiencia-800x450.jpg\" src=\"https:\/\/www.paudalho.pe.gov.br\/portal\/wp-content\/uploads\/2021\/08\/pessoa-com-deficiencia-800x450.jpg\" alt=\"\" data-id=\"17456\" data-full-url=\"https:\/\/www.paudalho.pe.gov.br\/portal\/wp-content\/uploads\/2021\/08\/pessoa-com-deficiencia-scaled.jpg\" data-link=\"https:\/\/www.paudalho.pe.gov.br\/portal\/?attachment_id=17456\" class=\"wp-image-17456\"\/><figcaption class=\"blocks-gallery-item__caption\"><em>Foto: Divulga\u00e7\u00e3o\/PMP.<\/em><\/figcaption><\/figure><\/li><\/ul><\/figure>\n\n\n\n<p>Essa ser\u00e1 uma a\u00e7\u00e3o integrada entre a Secretaria Municipal de Desenvolvimento e Assist\u00eancia Social (SEDAS), a Secretaria Municipal de Educa\u00e7\u00e3o (SEDUC) e a Secretaria Municipal de Sa\u00fade, em conjunto com a Casa dos Conselhos, com o Conselho Municipal dos Direitos da Pessoa com Defici\u00eancia e com a Escola de Refer\u00eancia em Ensino M\u00e9dio (EREM) Confedera\u00e7\u00e3o do Equador. <\/p>\n\n\n\n<p>A abertura da programa\u00e7\u00e3o ocorrer\u00e1 na pr\u00f3xima segunda-feira, dia 23, em uma solenidade presencial com in\u00edcio \u00e0s 14h. O evento ser\u00e1 realizado na sede do Sindicato dos Trabalhadores Rurais de Paudalho, localizada na Rua Senador Pinheiro Ramos, no Centro. <\/p>\n\n\n\n<p>Ao longo da semana ser\u00e3o realizadas palestras presenciais nas escolas municipais e estaduais da cidade. A SEDUC tamb\u00e9m far\u00e1 a distribui\u00e7\u00e3o dos brindes &#8220;Sacolinhas de Encantamento&#8221; para os alunos com defici\u00eancia da Rede Municipal de Ensino.<\/p>\n\n\n\n<h3 class=\"wp-block-heading\"><strong>Show de Talentos: Arte e Cultura<\/strong><\/h3>\n\n\n\n<p>A Secretaria Municipal de Educa\u00e7\u00e3o (SEDUC) realizar\u00e1 o <strong>Show de Talentos: Arte e Cultura<\/strong> com o objetivo de dar visibilidade \u00e0 potencialidade das pessoas com defici\u00eancias e transtornos espec\u00edficos da aprendizagem. As inscri\u00e7\u00f5es no concurso estar\u00e3o abertas at\u00e9 o dia 25 de agosto e devem ser realizadas atrav\u00e9s <strong><a rel=\"noreferrer noopener\" href=\"https:\/\/forms.gle\/NPhPHTefGeYMWAHT7\" target=\"_blank\">deste formul\u00e1rio on-line<\/a><\/strong>. <\/p>\n\n\n\n<p>Cada participante, ou dupla, dever\u00e1 enviar um v\u00eddeo com dura\u00e7\u00e3o de at\u00e9 1 minuto. O show ser\u00e1 realizado de modo virtual com divulga\u00e7\u00e3o por meio do <strong><a rel=\"noreferrer noopener\" href=\"https:\/\/www.instagram.com\/educanawebpaudalho\/\" target=\"_blank\">Instagram<\/a><\/strong> (@educanawebpaudalho). Os tr\u00eas primeiros colocados da competi\u00e7\u00e3o ir\u00e3o ganhar um dia com acompanhante&nbsp;na Pousada Rural Fazenda O\u00e1sis<em>,<\/em> com almo\u00e7o incluso.&nbsp;Fa\u00e7a o download do edital abaixo:<\/p>\n\n\n\n<div data-wp-interactive=\"core\/file\" class=\"wp-block-file\"><object data-wp-bind--hidden=\"!state.hasPdfPreview\" hidden class=\"wp-block-file__embed\" data=\"https:\/\/www.paudalho.pe.gov.br\/portal\/wp-content\/uploads\/2021\/08\/Edital.-Show-de-Talentos-Artes-e-Cultura.pdf\" type=\"application\/pdf\" style=\"width:100%;height:600px\" aria-label=\"Incorporado de Incorporado de BAIXE AQUI O EDITAL DO SHOW DE TALENTOS: ARTES E CULTURA! ..\"><\/object><a href=\"https:\/\/www.paudalho.pe.gov.br\/portal\/wp-content\/uploads\/2021\/08\/Edital.-Show-de-Talentos-Artes-e-Cultura.pdf\">BAIXE AQUI O EDITAL DO SHOW DE TALENTOS: ARTES E CULTURA! <\/a><a href=\"https:\/\/www.paudalho.pe.gov.br\/portal\/wp-content\/uploads\/2021\/08\/Edital.-Show-de-Talentos-Artes-e-Cultura.pdf\" class=\"wp-block-file__button\" download>Baixar<\/a><\/div>\n\n\n\n<p><strong>Confira a programa\u00e7\u00e3o na \u00edntegra abaixo:<\/strong><\/p>\n\n\n\n<p><strong>20\/08<\/strong> &#8211; Divulga\u00e7\u00e3o do edital e abertura das inscri\u00e7\u00f5es para o Concurso Show de Talentos: Arte e Cultura.<\/p>\n\n\n\n<p><strong>23\/08<\/strong> &#8211; \u00e0s 14h &#8211; Solenidade de Abertura. <strong>Local:<\/strong> Sindicato dos Trabalhadores Rurais de Paudalho, Rua Senador Pinheiro Ramos, 503, no Centro.&nbsp;<\/p>\n\n\n\n<p><strong>24\/08<\/strong> &#8211; \u00e0s 9h &#8211; Palestra no Col\u00e9gio Municipal de Paudalho (CMP), no Centro.<\/p>\n\n\n\n<p><strong>25\/08<\/strong> &#8211; \u00e0s 9h &#8211; Palestra no EREM Confedera\u00e7\u00e3o do Equador, no Alto Dois Irm\u00e3os.&nbsp;<\/p>\n\n\n\n<p><strong>25\/08 <\/strong>&#8211; Tarde &#8211; \u00daltimo dia de inscri\u00e7\u00e3o no Concurso Show de Talentos: Arte e Cultura.  <\/p>\n\n\n\n<p><strong>26\/08<\/strong> &#8211; \u00e0s 9h &#8211; EREM Herculano Bandeira, no Centro.&nbsp;<\/p>\n\n\n\n<p><strong>27\/08<\/strong> &#8211; \u00e0s 9h &#8211; Col\u00e9gio Municipal Tancredo Neves, no Boboc\u00e3o.<\/p>\n\n\n\n<p><strong>27\/08<\/strong> &#8211; \u00e0s 13h &#8211; Entrevista com participantes do Conselho Municipal da Pessoa com Defici\u00eancia na R\u00e1dio Paudalho FM 98,5.<\/p>\n\n\n\n<p><strong>28\/08<\/strong> &#8211; \u00e0s 7h &#8211; Sabadou da Pessoa com Defici\u00eancia. Transmiss\u00e3o <strong><a rel=\"noreferrer noopener\" href=\"https:\/\/www.youtube.com\/channel\/UC18iwBsrdTXFOqwdDbv2Z3w\" target=\"_blank\">no canal no YouTube<\/a><\/strong> &#8220;Educa na Web&#8221; da Secretaria Municipal de Educa\u00e7\u00e3o (SEDUC).<\/p>\n\n\n\n<p><\/p>\n","protected":false},"excerpt":{"rendered":"<p>Entre os dias 23 e 28 de agosto, A Prefeitura do Paudalho realizar\u00e1 uma programa\u00e7\u00e3o comemorativa da Semana Nacional da Pessoa com Defici\u00eancia Intelectual e M\u00faltipla. Institu\u00edda por meio da Lei Federal N\u00ba 13.585, de 26 de dezembro de 2017, a Semana \u00e9 uma marco que tem o objetivo de conscientizar a sociedade sobre as [&hellip;]<\/p>\n","protected":false},"author":6,"featured_media":17458,"comment_status":"open","ping_status":"open","sticky":false,"template":"","format":"standard","meta":{"_jetpack_newsletter_access":"","_jetpack_dont_email_post_to_subs":false,"_jetpack_newsletter_tier_id":0,"_jetpack_memberships_contains_paywalled_content":false,"_jetpack_memberships_contains_paid_content":false,"footnotes":""},"categories":[2,1],"tags":[22,87],"class_list":["post-17436","post","type-post","status-publish","format-standard","has-post-thumbnail","hentry","category-destaque","category-noticias","tag-prefeitura-do-paudalho","tag-semana-da-pessoa-com-deficiencia"],"jetpack_featured_media_url":"https:\/\/www.paudalho.pe.gov.br\/portal\/wp-content\/uploads\/2021\/08\/189458_img.jpg","jetpack_sharing_enabled":true,"jetpack_shortlink":"https:\/\/wp.me\/p98mS2-4xe","_links":{"self":[{"href":"https:\/\/www.paudalho.pe.gov.br\/portal\/wp-json\/wp\/v2\/posts\/17436","targetHints":{"allow":["GET"]}}],"collection":[{"href":"https:\/\/www.paudalho.pe.gov.br\/portal\/wp-json\/wp\/v2\/posts"}],"about":[{"href":"https:\/\/www.paudalho.pe.gov.br\/portal\/wp-json\/wp\/v2\/types\/post"}],"author":[{"embeddable":true,"href":"https:\/\/www.paudalho.pe.gov.br\/portal\/wp-json\/wp\/v2\/users\/6"}],"replies":[{"embeddable":true,"href":"https:\/\/www.paudalho.pe.gov.br\/portal\/wp-json\/wp\/v2\/comments?post=17436"}],"version-history":[{"count":32,"href":"https:\/\/www.paudalho.pe.gov.br\/portal\/wp-json\/wp\/v2\/posts\/17436\/revisions"}],"predecessor-version":[{"id":17490,"href":"https:\/\/www.paudalho.pe.gov.br\/portal\/wp-json\/wp\/v2\/posts\/17436\/revisions\/17490"}],"wp:featuredmedia":[{"embeddable":true,"href":"https:\/\/www.paudalho.pe.gov.br\/portal\/wp-json\/wp\/v2\/media\/17458"}],"wp:attachment":[{"href":"https:\/\/www.paudalho.pe.gov.br\/portal\/wp-json\/wp\/v2\/media?parent=17436"}],"wp:term":[{"taxonomy":"category","embeddable":true,"href":"https:\/\/www.paudalho.pe.gov.br\/portal\/wp-json\/wp\/v2\/categories?post=17436"},{"taxonomy":"post_tag","embeddable":true,"href":"https:\/\/www.paudalho.pe.gov.br\/portal\/wp-json\/wp\/v2\/tags?post=17436"}],"curies":[{"name":"wp","href":"https:\/\/api.w.org\/{rel}","templated":true}]}}