{"id":17273,"date":"2021-08-13T13:55:26","date_gmt":"2021-08-13T16:55:26","guid":{"rendered":"https:\/\/www.paudalho.pe.gov.br\/portal\/?p=17273"},"modified":"2025-01-08T00:39:28","modified_gmt":"2025-01-08T03:39:28","slug":"paudalho-anuncia-vacinacao-contra-a-covid-19-para-pessoas-a-partir-dos-18-anos","status":"publish","type":"post","link":"https:\/\/www.paudalho.pe.gov.br\/portal\/paudalho-anuncia-vacinacao-contra-a-covid-19-para-pessoas-a-partir-dos-18-anos\/","title":{"rendered":"Paudalho anuncia vacina\u00e7\u00e3o contra a covid-19 para pessoas a partir dos 18 anos"},"content":{"rendered":"\n<p>A Prefeitura do Paudalho iniciar\u00e1 amanh\u00e3 (14) a aplica\u00e7\u00e3o da primeira dose da vacina contra a covid-19 para pessoas a partir dos 18 anos de idade. A abertura dessa nova faixa et\u00e1ria foi anunciada na tarde desta sexta-feira (13) pela Secretaria Municipal de Sa\u00fade. Para ter acesso ao imunizante, os cidad\u00e3os devem realizar o <strong><a rel=\"noreferrer noopener\" href=\"https:\/\/paudalho.basemunicipal.com\/saude\/covid\/vacinacao\/pre-cadastro\" target=\"_blank\">pr\u00e9-cadastro<\/a><\/strong> on-line.\u00a0<\/p>\n\n\n\n<p>O pr\u00e9-cadastramento \u00e9 um passo inicial obrigat\u00f3rio que tem o objetivo de organizar a campanha e adequar o n\u00famero de doses destinadas ao p\u00fablico. Durante o procedimento ser\u00e1 necess\u00e1rio conceder algumas informa\u00e7\u00f5es pessoais, como o n\u00famero do CPF,\u00a0 telefone e endere\u00e7o.\u00a0<\/p>\n\n\n\n<p>Tamb\u00e9m ser\u00e1 preciso informar a Unidade de Sa\u00fade em que o mun\u00edcipe \u00e9 atendido. Caso n\u00e3o haja cadastro em uma unidade, a Secretaria Municipal de Sa\u00fade solicita que o mesmo seja realizado junto a um agente comunit\u00e1rio de sa\u00fade (ACS) do bairro onde o cidad\u00e3o reside.<\/p>\n\n\n\n<p><strong><a rel=\"noreferrer noopener\" href=\"https:\/\/paudalho.basemunicipal.com\/saude\/covid\/vacinacao\/pre-cadastro\" target=\"_blank\">REALIZE O SEU PR\u00c9-CADASTRO AQUI!<\/a><\/strong><\/p>\n\n\n\n<p>A vacina\u00e7\u00e3o segue ocorrendo no ponto drive-thru situado em frente a Pra\u00e7a Pedro Coutinho, no Centro. O local funciona de segunda a sexta, das 8h \u00e0s 16h, com exce\u00e7\u00e3o para as ter\u00e7as e quintas-feiras, dias em que o hor\u00e1rio de funcionamento \u00e9 estendido at\u00e9 \u00e0s 20h. No dia do atendimento, ser\u00e1 indispens\u00e1vel a apresenta\u00e7\u00e3o de um documento de identifica\u00e7\u00e3o com foto, do CPF e de um comprovante de resid\u00eancia (que pode estar no nome de um dos pais ou de outro propriet\u00e1rio da casa).&nbsp;<\/p>\n\n\n\n<p>Segundo os dados divulgados pela Secretaria Municipal de Sa\u00fade atrav\u00e9s da ferramenta on-line <strong><a href=\"https:\/\/paudalho.basemunicipal.com\/saude\/vacinometro\" target=\"_blank\" rel=\"noreferrer noopener\">Vacin\u00f4metro<\/a><\/strong>, do in\u00edcio da campanha, em janeiro de 2021, at\u00e9 esta sexta-feira (13), 35.514 doses dos imunizantes j\u00e1 foram aplicadas. Desse total, 27.687 (78%) foram da primeira dose, 7.296 (20.5%) da segunda e 531 foram de imunizantes em dose \u00fanica.<\/p>\n\n\n\n<p><\/p>\n","protected":false},"excerpt":{"rendered":"<p>A Prefeitura do Paudalho iniciar\u00e1 amanh\u00e3 (14) a aplica\u00e7\u00e3o da primeira dose da vacina contra a covid-19 para pessoas a partir dos 18 anos de idade. A abertura dessa nova faixa et\u00e1ria foi anunciada na tarde desta sexta-feira (13) pela Secretaria Municipal de Sa\u00fade. Para ter acesso ao imunizante, os cidad\u00e3os devem realizar o pr\u00e9-cadastro [&hellip;]<\/p>\n","protected":false},"author":6,"featured_media":15482,"comment_status":"open","ping_status":"open","sticky":false,"template":"","format":"standard","meta":{"_jetpack_newsletter_access":"","_jetpack_dont_email_post_to_subs":false,"_jetpack_newsletter_tier_id":0,"_jetpack_memberships_contains_paywalled_content":false,"_jetpack_memberships_contains_paid_content":false,"footnotes":""},"categories":[732,2,1],"tags":[621,22,16,168,738],"class_list":["post-17273","post","type-post","status-publish","format-standard","has-post-thumbnail","hentry","category-covid-19","category-destaque","category-noticias","tag-coronavirus","tag-prefeitura-do-paudalho","tag-saude","tag-secretaria-de-saude","tag-vacinacao-contra-a-covid-19"],"jetpack_featured_media_url":"https:\/\/www.paudalho.pe.gov.br\/portal\/wp-content\/uploads\/2021\/06\/195852932_1561476360721294_1461516439678647132_n.jpg","jetpack_sharing_enabled":true,"jetpack_shortlink":"https:\/\/wp.me\/p98mS2-4uB","_links":{"self":[{"href":"https:\/\/www.paudalho.pe.gov.br\/portal\/wp-json\/wp\/v2\/posts\/17273","targetHints":{"allow":["GET"]}}],"collection":[{"href":"https:\/\/www.paudalho.pe.gov.br\/portal\/wp-json\/wp\/v2\/posts"}],"about":[{"href":"https:\/\/www.paudalho.pe.gov.br\/portal\/wp-json\/wp\/v2\/types\/post"}],"author":[{"embeddable":true,"href":"https:\/\/www.paudalho.pe.gov.br\/portal\/wp-json\/wp\/v2\/users\/6"}],"replies":[{"embeddable":true,"href":"https:\/\/www.paudalho.pe.gov.br\/portal\/wp-json\/wp\/v2\/comments?post=17273"}],"version-history":[{"count":3,"href":"https:\/\/www.paudalho.pe.gov.br\/portal\/wp-json\/wp\/v2\/posts\/17273\/revisions"}],"predecessor-version":[{"id":17276,"href":"https:\/\/www.paudalho.pe.gov.br\/portal\/wp-json\/wp\/v2\/posts\/17273\/revisions\/17276"}],"wp:featuredmedia":[{"embeddable":true,"href":"https:\/\/www.paudalho.pe.gov.br\/portal\/wp-json\/wp\/v2\/media\/15482"}],"wp:attachment":[{"href":"https:\/\/www.paudalho.pe.gov.br\/portal\/wp-json\/wp\/v2\/media?parent=17273"}],"wp:term":[{"taxonomy":"category","embeddable":true,"href":"https:\/\/www.paudalho.pe.gov.br\/portal\/wp-json\/wp\/v2\/categories?post=17273"},{"taxonomy":"post_tag","embeddable":true,"href":"https:\/\/www.paudalho.pe.gov.br\/portal\/wp-json\/wp\/v2\/tags?post=17273"}],"curies":[{"name":"wp","href":"https:\/\/api.w.org\/{rel}","templated":true}]}}