{"id":17202,"date":"2021-08-12T11:18:15","date_gmt":"2021-08-12T14:18:15","guid":{"rendered":"https:\/\/www.paudalho.pe.gov.br\/portal\/?p=17202"},"modified":"2025-01-08T00:39:29","modified_gmt":"2025-01-08T03:39:29","slug":"moradores-do-paudalho-a-partir-dos-20-anos-ja-podem-se-imunizar-contra-a-covid-19-no-municipio","status":"publish","type":"post","link":"https:\/\/www.paudalho.pe.gov.br\/portal\/moradores-do-paudalho-a-partir-dos-20-anos-ja-podem-se-imunizar-contra-a-covid-19-no-municipio\/","title":{"rendered":"Moradores do Paudalho a partir dos 20 anos j\u00e1 podem se imunizar contra a covid-19 no munic\u00edpio"},"content":{"rendered":"\n<p>A Prefeitura do Paudalho, atrav\u00e9s da Secretaria Municipal de Sa\u00fade, anuncia nesta quinta-feira (12) a abertura da vacina\u00e7\u00e3o contra a covid-19 para pessoas a partir dos 20 anos de idade. O munic\u00edpio da Zona da Mata de Pernambuco avan\u00e7a a cada dia e j\u00e1 soma mais de 34 mil doses dos imunizantes aplicados em seus habitantes.  <\/p>\n\n\n\n<p>Os mun\u00edcipes que est\u00e3o inclu\u00eddos nessa nova fase devem realizar o pr\u00e9-cadastro dispon\u00edvel neste <strong><a rel=\"noreferrer noopener\" href=\"https:\/\/paudalho.basemunicipal.com\/saude\/covid\/vacinacao\/pre-cadastro\" target=\"_blank\">endere\u00e7o eletr\u00f4nico<\/a><\/strong>. O pr\u00e9-cadastramento \u00e9 um passo inicial que tem o objetivo de organizar a campanha e adequar o n\u00famero de doses destinadas ao p\u00fablico. Dessa forma, o Governo Municipal pode melhor assistir a popula\u00e7\u00e3o e garantir mais efici\u00eancia no processo. <\/p>\n\n\n\n<p><strong><a href=\"https:\/\/paudalho.basemunicipal.com\/saude\/covid\/vacinacao\/pre-cadastro\" target=\"_blank\" rel=\"noreferrer noopener\">REALIZE O SEU PR\u00c9-CADASTRO AQUI!<\/a><\/strong><\/p>\n\n\n\n<p>Durante o procedimento ser\u00e1 necess\u00e1rio conceder algumas informa\u00e7\u00f5es pessoais, como o n\u00famero do CPF, o telefone e o endere\u00e7o. Tamb\u00e9m ser\u00e1 preciso informar a Unidade de Sa\u00fade em que o mun\u00edcipe \u00e9 atendido. Caso n\u00e3o haja cadastro em uma unidade, a Secretaria Municipal de Sa\u00fade solicita que o mesmo seja realizado junto a um agente comunit\u00e1rio de sa\u00fade (ACS) do bairro onde o cidad\u00e3o reside. <\/p>\n\n\n\n<figure class=\"wp-block-gallery columns-1 is-cropped wp-block-gallery-1 is-layout-flex wp-block-gallery-is-layout-flex\"><ul class=\"blocks-gallery-grid\"><li class=\"blocks-gallery-item\"><figure><img loading=\"lazy\" decoding=\"async\" width=\"800\" height=\"450\" data-attachment-id=\"17211\" data-permalink=\"https:\/\/www.paudalho.pe.gov.br\/portal\/moradores-do-paudalho-a-partir-dos-20-anos-ja-podem-se-imunizar-contra-a-covid-19-no-municipio\/vacinacao-contra-a-covid-19-a-partir-dos-20-anos-em-paudalho-pe\/\" data-orig-file=\"https:\/\/www.paudalho.pe.gov.br\/portal\/wp-content\/uploads\/2021\/08\/Vacinacao-contra-a-covid-19-a-partir-dos-20-anos-em-Paudalho-PE.-scaled.jpg\" data-orig-size=\"2560,1707\" data-comments-opened=\"1\" data-image-meta=\"{&quot;aperture&quot;:&quot;0&quot;,&quot;credit&quot;:&quot;&quot;,&quot;camera&quot;:&quot;&quot;,&quot;caption&quot;:&quot;&quot;,&quot;created_timestamp&quot;:&quot;0&quot;,&quot;copyright&quot;:&quot;CHARLES JOHNSON 81 986016133&quot;,&quot;focal_length&quot;:&quot;0&quot;,&quot;iso&quot;:&quot;0&quot;,&quot;shutter_speed&quot;:&quot;0&quot;,&quot;title&quot;:&quot;&quot;,&quot;orientation&quot;:&quot;0&quot;}\" data-image-title=\"Vacina\u00e7\u00e3o contra a covid-19 a partir dos 20 anos em Paudalho-PE.\" data-image-description=\"\" data-image-caption=\"&lt;p&gt;No dia da vacina\u00e7\u00e3o, o mun\u00edcipe dever\u00e1 apresentar um documento de identifica\u00e7\u00e3o com foto, o CPF e um comprovante de resid\u00eancia. Foto: Josu\u00e9 J\u00fanior\/PMP.&lt;\/p&gt;\n\" data-medium-file=\"https:\/\/www.paudalho.pe.gov.br\/portal\/wp-content\/uploads\/2021\/08\/Vacinacao-contra-a-covid-19-a-partir-dos-20-anos-em-Paudalho-PE.-350x230.jpg\" data-large-file=\"https:\/\/www.paudalho.pe.gov.br\/portal\/wp-content\/uploads\/2021\/08\/Vacinacao-contra-a-covid-19-a-partir-dos-20-anos-em-Paudalho-PE.-800x450.jpg\" src=\"https:\/\/www.paudalho.pe.gov.br\/portal\/wp-content\/uploads\/2021\/08\/Vacinacao-contra-a-covid-19-a-partir-dos-20-anos-em-Paudalho-PE.-800x450.jpg\" alt=\"\" data-id=\"17211\" data-full-url=\"https:\/\/www.paudalho.pe.gov.br\/portal\/wp-content\/uploads\/2021\/08\/Vacinacao-contra-a-covid-19-a-partir-dos-20-anos-em-Paudalho-PE.-scaled.jpg\" data-link=\"https:\/\/www.paudalho.pe.gov.br\/portal\/?attachment_id=17211\" class=\"wp-image-17211\"\/><figcaption class=\"blocks-gallery-item__caption\"><em>No dia da vacina\u00e7\u00e3o, o mun\u00edcipe dever\u00e1 apresentar um documento de identifica\u00e7\u00e3o com foto, o CPF e um comprovante de resid\u00eancia. Foto: Josu\u00e9 J\u00fanior\/PMP.<\/em><\/figcaption><\/figure><\/li><\/ul><\/figure>\n\n\n\n<p>A vacina\u00e7\u00e3o segue ocorrendo no ponto drive-thru situado em frente a Pra\u00e7a Pedro Coutinho, no Centro. O local funciona de segunda a sexta, das 8h \u00e0s 16h, com exce\u00e7\u00e3o para as ter\u00e7as e quintas-feiras, dias em que o hor\u00e1rio de funcionamento \u00e9 estendido at\u00e9 \u00e0s 20h. No dia do atendimento, ser\u00e1 indispens\u00e1vel a apresenta\u00e7\u00e3o de um documento de identifica\u00e7\u00e3o com foto, do CPF e de um comprovante de resid\u00eancia.  <\/p>\n\n\n\n<p>Atualmente, cidad\u00e3os a partir dos 18 anos j\u00e1 podem realizar o pr\u00e9-cadastro on-line e aguardar a data de abertura da vacina\u00e7\u00e3o para a faixa et\u00e1ria da qual fazem parte. De acordo com a Prefeitura do Paudalho, mais grupos ser\u00e3o inclu\u00eddos na campanha conforme o encaminhamento de novas doses dos imunizantes pelo Minist\u00e9rio da Sa\u00fade (MS). <\/p>\n\n\n\n<p>Segundo os dados divulgados pela Secretaria Municipal de Sa\u00fade atrav\u00e9s da ferramenta on-line&nbsp;<a rel=\"noreferrer noopener\" href=\"https:\/\/paudalho.basemunicipal.com\/saude\/vacinometro\" target=\"_blank\">Vacin\u00f4metro<\/a>, do in\u00edcio da campanha, em janeiro de 2021, at\u00e9 esta quinta-feira (12), 34.871 doses dos imunizantes j\u00e1 foram aplicadas. Desse total, 27.136 (77.8%) foram da primeira dose,&nbsp;7.204 (20.7%) da segunda e 531 foram de imunizantes em dose \u00fanica.<\/p>\n","protected":false},"excerpt":{"rendered":"<p>A Prefeitura do Paudalho, atrav\u00e9s da Secretaria Municipal de Sa\u00fade, anuncia nesta quinta-feira (12) a abertura da vacina\u00e7\u00e3o contra a covid-19 para pessoas a partir dos 20 anos de idade. O munic\u00edpio da Zona da Mata de Pernambuco avan\u00e7a a cada dia e j\u00e1 soma mais de 34 mil doses dos imunizantes aplicados em seus [&hellip;]<\/p>\n","protected":false},"author":6,"featured_media":17210,"comment_status":"open","ping_status":"open","sticky":false,"template":"","format":"standard","meta":{"_jetpack_newsletter_access":"","_jetpack_dont_email_post_to_subs":false,"_jetpack_newsletter_tier_id":0,"_jetpack_memberships_contains_paywalled_content":false,"_jetpack_memberships_contains_paid_content":false,"footnotes":""},"categories":[732,2,1,3],"tags":[621,22,16,168,738],"class_list":["post-17202","post","type-post","status-publish","format-standard","has-post-thumbnail","hentry","category-covid-19","category-destaque","category-noticias","category-saude","tag-coronavirus","tag-prefeitura-do-paudalho","tag-saude","tag-secretaria-de-saude","tag-vacinacao-contra-a-covid-19"],"jetpack_featured_media_url":"https:\/\/www.paudalho.pe.gov.br\/portal\/wp-content\/uploads\/2021\/08\/WhatsApp-Image-2021-07-21-at-12.07.30.jpeg","jetpack_sharing_enabled":true,"jetpack_shortlink":"https:\/\/wp.me\/p98mS2-4ts","_links":{"self":[{"href":"https:\/\/www.paudalho.pe.gov.br\/portal\/wp-json\/wp\/v2\/posts\/17202","targetHints":{"allow":["GET"]}}],"collection":[{"href":"https:\/\/www.paudalho.pe.gov.br\/portal\/wp-json\/wp\/v2\/posts"}],"about":[{"href":"https:\/\/www.paudalho.pe.gov.br\/portal\/wp-json\/wp\/v2\/types\/post"}],"author":[{"embeddable":true,"href":"https:\/\/www.paudalho.pe.gov.br\/portal\/wp-json\/wp\/v2\/users\/6"}],"replies":[{"embeddable":true,"href":"https:\/\/www.paudalho.pe.gov.br\/portal\/wp-json\/wp\/v2\/comments?post=17202"}],"version-history":[{"count":16,"href":"https:\/\/www.paudalho.pe.gov.br\/portal\/wp-json\/wp\/v2\/posts\/17202\/revisions"}],"predecessor-version":[{"id":17220,"href":"https:\/\/www.paudalho.pe.gov.br\/portal\/wp-json\/wp\/v2\/posts\/17202\/revisions\/17220"}],"wp:featuredmedia":[{"embeddable":true,"href":"https:\/\/www.paudalho.pe.gov.br\/portal\/wp-json\/wp\/v2\/media\/17210"}],"wp:attachment":[{"href":"https:\/\/www.paudalho.pe.gov.br\/portal\/wp-json\/wp\/v2\/media?parent=17202"}],"wp:term":[{"taxonomy":"category","embeddable":true,"href":"https:\/\/www.paudalho.pe.gov.br\/portal\/wp-json\/wp\/v2\/categories?post=17202"},{"taxonomy":"post_tag","embeddable":true,"href":"https:\/\/www.paudalho.pe.gov.br\/portal\/wp-json\/wp\/v2\/tags?post=17202"}],"curies":[{"name":"wp","href":"https:\/\/api.w.org\/{rel}","templated":true}]}}