{"id":1717,"date":"2017-10-25T12:37:30","date_gmt":"2017-10-25T15:37:30","guid":{"rendered":"http:\/\/www.paudalho.pe.gov.br\/portal\/?p=1717"},"modified":"2017-10-25T22:45:04","modified_gmt":"2017-10-26T01:45:04","slug":"prefeitura-avanca-e-investe-mais-do-que-o-previsto-por-lei-na-saude","status":"publish","type":"post","link":"https:\/\/www.paudalho.pe.gov.br\/portal\/prefeitura-avanca-e-investe-mais-do-que-o-previsto-por-lei-na-saude\/","title":{"rendered":"Prefeitura avan\u00e7a e investe mais do que o previsto por lei na Sa\u00fade"},"content":{"rendered":"<p>Mostrando compromisso com a popula\u00e7\u00e3o, a Prefeitura do Paudalho realizou na \u00faltima segunda-feira (23), uma Audi\u00eancia P\u00fablica de demonstra\u00e7\u00e3o e avalia\u00e7\u00e3o do cumprimento das metas fiscais do segundo quadrimestre deste ano do poder Executivo da cidade. A reuni\u00e3o participativa ocorreu no audit\u00f3rio da C\u00e2mara Municipal do Paudalho com a presen\u00e7a de vereadores, autoridades e os cidad\u00e3os.<\/p>\n<div id=\"attachment_1722\" style=\"width: 310px\" class=\"wp-caption alignnone\"><img loading=\"lazy\" decoding=\"async\" aria-describedby=\"caption-attachment-1722\" data-attachment-id=\"1722\" data-permalink=\"https:\/\/www.paudalho.pe.gov.br\/portal\/prefeitura-avanca-e-investe-mais-do-que-o-previsto-por-lei-na-saude\/a456609c-7337-4a0a-84fb-71cc4bf7a7b7\/\" data-orig-file=\"https:\/\/www.paudalho.pe.gov.br\/portal\/wp-content\/uploads\/2017\/10\/a456609c-7337-4a0a-84fb-71cc4bf7a7b7.jpg\" data-orig-size=\"1280,720\" data-comments-opened=\"1\" data-image-meta=\"{&quot;aperture&quot;:&quot;0&quot;,&quot;credit&quot;:&quot;&quot;,&quot;camera&quot;:&quot;&quot;,&quot;caption&quot;:&quot;&quot;,&quot;created_timestamp&quot;:&quot;0&quot;,&quot;copyright&quot;:&quot;&quot;,&quot;focal_length&quot;:&quot;0&quot;,&quot;iso&quot;:&quot;0&quot;,&quot;shutter_speed&quot;:&quot;0&quot;,&quot;title&quot;:&quot;&quot;,&quot;orientation&quot;:&quot;0&quot;}\" data-image-title=\"a456609c-7337-4a0a-84fb-71cc4bf7a7b7\" data-image-description=\"\" data-image-caption=\"&lt;p&gt;Foto: Kirlly Lima\/Comunica\u00e7\u00e3oPrefeituradoPaudalho&lt;\/p&gt;\n\" data-medium-file=\"https:\/\/www.paudalho.pe.gov.br\/portal\/wp-content\/uploads\/2017\/10\/a456609c-7337-4a0a-84fb-71cc4bf7a7b7-350x230.jpg\" data-large-file=\"https:\/\/www.paudalho.pe.gov.br\/portal\/wp-content\/uploads\/2017\/10\/a456609c-7337-4a0a-84fb-71cc4bf7a7b7-800x450.jpg\" class=\"size-medium wp-image-1722\" src=\"http:\/\/www.paudalho.pe.gov.br\/portal\/wp-content\/uploads\/2017\/10\/a456609c-7337-4a0a-84fb-71cc4bf7a7b7-350x230.jpg\" alt=\"\" width=\"300\" height=\"197\" \/><p id=\"caption-attachment-1722\" class=\"wp-caption-text\">Foto: Kirlly Lima\/Comunica\u00e7\u00e3oPrefeituradoPaudalho<\/p><\/div>\n<div id=\"attachment_1723\" style=\"width: 310px\" class=\"wp-caption alignnone\"><img loading=\"lazy\" decoding=\"async\" aria-describedby=\"caption-attachment-1723\" data-attachment-id=\"1723\" data-permalink=\"https:\/\/www.paudalho.pe.gov.br\/portal\/prefeitura-avanca-e-investe-mais-do-que-o-previsto-por-lei-na-saude\/b34928d3-b05d-4ac4-a571-a1ab944c4085\/\" data-orig-file=\"https:\/\/www.paudalho.pe.gov.br\/portal\/wp-content\/uploads\/2017\/10\/b34928d3-b05d-4ac4-a571-a1ab944c4085.jpg\" data-orig-size=\"1280,720\" data-comments-opened=\"1\" data-image-meta=\"{&quot;aperture&quot;:&quot;0&quot;,&quot;credit&quot;:&quot;&quot;,&quot;camera&quot;:&quot;&quot;,&quot;caption&quot;:&quot;&quot;,&quot;created_timestamp&quot;:&quot;0&quot;,&quot;copyright&quot;:&quot;&quot;,&quot;focal_length&quot;:&quot;0&quot;,&quot;iso&quot;:&quot;0&quot;,&quot;shutter_speed&quot;:&quot;0&quot;,&quot;title&quot;:&quot;&quot;,&quot;orientation&quot;:&quot;0&quot;}\" data-image-title=\"b34928d3-b05d-4ac4-a571-a1ab944c4085\" data-image-description=\"\" data-image-caption=\"&lt;p&gt;Foto: Kirlly Lima\/Comunica\u00e7\u00e3oPrefeituradoPaudalho&lt;\/p&gt;\n\" data-medium-file=\"https:\/\/www.paudalho.pe.gov.br\/portal\/wp-content\/uploads\/2017\/10\/b34928d3-b05d-4ac4-a571-a1ab944c4085-350x230.jpg\" data-large-file=\"https:\/\/www.paudalho.pe.gov.br\/portal\/wp-content\/uploads\/2017\/10\/b34928d3-b05d-4ac4-a571-a1ab944c4085-800x450.jpg\" class=\"size-medium wp-image-1723\" src=\"http:\/\/www.paudalho.pe.gov.br\/portal\/wp-content\/uploads\/2017\/10\/b34928d3-b05d-4ac4-a571-a1ab944c4085-350x230.jpg\" alt=\"\" width=\"300\" height=\"197\" \/><p id=\"caption-attachment-1723\" class=\"wp-caption-text\">Foto: Kirlly Lima\/Comunica\u00e7\u00e3oPrefeituradoPaudalho<\/p><\/div>\n<p>O evento s\u00f3 refor\u00e7ou que a popula\u00e7\u00e3o tem vez e voz. A apresenta\u00e7\u00e3o dos resultados foi feita pelo contador do Munic\u00edpio, Tadeu Sander, que detalhou o momento: \u201cO objetivo da Audi\u00eancia P\u00fablica \u00e9 exatamente fazer uma avalia\u00e7\u00e3o dos comprimentos das metas que o Governo Municipal tem para o exerc\u00edcio de 2017. Em resumo \u00e9 apresentar para quanto o munic\u00edpio poderia gastar e quanto o munic\u00edpio de fato gastou e qual a previs\u00e3o que o munic\u00edpio tinha de arrecadar e quanto de fato ele arrecadou\u201d, esclareceu.<\/p>\n<h2><strong>D\u00edvidas de gest\u00f5es passadas<\/strong><\/h2>\n<p>Ainda de acordo com o contador, a atual gest\u00e3o est\u00e1 arcando com d\u00edvidas de gest\u00f5es passadas. \u201cUm dado importante que vale frisar, \u00e9 que ao longo desses oito meses o munic\u00edpio teve que gastar quase R$ 1,7 milh\u00f5es com pagamento de d\u00edvidas relativas a exerc\u00edcios anteriores que foram deixadas\u201d, comentou.<\/p>\n<p><strong>Ou\u00e7a os detalhes na entrevista:<\/strong><\/p>\n<!--[if lt IE 9]><script>document.createElement('audio');<\/script><![endif]-->\n<audio class=\"wp-audio-shortcode\" id=\"audio-1717-1\" preload=\"none\" style=\"width: 100%;\" controls=\"controls\"><source type=\"audio\/mpeg\" src=\"http:\/\/www.paudalho.pe.gov.br\/portal\/wp-content\/uploads\/2017\/10\/esse.mp3?_=1\" \/><a href=\"http:\/\/www.paudalho.pe.gov.br\/portal\/wp-content\/uploads\/2017\/10\/esse.mp3\">http:\/\/www.paudalho.pe.gov.br\/portal\/wp-content\/uploads\/2017\/10\/esse.mp3<\/a><\/audio>\n<h2>Metas<\/h2>\n<p>Segundo o art. 212 da Constitui\u00e7\u00e3o da Rep\u00fablica Federativa do Brasil, obrigatoriamente os munic\u00edpios precisam investir pelo menos 25% dos seus recursos na Educa\u00e7\u00e3o e 15% na Sa\u00fade. Segundo Tadeu Sander, at\u00e9 o final do ano as metas ser\u00e3o alcan\u00e7adas: \u201cHoje o munic\u00edpio de Paudalho est\u00e1 aplicando aproximadamente 24,85%, pertinho e, com certeza, quando a gente tiver ao longo do segundo quadrimestre com o valor do 13\u00ba sal\u00e1rio e entre outras obriga\u00e7\u00f5es que est\u00e3o sendo previstas, com certeza o munic\u00edpio atingir\u00e1. E no caso da Sa\u00fade, o munic\u00edpio j\u00e1 vem aplicando esse m\u00ednimo de 15%, estamos aplicando cerca de 15,48%\u201d, disse.<\/p>\n<h2><strong>Entende mais sobre o que s\u00e3o metas fiscais<\/strong><\/h2>\n<p>S\u00e3o justamente estes limites de gastos; s\u00e3o formas mais claras para planejamento de receitas e despesas. A Audi\u00eancia P\u00fablica \u00e9 proposta pela\u00a0<a href=\"http:\/\/www.paudalho.pe.gov.br\/portal\/prefeitura-apresenta-metas-fiscais-em-audiencia-publica-nesta-segunda-feira\/\">Lei de Responsabilidade Fiscal<\/a>,, que regula os atos administrativos do gestor da cidade e est\u00e1 no\u00a0art. \u00a0<a href=\"http:\/\/www.jusbrasil.com.br\/topicos\/11249964\/artigo-9-lc-n-101-de-04-de-maio-de-2000\">9\u00ba<\/a>, par\u00e1grafo quarto, confira:<\/p>\n<p>Art. 9\u00ba Se verificado, ao final de um bimestre que a realiza\u00e7\u00e3o da receita poder\u00e1 n\u00e3o comportar o cumprimento das metas de resultado prim\u00e1rio ou nominal estabelecidas no Anexo de Metas Fiscais, os Poderes e o Minist\u00e9rio P\u00fablico promover\u00e3o, por ato pr\u00f3prio e nos montantes necess\u00e1rios, nos trinta dias subsequentes, limita\u00e7\u00e3o de empenho e movimenta\u00e7\u00e3o financeira, segundo os crit\u00e9rios fixados pela lei de diretrizes or\u00e7ament\u00e1rias. \u00a7 4\u00ba At\u00e9 o final dos meses de maio, setembro e fevereiro, o Poder Executivo demonstrar\u00e1 e avaliar\u00e1 o cumprimento das metas fiscais de cada quadrimestre em audi\u00eancia p\u00fablica na comiss\u00e3o referida no\u00a0\u00a7 1\u00a0do art.\u00a0<em><a href=\"http:\/\/www.jusbrasil.com.br\/topicos\/10662925\/artigo-166-da-constitui%C3%A7%C3%A3o-federal-de-1988\">166<\/a><\/em>da\u00a0<em>\u00a0<a href=\"http:\/\/www.jusbrasil.com.br\/legislacao\/155571402\/constitui%C3%A7%C3%A3o-federal-constitui%C3%A7%C3%A3o-da-republica-federativa-do-brasil-1988\">Constitui\u00e7\u00e3o<\/a><\/em>\u00a0ou equivalente nas Casas Legislativas estaduais e municipais.<\/p>\n<h2><strong>O que \u00e9 uma audi\u00eancia p\u00fablica?<\/strong><\/h2>\n<p>\u00c9 um espa\u00e7o democr\u00e1tico, uma reuni\u00e3o p\u00fablica e transparente em que discuss\u00f5es acontecem entre cidad\u00e3os e autoridades do poder p\u00fablico.<\/p>\n","protected":false},"excerpt":{"rendered":"<p>Mostrando compromisso com a popula\u00e7\u00e3o, a Prefeitura do Paudalho realizou na \u00faltima segunda-feira (23), uma Audi\u00eancia P\u00fablica de demonstra\u00e7\u00e3o e avalia\u00e7\u00e3o do cumprimento das metas fiscais do segundo quadrimestre deste ano do poder Executivo da cidade. A reuni\u00e3o participativa ocorreu no audit\u00f3rio da C\u00e2mara Municipal do Paudalho com a presen\u00e7a de vereadores, autoridades e os [&hellip;]<\/p>\n","protected":false},"author":4,"featured_media":1721,"comment_status":"open","ping_status":"open","sticky":false,"template":"","format":"standard","meta":{"_jetpack_newsletter_access":"","_jetpack_dont_email_post_to_subs":false,"_jetpack_newsletter_tier_id":0,"_jetpack_memberships_contains_paywalled_content":false,"_jetpack_memberships_contains_paid_content":false,"footnotes":""},"categories":[43,2,3],"tags":[45,22,16],"class_list":["post-1717","post","type-post","status-publish","format-standard","has-post-thumbnail","hentry","category-audiencia-publica","category-destaque","category-saude","tag-audiencia-publica","tag-prefeitura-do-paudalho","tag-saude"],"jetpack_featured_media_url":"https:\/\/www.paudalho.pe.gov.br\/portal\/wp-content\/uploads\/2017\/10\/b4673529-fbf3-4efa-9384-0cbd4c41ba79.jpg","jetpack_sharing_enabled":true,"jetpack_shortlink":"https:\/\/wp.me\/p98mS2-rH","_links":{"self":[{"href":"https:\/\/www.paudalho.pe.gov.br\/portal\/wp-json\/wp\/v2\/posts\/1717","targetHints":{"allow":["GET"]}}],"collection":[{"href":"https:\/\/www.paudalho.pe.gov.br\/portal\/wp-json\/wp\/v2\/posts"}],"about":[{"href":"https:\/\/www.paudalho.pe.gov.br\/portal\/wp-json\/wp\/v2\/types\/post"}],"author":[{"embeddable":true,"href":"https:\/\/www.paudalho.pe.gov.br\/portal\/wp-json\/wp\/v2\/users\/4"}],"replies":[{"embeddable":true,"href":"https:\/\/www.paudalho.pe.gov.br\/portal\/wp-json\/wp\/v2\/comments?post=1717"}],"version-history":[{"count":9,"href":"https:\/\/www.paudalho.pe.gov.br\/portal\/wp-json\/wp\/v2\/posts\/1717\/revisions"}],"predecessor-version":[{"id":1729,"href":"https:\/\/www.paudalho.pe.gov.br\/portal\/wp-json\/wp\/v2\/posts\/1717\/revisions\/1729"}],"wp:featuredmedia":[{"embeddable":true,"href":"https:\/\/www.paudalho.pe.gov.br\/portal\/wp-json\/wp\/v2\/media\/1721"}],"wp:attachment":[{"href":"https:\/\/www.paudalho.pe.gov.br\/portal\/wp-json\/wp\/v2\/media?parent=1717"}],"wp:term":[{"taxonomy":"category","embeddable":true,"href":"https:\/\/www.paudalho.pe.gov.br\/portal\/wp-json\/wp\/v2\/categories?post=1717"},{"taxonomy":"post_tag","embeddable":true,"href":"https:\/\/www.paudalho.pe.gov.br\/portal\/wp-json\/wp\/v2\/tags?post=1717"}],"curies":[{"name":"wp","href":"https:\/\/api.w.org\/{rel}","templated":true}]}}