{"id":17108,"date":"2021-08-11T13:54:21","date_gmt":"2021-08-11T16:54:21","guid":{"rendered":"https:\/\/www.paudalho.pe.gov.br\/portal\/?p=17108"},"modified":"2025-01-08T00:39:29","modified_gmt":"2025-01-08T03:39:29","slug":"ponto-itinerante-de-vacinacao-contra-a-covid-19-sera-montado-hoje-11-na-comunidade-de-guadalajara","status":"publish","type":"post","link":"https:\/\/www.paudalho.pe.gov.br\/portal\/ponto-itinerante-de-vacinacao-contra-a-covid-19-sera-montado-hoje-11-na-comunidade-de-guadalajara\/","title":{"rendered":"Ponto itinerante de vacina\u00e7\u00e3o contra a covid-19 ser\u00e1 montado hoje (11) na comunidade de Guadalajara"},"content":{"rendered":"\n<p>A Prefeitura do Paudalho, por meio da Secretaria Municipal de Sa\u00fade, montar\u00e1 hoje (11) um ponto de vacina\u00e7\u00e3o itinerante contra a covid-19 na comunidade de Guadalajara. O atendimento ser\u00e1 realizado das 16h \u00e0s 19h, na Unidade B\u00e1sica de Sa\u00fade de Guadalajara, pr\u00f3xima ao Campo do Piab\u00e3o. As doses ser\u00e3o aplicadas em mun\u00edcipes a partir dos 25 anos de idade que j\u00e1 tenham realizado o pr\u00e9-cadastro dispon\u00edvel no site da Prefeitura. <\/p>\n\n\n\n<p><a rel=\"noreferrer noopener\" href=\"https:\/\/paudalho.basemunicipal.com\/saude\/covid\/vacinacao\/pre-cadastro\" target=\"_blank\"><strong>&gt;&gt;&gt; REALIZE O SEU PR\u00c9-CADASTRO PARA A VACINA\u00c7\u00c3O CONTRA A COVID-19 AQUI!<\/strong><\/a><\/p>\n\n\n\n<p>No ato da imuniza\u00e7\u00e3o ser\u00e1 necess\u00e1rio apresentar um documento com foto, CPF e um comprovante de resid\u00eancia. J\u00e1 os cidad\u00e3os que precisam tomar a segunda dose do imunizante devem estar com a carteira de vacina\u00e7\u00e3o e um documento de identifica\u00e7\u00e3o com foto em m\u00e3os durante o momento.&nbsp;<\/p>\n\n\n\n<p>De acordo com dados divulgados pela Secretaria Municipal de Sa\u00fade atrav\u00e9s da ferramenta on-line&nbsp;<a rel=\"noreferrer noopener\" href=\"https:\/\/paudalho.basemunicipal.com\/saude\/vacinometro\" target=\"_blank\"><strong>Vacin\u00f4metro<\/strong><\/a>, do in\u00edcio da campanha, em janeiro de 2021, at\u00e9 a tarde desta quarta-feira (11), 34.484 doses dos imunizantes foram aplicadas na popula\u00e7\u00e3o. Desse total, 26.834 (77.8%) foram da primeira dose, 7.126 (20.7%) da segunda e 524 unidades foram de vacinas em dose \u00fanica. <\/p>\n","protected":false},"excerpt":{"rendered":"<p>A Prefeitura do Paudalho, por meio da Secretaria Municipal de Sa\u00fade, montar\u00e1 hoje (11) um ponto de vacina\u00e7\u00e3o itinerante contra a covid-19 na comunidade de Guadalajara. O atendimento ser\u00e1 realizado das 16h \u00e0s 19h, na Unidade B\u00e1sica de Sa\u00fade de Guadalajara, pr\u00f3xima ao Campo do Piab\u00e3o. As doses ser\u00e3o aplicadas em mun\u00edcipes a partir dos [&hellip;]<\/p>\n","protected":false},"author":6,"featured_media":15677,"comment_status":"open","ping_status":"open","sticky":false,"template":"","format":"standard","meta":{"_jetpack_newsletter_access":"","_jetpack_dont_email_post_to_subs":false,"_jetpack_newsletter_tier_id":0,"_jetpack_memberships_contains_paywalled_content":false,"_jetpack_memberships_contains_paid_content":false,"footnotes":""},"categories":[732,2,1,3],"tags":[777,22,16,738],"class_list":["post-17108","post","type-post","status-publish","format-standard","has-post-thumbnail","hentry","category-covid-19","category-destaque","category-noticias","category-saude","tag-ponto-itinerante","tag-prefeitura-do-paudalho","tag-saude","tag-vacinacao-contra-a-covid-19"],"jetpack_featured_media_url":"https:\/\/www.paudalho.pe.gov.br\/portal\/wp-content\/uploads\/2021\/06\/WhatsApp-Image-2021-06-11-at-16.14.37.jpeg","jetpack_sharing_enabled":true,"jetpack_shortlink":"https:\/\/wp.me\/p98mS2-4rW","_links":{"self":[{"href":"https:\/\/www.paudalho.pe.gov.br\/portal\/wp-json\/wp\/v2\/posts\/17108","targetHints":{"allow":["GET"]}}],"collection":[{"href":"https:\/\/www.paudalho.pe.gov.br\/portal\/wp-json\/wp\/v2\/posts"}],"about":[{"href":"https:\/\/www.paudalho.pe.gov.br\/portal\/wp-json\/wp\/v2\/types\/post"}],"author":[{"embeddable":true,"href":"https:\/\/www.paudalho.pe.gov.br\/portal\/wp-json\/wp\/v2\/users\/6"}],"replies":[{"embeddable":true,"href":"https:\/\/www.paudalho.pe.gov.br\/portal\/wp-json\/wp\/v2\/comments?post=17108"}],"version-history":[{"count":10,"href":"https:\/\/www.paudalho.pe.gov.br\/portal\/wp-json\/wp\/v2\/posts\/17108\/revisions"}],"predecessor-version":[{"id":17150,"href":"https:\/\/www.paudalho.pe.gov.br\/portal\/wp-json\/wp\/v2\/posts\/17108\/revisions\/17150"}],"wp:featuredmedia":[{"embeddable":true,"href":"https:\/\/www.paudalho.pe.gov.br\/portal\/wp-json\/wp\/v2\/media\/15677"}],"wp:attachment":[{"href":"https:\/\/www.paudalho.pe.gov.br\/portal\/wp-json\/wp\/v2\/media?parent=17108"}],"wp:term":[{"taxonomy":"category","embeddable":true,"href":"https:\/\/www.paudalho.pe.gov.br\/portal\/wp-json\/wp\/v2\/categories?post=17108"},{"taxonomy":"post_tag","embeddable":true,"href":"https:\/\/www.paudalho.pe.gov.br\/portal\/wp-json\/wp\/v2\/tags?post=17108"}],"curies":[{"name":"wp","href":"https:\/\/api.w.org\/{rel}","templated":true}]}}