{"id":17043,"date":"2021-08-06T15:16:29","date_gmt":"2021-08-06T18:16:29","guid":{"rendered":"https:\/\/www.paudalho.pe.gov.br\/portal\/?p=17043"},"modified":"2025-01-08T00:39:29","modified_gmt":"2025-01-08T03:39:29","slug":"paudalho-comecara-a-aplicar-a-1a-dose-da-vacina-contra-a-covid-19-em-pessoas-a-partir-dos-22-anos","status":"publish","type":"post","link":"https:\/\/www.paudalho.pe.gov.br\/portal\/paudalho-comecara-a-aplicar-a-1a-dose-da-vacina-contra-a-covid-19-em-pessoas-a-partir-dos-22-anos\/","title":{"rendered":"Paudalho come\u00e7ar\u00e1 a aplicar a 1\u00aa dose da vacina contra a covid-19 em pessoas a partir dos 22 anos"},"content":{"rendered":"\n<p>A Prefeitura do Paudalho, por meio da Secretaria Municipal de Sa\u00fade, iniciar\u00e1 neste s\u00e1bado (7) a vacina\u00e7\u00e3o contra a covid-19 de pessoas a partir dos 22 anos de idade. A aplica\u00e7\u00e3o da 1\u00aa dose da vacina para esse p\u00fablico foi anunciada na tarde desta sexta-feira (6) e come\u00e7ar\u00e1 a ser realizada a partir das 8h de amanh\u00e3, no ponto de imuniza\u00e7\u00e3o drive-thru localizado no centro da cidade. <\/p>\n\n\n\n<p>Para ter acesso ao imunizante, os moradores de Paudalho devem realizar o pr\u00e9-cadastro dispon\u00edvel no site da Prefeitura. O cadastramento \u00e9 um passo inicial e obrigat\u00f3rio para o controle e acompanhamento da vacina\u00e7\u00e3o na cidade. Ap\u00f3s a realiza\u00e7\u00e3o dessa primeira etapa, basta se dirigir a parada localizada em frente a Pra\u00e7a Pedro Coutinho, Centro.<\/p>\n\n\n\n<p><a rel=\"noreferrer noopener\" href=\"https:\/\/paudalho.basemunicipal.com\/saude\/covid\/vacinacao\/pre-cadastro\" target=\"_blank\"><strong>>>> REALIZE O SEU PR\u00c9-CADASTRO AQUI<\/strong><\/a><\/p>\n\n\n\n<figure class=\"wp-block-gallery columns-1 is-cropped wp-block-gallery-1 is-layout-flex wp-block-gallery-is-layout-flex\"><ul class=\"blocks-gallery-grid\"><li class=\"blocks-gallery-item\"><figure><img loading=\"lazy\" decoding=\"async\" width=\"800\" height=\"450\" data-attachment-id=\"17056\" data-permalink=\"https:\/\/www.paudalho.pe.gov.br\/portal\/paudalho-comecara-a-aplicar-a-1a-dose-da-vacina-contra-a-covid-19-em-pessoas-a-partir-dos-22-anos\/vacinacao-contra-a-covid-19-a-partir-dos-22-anos-em-paudalho-pe\/\" data-orig-file=\"https:\/\/www.paudalho.pe.gov.br\/portal\/wp-content\/uploads\/2021\/08\/Vacinacao-contra-a-covid-19-a-partir-dos-22-anos-em-Paudalho-PE.-scaled.jpg\" data-orig-size=\"2560,1707\" data-comments-opened=\"1\" data-image-meta=\"{&quot;aperture&quot;:&quot;0&quot;,&quot;credit&quot;:&quot;&quot;,&quot;camera&quot;:&quot;&quot;,&quot;caption&quot;:&quot;&quot;,&quot;created_timestamp&quot;:&quot;0&quot;,&quot;copyright&quot;:&quot;CHARLES JOHNSON 81 986016133&quot;,&quot;focal_length&quot;:&quot;0&quot;,&quot;iso&quot;:&quot;0&quot;,&quot;shutter_speed&quot;:&quot;0&quot;,&quot;title&quot;:&quot;&quot;,&quot;orientation&quot;:&quot;0&quot;}\" data-image-title=\"Vacina\u00e7\u00e3o contra a covid-19 a partir dos 22 anos em Paudalho-PE.\" data-image-description=\"\" data-image-caption=\"\" data-medium-file=\"https:\/\/www.paudalho.pe.gov.br\/portal\/wp-content\/uploads\/2021\/08\/Vacinacao-contra-a-covid-19-a-partir-dos-22-anos-em-Paudalho-PE.-350x230.jpg\" data-large-file=\"https:\/\/www.paudalho.pe.gov.br\/portal\/wp-content\/uploads\/2021\/08\/Vacinacao-contra-a-covid-19-a-partir-dos-22-anos-em-Paudalho-PE.-800x450.jpg\" src=\"https:\/\/www.paudalho.pe.gov.br\/portal\/wp-content\/uploads\/2021\/08\/Vacinacao-contra-a-covid-19-a-partir-dos-22-anos-em-Paudalho-PE.-800x450.jpg\" alt=\"\" data-id=\"17056\" data-full-url=\"https:\/\/www.paudalho.pe.gov.br\/portal\/wp-content\/uploads\/2021\/08\/Vacinacao-contra-a-covid-19-a-partir-dos-22-anos-em-Paudalho-PE.-scaled.jpg\" data-link=\"https:\/\/www.paudalho.pe.gov.br\/portal\/?attachment_id=17056\" class=\"wp-image-17056\"\/><\/figure><\/li><\/ul><\/figure>\n\n\n\n<p>O atendimento no local est\u00e1 dispon\u00edvel de segunda a sexta, das 8h \u00e0s 16h, com exce\u00e7\u00e3o para as ter\u00e7as e quintas, dias em que o hor\u00e1rio de funcionamento \u00e9 estendido at\u00e9 \u00e0s 20h. No dia da vacina\u00e7\u00e3o, o mun\u00edcipe dever\u00e1 apresentar um documento de identifica\u00e7\u00e3o com foto, o CPF e um comprovante de resid\u00eancia.<\/p>\n\n\n\n<p>Atualmente, cidad\u00e3os a partir dos 18 anos j\u00e1 podem realizar o pr\u00e9-cadastro on-line e aguardar a data de abertura da vacina\u00e7\u00e3o para a faixa et\u00e1ria da qual fazem parte. De acordo com a Prefeitura do Paudalho, mais grupos ser\u00e3o inclu\u00eddos na campanha conforme a chegada de novas entregas de doses dos imunizantes atrav\u00e9s do Minist\u00e9rio da Sa\u00fade.<\/p>\n\n\n\n<p>De acordo com dados divulgados pela Secretaria Municipal de Sa\u00fade atrav\u00e9s da ferramenta on-line\u00a0<a rel=\"noreferrer noopener\" href=\"https:\/\/paudalho.basemunicipal.com\/saude\/vacinometro\" target=\"_blank\">Vacin\u00f4metro<\/a>, do in\u00edcio da campanha, em janeiro de 2021, at\u00e9 esta sexta-feira (2), 32.655 doses dos imunizantes j\u00e1 foram aplicadas. Desse total, 25.438 (77.9%) foram da primeira dose,\u00a0 6.693 (20.5%) da segunda e 524 (1,6%) foram de imunizantes em dose \u00fanica.<\/p>\n\n\n\n<p><\/p>\n\n\n\n<p><\/p>\n","protected":false},"excerpt":{"rendered":"<p>A Prefeitura do Paudalho, por meio da Secretaria Municipal de Sa\u00fade, iniciar\u00e1 neste s\u00e1bado (7) a vacina\u00e7\u00e3o contra a covid-19 de pessoas a partir dos 22 anos de idade. A aplica\u00e7\u00e3o da 1\u00aa dose da vacina para esse p\u00fablico foi anunciada na tarde desta sexta-feira (6) e come\u00e7ar\u00e1 a ser realizada a partir das 8h [&hellip;]<\/p>\n","protected":false},"author":6,"featured_media":17057,"comment_status":"open","ping_status":"open","sticky":false,"template":"","format":"standard","meta":{"_jetpack_newsletter_access":"","_jetpack_dont_email_post_to_subs":false,"_jetpack_newsletter_tier_id":0,"_jetpack_memberships_contains_paywalled_content":false,"_jetpack_memberships_contains_paid_content":false,"footnotes":""},"categories":[732,2,1,3],"tags":[22,710,738],"class_list":["post-17043","post","type-post","status-publish","format-standard","has-post-thumbnail","hentry","category-covid-19","category-destaque","category-noticias","category-saude","tag-prefeitura-do-paudalho","tag-secretaria-municipal-de-saude","tag-vacinacao-contra-a-covid-19"],"jetpack_featured_media_url":"https:\/\/www.paudalho.pe.gov.br\/portal\/wp-content\/uploads\/2021\/08\/WhatsApp-Image-2021-08-06-at-15.05.42.jpeg","jetpack_sharing_enabled":true,"jetpack_shortlink":"https:\/\/wp.me\/p98mS2-4qT","_links":{"self":[{"href":"https:\/\/www.paudalho.pe.gov.br\/portal\/wp-json\/wp\/v2\/posts\/17043","targetHints":{"allow":["GET"]}}],"collection":[{"href":"https:\/\/www.paudalho.pe.gov.br\/portal\/wp-json\/wp\/v2\/posts"}],"about":[{"href":"https:\/\/www.paudalho.pe.gov.br\/portal\/wp-json\/wp\/v2\/types\/post"}],"author":[{"embeddable":true,"href":"https:\/\/www.paudalho.pe.gov.br\/portal\/wp-json\/wp\/v2\/users\/6"}],"replies":[{"embeddable":true,"href":"https:\/\/www.paudalho.pe.gov.br\/portal\/wp-json\/wp\/v2\/comments?post=17043"}],"version-history":[{"count":14,"href":"https:\/\/www.paudalho.pe.gov.br\/portal\/wp-json\/wp\/v2\/posts\/17043\/revisions"}],"predecessor-version":[{"id":17059,"href":"https:\/\/www.paudalho.pe.gov.br\/portal\/wp-json\/wp\/v2\/posts\/17043\/revisions\/17059"}],"wp:featuredmedia":[{"embeddable":true,"href":"https:\/\/www.paudalho.pe.gov.br\/portal\/wp-json\/wp\/v2\/media\/17057"}],"wp:attachment":[{"href":"https:\/\/www.paudalho.pe.gov.br\/portal\/wp-json\/wp\/v2\/media?parent=17043"}],"wp:term":[{"taxonomy":"category","embeddable":true,"href":"https:\/\/www.paudalho.pe.gov.br\/portal\/wp-json\/wp\/v2\/categories?post=17043"},{"taxonomy":"post_tag","embeddable":true,"href":"https:\/\/www.paudalho.pe.gov.br\/portal\/wp-json\/wp\/v2\/tags?post=17043"}],"curies":[{"name":"wp","href":"https:\/\/api.w.org\/{rel}","templated":true}]}}