{"id":1698,"date":"2017-10-25T11:16:32","date_gmt":"2017-10-25T14:16:32","guid":{"rendered":"http:\/\/www.paudalho.pe.gov.br\/portal\/?p=1698"},"modified":"2017-10-25T22:37:12","modified_gmt":"2017-10-26T01:37:12","slug":"equipe-de-saude-bucal-realiza-acao-no-colegio-municipal-de-cha-de-capoeira","status":"publish","type":"post","link":"https:\/\/www.paudalho.pe.gov.br\/portal\/equipe-de-saude-bucal-realiza-acao-no-colegio-municipal-de-cha-de-capoeira\/","title":{"rendered":"Equipe de Sa\u00fade Bucal realiza a\u00e7\u00e3o no Col\u00e9gio Municipal de Ch\u00e3 de Capoeira"},"content":{"rendered":"<p>A Prefeitura do Paudalho segue avan\u00e7ando no cuidado com a sa\u00fade da popula\u00e7\u00e3o. Nesta ter\u00e7a-feira (25) a equipe de Sa\u00fade Bucal do Munic\u00edpio realizou uma a\u00e7\u00e3o no Col\u00e9gio Municipal de Ch\u00e3 de Capoeira. cerca de 110 kits de escova\u00e7\u00e3o foram entregues aos alunos, que tamb\u00e9m receberam informa\u00e7\u00e3o e muita presta\u00e7\u00e3o de servi\u00e7os. A equipe, coordenada por Pietro Reis, \u00e9 formada pelos dentistas: Diego Viana (Asa Branca), Ericka Paz (Boboc\u00e3o), Jardillany Duarte (Centro) e a auxiliar Jaqueline Durand.<\/p>\n<p>Jaqueline comentou que o objetivo da a\u00e7\u00e3o \u00e9 promover na crian\u00e7a a consci\u00eancia do cuidado com a escova\u00e7\u00e3o: \u201ca ideia desse projeto n\u00e3o \u00e9 simplesmente entregar as escovas e os kits para ele irem para casa. A orienta\u00e7\u00e3o que \u00e9 dada para os professores e para os alunos \u00e9 que o kit ficar\u00e1 na escola para sempre que as crian\u00e7as terminarem os lanches, elas escovarem os dentes\u201d, esclareceu.<\/p>\n<div id=\"attachment_1703\" style=\"width: 310px\" class=\"wp-caption alignnone\"><img loading=\"lazy\" decoding=\"async\" aria-describedby=\"caption-attachment-1703\" data-attachment-id=\"1703\" data-permalink=\"https:\/\/www.paudalho.pe.gov.br\/portal\/equipe-de-saude-bucal-realiza-acao-no-colegio-municipal-de-cha-de-capoeira\/5a0adecb-4ac8-4b79-b144-bfdc150123f0\/\" data-orig-file=\"https:\/\/www.paudalho.pe.gov.br\/portal\/wp-content\/uploads\/2017\/10\/5a0adecb-4ac8-4b79-b144-bfdc150123f0.jpg\" data-orig-size=\"1032,774\" data-comments-opened=\"1\" data-image-meta=\"{&quot;aperture&quot;:&quot;0&quot;,&quot;credit&quot;:&quot;&quot;,&quot;camera&quot;:&quot;&quot;,&quot;caption&quot;:&quot;&quot;,&quot;created_timestamp&quot;:&quot;0&quot;,&quot;copyright&quot;:&quot;&quot;,&quot;focal_length&quot;:&quot;0&quot;,&quot;iso&quot;:&quot;0&quot;,&quot;shutter_speed&quot;:&quot;0&quot;,&quot;title&quot;:&quot;&quot;,&quot;orientation&quot;:&quot;0&quot;}\" data-image-title=\"5a0adecb-4ac8-4b79-b144-bfdc150123f0\" data-image-description=\"\" data-image-caption=\"&lt;p&gt;Foto: Equipe de Sa\u00fade Bucal&lt;\/p&gt;\n\" data-medium-file=\"https:\/\/www.paudalho.pe.gov.br\/portal\/wp-content\/uploads\/2017\/10\/5a0adecb-4ac8-4b79-b144-bfdc150123f0-350x230.jpg\" data-large-file=\"https:\/\/www.paudalho.pe.gov.br\/portal\/wp-content\/uploads\/2017\/10\/5a0adecb-4ac8-4b79-b144-bfdc150123f0-800x450.jpg\" class=\"size-medium wp-image-1703\" src=\"http:\/\/www.paudalho.pe.gov.br\/portal\/wp-content\/uploads\/2017\/10\/5a0adecb-4ac8-4b79-b144-bfdc150123f0-350x230.jpg\" alt=\"\" width=\"300\" height=\"197\" \/><p id=\"caption-attachment-1703\" class=\"wp-caption-text\">Foto: Equipe de Sa\u00fade Bucal<\/p><\/div>\n<div id=\"attachment_1704\" style=\"width: 310px\" class=\"wp-caption alignnone\"><img loading=\"lazy\" decoding=\"async\" aria-describedby=\"caption-attachment-1704\" data-attachment-id=\"1704\" data-permalink=\"https:\/\/www.paudalho.pe.gov.br\/portal\/equipe-de-saude-bucal-realiza-acao-no-colegio-municipal-de-cha-de-capoeira\/80863ded-efcc-4e84-a57d-aba50968ad63\/\" data-orig-file=\"https:\/\/www.paudalho.pe.gov.br\/portal\/wp-content\/uploads\/2017\/10\/80863ded-efcc-4e84-a57d-aba50968ad63.jpg\" data-orig-size=\"1032,774\" data-comments-opened=\"1\" data-image-meta=\"{&quot;aperture&quot;:&quot;0&quot;,&quot;credit&quot;:&quot;&quot;,&quot;camera&quot;:&quot;&quot;,&quot;caption&quot;:&quot;&quot;,&quot;created_timestamp&quot;:&quot;0&quot;,&quot;copyright&quot;:&quot;&quot;,&quot;focal_length&quot;:&quot;0&quot;,&quot;iso&quot;:&quot;0&quot;,&quot;shutter_speed&quot;:&quot;0&quot;,&quot;title&quot;:&quot;&quot;,&quot;orientation&quot;:&quot;0&quot;}\" data-image-title=\"80863ded-efcc-4e84-a57d-aba50968ad63\" data-image-description=\"\" data-image-caption=\"&lt;p&gt;Foto: Equipe de Sa\u00fade Bucal&lt;\/p&gt;\n\" data-medium-file=\"https:\/\/www.paudalho.pe.gov.br\/portal\/wp-content\/uploads\/2017\/10\/80863ded-efcc-4e84-a57d-aba50968ad63-350x230.jpg\" data-large-file=\"https:\/\/www.paudalho.pe.gov.br\/portal\/wp-content\/uploads\/2017\/10\/80863ded-efcc-4e84-a57d-aba50968ad63-800x450.jpg\" class=\"size-medium wp-image-1704\" src=\"http:\/\/www.paudalho.pe.gov.br\/portal\/wp-content\/uploads\/2017\/10\/80863ded-efcc-4e84-a57d-aba50968ad63-350x230.jpg\" alt=\"\" width=\"300\" height=\"197\" \/><p id=\"caption-attachment-1704\" class=\"wp-caption-text\">Foto: Equipe de Sa\u00fade Bucal<\/p><\/div>\n<p><strong>Ou\u00e7a os detalhes na mat\u00e9ria:<\/strong><\/p>\n<!--[if lt IE 9]><script>document.createElement('audio');<\/script><![endif]-->\n<audio class=\"wp-audio-shortcode\" id=\"audio-1698-1\" preload=\"none\" style=\"width: 100%;\" controls=\"controls\"><source type=\"audio\/mpeg\" src=\"http:\/\/www.paudalho.pe.gov.br\/portal\/wp-content\/uploads\/2017\/10\/WhatsApp-Audio-2017-10-25-at-03.55.56-online-audio-converter.com_.mp3?_=1\" \/><a href=\"http:\/\/www.paudalho.pe.gov.br\/portal\/wp-content\/uploads\/2017\/10\/WhatsApp-Audio-2017-10-25-at-03.55.56-online-audio-converter.com_.mp3\">http:\/\/www.paudalho.pe.gov.br\/portal\/wp-content\/uploads\/2017\/10\/WhatsApp-Audio-2017-10-25-at-03.55.56-online-audio-converter.com_.mp3<\/a><\/audio>\n<h2><strong>Escola nota 10<\/strong><\/h2>\n<p>Os profissionais ficaram impressionados sobre o quanto a estrutura da escola estava bem cuidada. Segundo os dentistas, os alunos n\u00e3o tiravam os olhos e no sil\u00eancio recebiam as informa\u00e7\u00f5es.<\/p>\n<h2><strong>Odontolengos<\/strong><\/h2>\n<p>Para levar informa\u00e7\u00e3o de forma did\u00e1tica, os profissionais apresentaram o espet\u00e1culo \u201cZ\u00e9 Escovinha e Marinha Pastinha apresentam seus amiguinhos\u201d em uma montagem com bonecos mamulengos. Segundo Jaqueline Durand, uma das autoras do texto, a previs\u00e3o \u00e9 encenar a pe\u00e7a em todas as escolas do munic\u00edpio. \u201cA gente vai continuar com essa mesma pe\u00e7a, at\u00e9 que a gente consiga fazer as escolas\u2026mas para o ano que vem a gente vai ter novidades\u201d, adiantou.<\/p>\n<div id=\"attachment_1705\" style=\"width: 310px\" class=\"wp-caption alignnone\"><img loading=\"lazy\" decoding=\"async\" aria-describedby=\"caption-attachment-1705\" data-attachment-id=\"1705\" data-permalink=\"https:\/\/www.paudalho.pe.gov.br\/portal\/equipe-de-saude-bucal-realiza-acao-no-colegio-municipal-de-cha-de-capoeira\/d1af6d96-0e8d-4448-a6b5-2791b92205a3\/\" data-orig-file=\"https:\/\/www.paudalho.pe.gov.br\/portal\/wp-content\/uploads\/2017\/10\/d1af6d96-0e8d-4448-a6b5-2791b92205a3.jpg\" data-orig-size=\"721,676\" data-comments-opened=\"1\" data-image-meta=\"{&quot;aperture&quot;:&quot;0&quot;,&quot;credit&quot;:&quot;&quot;,&quot;camera&quot;:&quot;&quot;,&quot;caption&quot;:&quot;&quot;,&quot;created_timestamp&quot;:&quot;0&quot;,&quot;copyright&quot;:&quot;&quot;,&quot;focal_length&quot;:&quot;0&quot;,&quot;iso&quot;:&quot;0&quot;,&quot;shutter_speed&quot;:&quot;0&quot;,&quot;title&quot;:&quot;&quot;,&quot;orientation&quot;:&quot;0&quot;}\" data-image-title=\"d1af6d96-0e8d-4448-a6b5-2791b92205a3\" data-image-description=\"\" data-image-caption=\"&lt;p&gt;Foto: Equipe de Sa\u00fade Bucal&lt;\/p&gt;\n\" data-medium-file=\"https:\/\/www.paudalho.pe.gov.br\/portal\/wp-content\/uploads\/2017\/10\/d1af6d96-0e8d-4448-a6b5-2791b92205a3-350x230.jpg\" data-large-file=\"https:\/\/www.paudalho.pe.gov.br\/portal\/wp-content\/uploads\/2017\/10\/d1af6d96-0e8d-4448-a6b5-2791b92205a3-721x450.jpg\" class=\"size-medium wp-image-1705\" src=\"http:\/\/www.paudalho.pe.gov.br\/portal\/wp-content\/uploads\/2017\/10\/d1af6d96-0e8d-4448-a6b5-2791b92205a3-350x230.jpg\" alt=\"\" width=\"300\" height=\"197\" \/><p id=\"caption-attachment-1705\" class=\"wp-caption-text\">Foto: Equipe de Sa\u00fade Bucal<\/p><\/div>\n<div id=\"attachment_1707\" style=\"width: 310px\" class=\"wp-caption alignnone\"><img loading=\"lazy\" decoding=\"async\" aria-describedby=\"caption-attachment-1707\" data-attachment-id=\"1707\" data-permalink=\"https:\/\/www.paudalho.pe.gov.br\/portal\/equipe-de-saude-bucal-realiza-acao-no-colegio-municipal-de-cha-de-capoeira\/37dcf7cc-50c6-4d19-91a3-d87c1fc047d9\/\" data-orig-file=\"https:\/\/www.paudalho.pe.gov.br\/portal\/wp-content\/uploads\/2017\/10\/37dcf7cc-50c6-4d19-91a3-d87c1fc047d9.jpg\" data-orig-size=\"1032,774\" data-comments-opened=\"1\" data-image-meta=\"{&quot;aperture&quot;:&quot;0&quot;,&quot;credit&quot;:&quot;&quot;,&quot;camera&quot;:&quot;&quot;,&quot;caption&quot;:&quot;&quot;,&quot;created_timestamp&quot;:&quot;0&quot;,&quot;copyright&quot;:&quot;&quot;,&quot;focal_length&quot;:&quot;0&quot;,&quot;iso&quot;:&quot;0&quot;,&quot;shutter_speed&quot;:&quot;0&quot;,&quot;title&quot;:&quot;&quot;,&quot;orientation&quot;:&quot;0&quot;}\" data-image-title=\"37dcf7cc-50c6-4d19-91a3-d87c1fc047d9\" data-image-description=\"\" data-image-caption=\"&lt;p&gt;Foto: Equipe de Sa\u00fade Bucal&lt;\/p&gt;\n\" data-medium-file=\"https:\/\/www.paudalho.pe.gov.br\/portal\/wp-content\/uploads\/2017\/10\/37dcf7cc-50c6-4d19-91a3-d87c1fc047d9-350x230.jpg\" data-large-file=\"https:\/\/www.paudalho.pe.gov.br\/portal\/wp-content\/uploads\/2017\/10\/37dcf7cc-50c6-4d19-91a3-d87c1fc047d9-800x450.jpg\" class=\"size-medium wp-image-1707\" src=\"http:\/\/www.paudalho.pe.gov.br\/portal\/wp-content\/uploads\/2017\/10\/37dcf7cc-50c6-4d19-91a3-d87c1fc047d9-350x230.jpg\" alt=\"\" width=\"300\" height=\"197\" \/><p id=\"caption-attachment-1707\" class=\"wp-caption-text\">Foto: Equipe de Sa\u00fade Bucal]<\/p><\/div>\n<div id=\"attachment_1708\" style=\"width: 310px\" class=\"wp-caption alignnone\"><img loading=\"lazy\" decoding=\"async\" aria-describedby=\"caption-attachment-1708\" data-attachment-id=\"1708\" data-permalink=\"https:\/\/www.paudalho.pe.gov.br\/portal\/equipe-de-saude-bucal-realiza-acao-no-colegio-municipal-de-cha-de-capoeira\/36b62dcf-280d-4c09-a4f5-da8a4e67d97b\/\" data-orig-file=\"https:\/\/www.paudalho.pe.gov.br\/portal\/wp-content\/uploads\/2017\/10\/36b62dcf-280d-4c09-a4f5-da8a4e67d97b.jpg\" data-orig-size=\"617,477\" data-comments-opened=\"1\" data-image-meta=\"{&quot;aperture&quot;:&quot;0&quot;,&quot;credit&quot;:&quot;&quot;,&quot;camera&quot;:&quot;&quot;,&quot;caption&quot;:&quot;&quot;,&quot;created_timestamp&quot;:&quot;0&quot;,&quot;copyright&quot;:&quot;&quot;,&quot;focal_length&quot;:&quot;0&quot;,&quot;iso&quot;:&quot;0&quot;,&quot;shutter_speed&quot;:&quot;0&quot;,&quot;title&quot;:&quot;&quot;,&quot;orientation&quot;:&quot;0&quot;}\" data-image-title=\"36b62dcf-280d-4c09-a4f5-da8a4e67d97b\" data-image-description=\"\" data-image-caption=\"&lt;p&gt;Foto: Equipe de Sa\u00fade Bucal&lt;\/p&gt;\n\" data-medium-file=\"https:\/\/www.paudalho.pe.gov.br\/portal\/wp-content\/uploads\/2017\/10\/36b62dcf-280d-4c09-a4f5-da8a4e67d97b-350x230.jpg\" data-large-file=\"https:\/\/www.paudalho.pe.gov.br\/portal\/wp-content\/uploads\/2017\/10\/36b62dcf-280d-4c09-a4f5-da8a4e67d97b-617x450.jpg\" class=\"size-medium wp-image-1708\" src=\"http:\/\/www.paudalho.pe.gov.br\/portal\/wp-content\/uploads\/2017\/10\/36b62dcf-280d-4c09-a4f5-da8a4e67d97b-350x230.jpg\" alt=\"\" width=\"300\" height=\"197\" \/><p id=\"caption-attachment-1708\" class=\"wp-caption-text\">Foto: Equipe de Sa\u00fade Bucal<\/p><\/div>\n<h2><strong>Dia do Dentista<\/strong><\/h2>\n<p>Comemorado no dia 25 de outubro, a data tem o objetivo de festejar e homenagear os profissionais que s\u00e3o respons\u00e1veis pelos nossos sorrisos. A origem do Dia do Dentista no Brasil foi dada em 1884 atrav\u00e9s do Decreto de Lei n\u00ba 9.311, que criou os primeiros cursos de gradua\u00e7\u00e3o em Odontologia no Brasil, nos estados da Bahia e Rio de Janeiro.<\/p>\n<p><img loading=\"lazy\" decoding=\"async\" data-attachment-id=\"1715\" data-permalink=\"https:\/\/www.paudalho.pe.gov.br\/portal\/equipe-de-saude-bucal-realiza-acao-no-colegio-municipal-de-cha-de-capoeira\/6ea8a82c-c575-4adb-97cc-1b0c44578628\/\" data-orig-file=\"https:\/\/www.paudalho.pe.gov.br\/portal\/wp-content\/uploads\/2017\/10\/6ea8a82c-c575-4adb-97cc-1b0c44578628.jpg\" data-orig-size=\"800,800\" data-comments-opened=\"1\" data-image-meta=\"{&quot;aperture&quot;:&quot;0&quot;,&quot;credit&quot;:&quot;&quot;,&quot;camera&quot;:&quot;&quot;,&quot;caption&quot;:&quot;&quot;,&quot;created_timestamp&quot;:&quot;0&quot;,&quot;copyright&quot;:&quot;&quot;,&quot;focal_length&quot;:&quot;0&quot;,&quot;iso&quot;:&quot;0&quot;,&quot;shutter_speed&quot;:&quot;0&quot;,&quot;title&quot;:&quot;&quot;,&quot;orientation&quot;:&quot;0&quot;}\" data-image-title=\"6ea8a82c-c575-4adb-97cc-1b0c44578628\" data-image-description=\"\" data-image-caption=\"\" data-medium-file=\"https:\/\/www.paudalho.pe.gov.br\/portal\/wp-content\/uploads\/2017\/10\/6ea8a82c-c575-4adb-97cc-1b0c44578628-350x230.jpg\" data-large-file=\"https:\/\/www.paudalho.pe.gov.br\/portal\/wp-content\/uploads\/2017\/10\/6ea8a82c-c575-4adb-97cc-1b0c44578628-800x450.jpg\" class=\"alignnone size-medium wp-image-1715\" src=\"http:\/\/www.paudalho.pe.gov.br\/portal\/wp-content\/uploads\/2017\/10\/6ea8a82c-c575-4adb-97cc-1b0c44578628-350x230.jpg\" alt=\"\" width=\"300\" height=\"197\" \/><\/p>\n","protected":false},"excerpt":{"rendered":"<p>A Prefeitura do Paudalho segue avan\u00e7ando no cuidado com a sa\u00fade da popula\u00e7\u00e3o. Nesta ter\u00e7a-feira (25) a equipe de Sa\u00fade Bucal do Munic\u00edpio realizou uma a\u00e7\u00e3o no Col\u00e9gio Municipal de Ch\u00e3 de Capoeira. cerca de 110 kits de escova\u00e7\u00e3o foram entregues aos alunos, que tamb\u00e9m receberam informa\u00e7\u00e3o e muita presta\u00e7\u00e3o de servi\u00e7os. A equipe, coordenada [&hellip;]<\/p>\n","protected":false},"author":4,"featured_media":1702,"comment_status":"open","ping_status":"open","sticky":false,"template":"","format":"standard","meta":{"_jetpack_newsletter_access":"","_jetpack_dont_email_post_to_subs":false,"_jetpack_newsletter_tier_id":0,"_jetpack_memberships_contains_paywalled_content":false,"_jetpack_memberships_contains_paid_content":false,"footnotes":""},"categories":[2,3],"tags":[22,70,168],"class_list":["post-1698","post","type-post","status-publish","format-standard","has-post-thumbnail","hentry","category-destaque","category-saude","tag-prefeitura-do-paudalho","tag-saude-bucal","tag-secretaria-de-saude"],"jetpack_featured_media_url":"https:\/\/www.paudalho.pe.gov.br\/portal\/wp-content\/uploads\/2017\/10\/9409c24e-f26f-4533-b16b-f017377bbef7.jpg","jetpack_sharing_enabled":true,"jetpack_shortlink":"https:\/\/wp.me\/p98mS2-ro","_links":{"self":[{"href":"https:\/\/www.paudalho.pe.gov.br\/portal\/wp-json\/wp\/v2\/posts\/1698","targetHints":{"allow":["GET"]}}],"collection":[{"href":"https:\/\/www.paudalho.pe.gov.br\/portal\/wp-json\/wp\/v2\/posts"}],"about":[{"href":"https:\/\/www.paudalho.pe.gov.br\/portal\/wp-json\/wp\/v2\/types\/post"}],"author":[{"embeddable":true,"href":"https:\/\/www.paudalho.pe.gov.br\/portal\/wp-json\/wp\/v2\/users\/4"}],"replies":[{"embeddable":true,"href":"https:\/\/www.paudalho.pe.gov.br\/portal\/wp-json\/wp\/v2\/comments?post=1698"}],"version-history":[{"count":9,"href":"https:\/\/www.paudalho.pe.gov.br\/portal\/wp-json\/wp\/v2\/posts\/1698\/revisions"}],"predecessor-version":[{"id":1731,"href":"https:\/\/www.paudalho.pe.gov.br\/portal\/wp-json\/wp\/v2\/posts\/1698\/revisions\/1731"}],"wp:featuredmedia":[{"embeddable":true,"href":"https:\/\/www.paudalho.pe.gov.br\/portal\/wp-json\/wp\/v2\/media\/1702"}],"wp:attachment":[{"href":"https:\/\/www.paudalho.pe.gov.br\/portal\/wp-json\/wp\/v2\/media?parent=1698"}],"wp:term":[{"taxonomy":"category","embeddable":true,"href":"https:\/\/www.paudalho.pe.gov.br\/portal\/wp-json\/wp\/v2\/categories?post=1698"},{"taxonomy":"post_tag","embeddable":true,"href":"https:\/\/www.paudalho.pe.gov.br\/portal\/wp-json\/wp\/v2\/tags?post=1698"}],"curies":[{"name":"wp","href":"https:\/\/api.w.org\/{rel}","templated":true}]}}