{"id":16954,"date":"2021-08-06T13:13:42","date_gmt":"2021-08-06T16:13:42","guid":{"rendered":"https:\/\/www.paudalho.pe.gov.br\/portal\/?p=16954"},"modified":"2025-01-08T00:39:29","modified_gmt":"2025-01-08T03:39:29","slug":"exposicao-artistica-paudalho-linda-flor-da-mata-ficara-aberta-ate-esta-sexta-feira-6","status":"publish","type":"post","link":"https:\/\/www.paudalho.pe.gov.br\/portal\/exposicao-artistica-paudalho-linda-flor-da-mata-ficara-aberta-ate-esta-sexta-feira-6\/","title":{"rendered":"Exposi\u00e7\u00e3o art\u00edstica &#8220;Paudalho Linda Flor da Mata&#8221; ficar\u00e1 aberta at\u00e9 esta sexta-feira (6)"},"content":{"rendered":"\n<p>Segue at\u00e9 a tarde de hoje (6) a exposi\u00e7\u00e3o art\u00edstica coletiva <strong>&#8220;Paudalho Linda Flor da Mata&#8221;<\/strong>. Inaugurada no dia 27 de julho, data em que Paudalho completou 210 anos de emancipa\u00e7\u00e3o pol\u00edtica, a mostra est\u00e1 dispon\u00edvel no Sal\u00e3o Nobre do Pa\u00e7o Municipal, no centro da cidade. O hor\u00e1rio de atendimento ao p\u00fablico do local vai at\u00e9 \u00e0s 16h.<\/p>\n\n\n\n<p>A exposi\u00e7\u00e3o \u00e9 uma iniciativa da Prefeitura do Paudalho que conta com a organiza\u00e7\u00e3o da Secretaria Municipal de Cultura, Turismo, Lazer, Esporte e Juventude. De acordo com a pasta, o objetivo principal dessa a\u00e7\u00e3o \u00e9 valorizar os artistas locais e divulgar a hist\u00f3ria, cultura e arte do munic\u00edpio.<\/p>\n\n\n\n<p>A mostra re\u00fane 30 obras de arte de 10 artistas pl\u00e1sticos paudalhenses. As pinturas abordam tem\u00e1ticas distintas como paisagens cotidianas da cidade, animais, formas abstratas, retratos, entre outras representa\u00e7\u00f5es. Cada pe\u00e7a exprime t\u00e9cnicas e estilos \u00edmpares que s\u00e3o marcas do olhar \u00fanico dos pintores regionais. O acervo inclui quadros com autoria de Ana Gondra, Barth\u00f4 Alexandre, Edson Gomes, Jo\u00e3o Artur, Jo\u00e3o Erani, Jos\u00e9 Carlos Barbosa, Maria do Carmo Di\u00f4go, Nuns, Tereza Ara\u00fajo e Paulo Neves.<\/p>\n\n\n\n<p>Da data de sua inaugura\u00e7\u00e3o at\u00e9 esta sexta-feira, mais de 1000 pessoas prestigiaram a mostra. Entre elas est\u00e1 a representante do Servi\u00e7o Social do Com\u00e9rcio (SESC) Rayssa Soares que contemplou a mostra na \u00faltima quarta-feira (4). &#8220;Eu gostei bastante da exposi\u00e7\u00e3o, recomendo que venham prestigiar e conhecer um pouco do trabalho dos artistas visuais daqui.&#8221;, comentou. <\/p>\n\n\n\n<p><strong>Confira alguns registros da exposi\u00e7\u00e3o &#8220;Paudalho Linda Flor da Mata&#8221; na galeria abaixo:<\/strong><\/p>\n\n\n\n<figure class=\"wp-block-gallery columns-3 is-cropped wp-block-gallery-1 is-layout-flex wp-block-gallery-is-layout-flex\"><ul class=\"blocks-gallery-grid\"><li class=\"blocks-gallery-item\"><figure><img loading=\"lazy\" decoding=\"async\" width=\"800\" height=\"450\" data-attachment-id=\"16958\" data-permalink=\"https:\/\/www.paudalho.pe.gov.br\/portal\/exposicao-artistica-paudalho-linda-flor-da-mata-ficara-aberta-ate-esta-sexta-feira-6\/_h5a4136\/\" data-orig-file=\"https:\/\/www.paudalho.pe.gov.br\/portal\/wp-content\/uploads\/2021\/08\/H5A4136-scaled.jpg\" data-orig-size=\"2560,1707\" data-comments-opened=\"1\" data-image-meta=\"{&quot;aperture&quot;:&quot;3.5&quot;,&quot;credit&quot;:&quot;CHARLES JOHNSON&quot;,&quot;camera&quot;:&quot;Canon EOS 5D Mark IV&quot;,&quot;caption&quot;:&quot;&quot;,&quot;created_timestamp&quot;:&quot;1627373390&quot;,&quot;copyright&quot;:&quot;CHARLES JOHNSON 81 986016133&quot;,&quot;focal_length&quot;:&quot;24&quot;,&quot;iso&quot;:&quot;500&quot;,&quot;shutter_speed&quot;:&quot;0.0125&quot;,&quot;title&quot;:&quot;&quot;,&quot;orientation&quot;:&quot;1&quot;}\" data-image-title=\"_H5A4136\" data-image-description=\"\" data-image-caption=\"&lt;p&gt;Foto: Josu\u00e9 J\u00fanior\/PMP.&lt;\/p&gt;\n\" data-medium-file=\"https:\/\/www.paudalho.pe.gov.br\/portal\/wp-content\/uploads\/2021\/08\/H5A4136-350x230.jpg\" data-large-file=\"https:\/\/www.paudalho.pe.gov.br\/portal\/wp-content\/uploads\/2021\/08\/H5A4136-800x450.jpg\" src=\"https:\/\/www.paudalho.pe.gov.br\/portal\/wp-content\/uploads\/2021\/08\/H5A4136-800x450.jpg\" alt=\"\" data-id=\"16958\" data-full-url=\"https:\/\/www.paudalho.pe.gov.br\/portal\/wp-content\/uploads\/2021\/08\/H5A4136-scaled.jpg\" data-link=\"https:\/\/www.paudalho.pe.gov.br\/portal\/?attachment_id=16958\" class=\"wp-image-16958\"\/><figcaption class=\"blocks-gallery-item__caption\"><em>Foto: Josu\u00e9 J\u00fanior\/PMP.<\/em><\/figcaption><\/figure><\/li><li class=\"blocks-gallery-item\"><figure><img loading=\"lazy\" decoding=\"async\" width=\"800\" height=\"450\" data-attachment-id=\"16959\" data-permalink=\"https:\/\/www.paudalho.pe.gov.br\/portal\/exposicao-artistica-paudalho-linda-flor-da-mata-ficara-aberta-ate-esta-sexta-feira-6\/_h5a4143\/\" data-orig-file=\"https:\/\/www.paudalho.pe.gov.br\/portal\/wp-content\/uploads\/2021\/08\/H5A4143-scaled.jpg\" data-orig-size=\"2560,1707\" data-comments-opened=\"1\" data-image-meta=\"{&quot;aperture&quot;:&quot;5.6&quot;,&quot;credit&quot;:&quot;CHARLES JOHNSON&quot;,&quot;camera&quot;:&quot;Canon EOS 5D Mark IV&quot;,&quot;caption&quot;:&quot;&quot;,&quot;created_timestamp&quot;:&quot;1627373515&quot;,&quot;copyright&quot;:&quot;CHARLES JOHNSON 81 986016133&quot;,&quot;focal_length&quot;:&quot;67&quot;,&quot;iso&quot;:&quot;500&quot;,&quot;shutter_speed&quot;:&quot;0.033333333333333&quot;,&quot;title&quot;:&quot;&quot;,&quot;orientation&quot;:&quot;1&quot;}\" data-image-title=\"_H5A4143\" data-image-description=\"\" data-image-caption=\"&lt;p&gt;Foto: Josu\u00e9 J\u00fanior\/PMP.&lt;\/p&gt;\n\" data-medium-file=\"https:\/\/www.paudalho.pe.gov.br\/portal\/wp-content\/uploads\/2021\/08\/H5A4143-350x230.jpg\" data-large-file=\"https:\/\/www.paudalho.pe.gov.br\/portal\/wp-content\/uploads\/2021\/08\/H5A4143-800x450.jpg\" src=\"https:\/\/www.paudalho.pe.gov.br\/portal\/wp-content\/uploads\/2021\/08\/H5A4143-800x450.jpg\" alt=\"\" data-id=\"16959\" data-full-url=\"https:\/\/www.paudalho.pe.gov.br\/portal\/wp-content\/uploads\/2021\/08\/H5A4143-scaled.jpg\" data-link=\"https:\/\/www.paudalho.pe.gov.br\/portal\/?attachment_id=16959\" class=\"wp-image-16959\"\/><figcaption class=\"blocks-gallery-item__caption\"><em>Foto: Josu\u00e9 J\u00fanior\/PMP.<\/em><\/figcaption><\/figure><\/li><li class=\"blocks-gallery-item\"><figure><img loading=\"lazy\" decoding=\"async\" width=\"800\" height=\"450\" data-attachment-id=\"16960\" data-permalink=\"https:\/\/www.paudalho.pe.gov.br\/portal\/exposicao-artistica-paudalho-linda-flor-da-mata-ficara-aberta-ate-esta-sexta-feira-6\/_h5a4142\/\" data-orig-file=\"https:\/\/www.paudalho.pe.gov.br\/portal\/wp-content\/uploads\/2021\/08\/H5A4142-scaled.jpg\" data-orig-size=\"2560,1707\" data-comments-opened=\"1\" data-image-meta=\"{&quot;aperture&quot;:&quot;3.5&quot;,&quot;credit&quot;:&quot;CHARLES JOHNSON&quot;,&quot;camera&quot;:&quot;Canon EOS 5D Mark IV&quot;,&quot;caption&quot;:&quot;&quot;,&quot;created_timestamp&quot;:&quot;1627373488&quot;,&quot;copyright&quot;:&quot;CHARLES JOHNSON 81 986016133&quot;,&quot;focal_length&quot;:&quot;24&quot;,&quot;iso&quot;:&quot;500&quot;,&quot;shutter_speed&quot;:&quot;0.02&quot;,&quot;title&quot;:&quot;&quot;,&quot;orientation&quot;:&quot;1&quot;}\" data-image-title=\"_H5A4142\" data-image-description=\"\" data-image-caption=\"&lt;p&gt;Foto: Josu\u00e9 J\u00fanior\/PMP.&lt;\/p&gt;\n\" data-medium-file=\"https:\/\/www.paudalho.pe.gov.br\/portal\/wp-content\/uploads\/2021\/08\/H5A4142-350x230.jpg\" data-large-file=\"https:\/\/www.paudalho.pe.gov.br\/portal\/wp-content\/uploads\/2021\/08\/H5A4142-800x450.jpg\" src=\"https:\/\/www.paudalho.pe.gov.br\/portal\/wp-content\/uploads\/2021\/08\/H5A4142-800x450.jpg\" alt=\"\" data-id=\"16960\" data-full-url=\"https:\/\/www.paudalho.pe.gov.br\/portal\/wp-content\/uploads\/2021\/08\/H5A4142-scaled.jpg\" data-link=\"https:\/\/www.paudalho.pe.gov.br\/portal\/?attachment_id=16960\" class=\"wp-image-16960\"\/><figcaption class=\"blocks-gallery-item__caption\"><em>Foto: Josu\u00e9 J\u00fanior\/PMP.<\/em><\/figcaption><\/figure><\/li><li class=\"blocks-gallery-item\"><figure><img loading=\"lazy\" decoding=\"async\" width=\"800\" height=\"450\" data-attachment-id=\"16961\" data-permalink=\"https:\/\/www.paudalho.pe.gov.br\/portal\/exposicao-artistica-paudalho-linda-flor-da-mata-ficara-aberta-ate-esta-sexta-feira-6\/_h5a4140\/\" data-orig-file=\"https:\/\/www.paudalho.pe.gov.br\/portal\/wp-content\/uploads\/2021\/08\/H5A4140-scaled.jpg\" data-orig-size=\"2560,1707\" data-comments-opened=\"1\" data-image-meta=\"{&quot;aperture&quot;:&quot;4&quot;,&quot;credit&quot;:&quot;CHARLES JOHNSON&quot;,&quot;camera&quot;:&quot;Canon EOS 5D Mark IV&quot;,&quot;caption&quot;:&quot;&quot;,&quot;created_timestamp&quot;:&quot;1627373462&quot;,&quot;copyright&quot;:&quot;CHARLES JOHNSON 81 986016133&quot;,&quot;focal_length&quot;:&quot;35&quot;,&quot;iso&quot;:&quot;500&quot;,&quot;shutter_speed&quot;:&quot;0.016666666666667&quot;,&quot;title&quot;:&quot;&quot;,&quot;orientation&quot;:&quot;1&quot;}\" data-image-title=\"_H5A4140\" data-image-description=\"\" data-image-caption=\"&lt;p&gt;Foto: Josu\u00e9 J\u00fanior\/PMP.&lt;\/p&gt;\n\" data-medium-file=\"https:\/\/www.paudalho.pe.gov.br\/portal\/wp-content\/uploads\/2021\/08\/H5A4140-350x230.jpg\" data-large-file=\"https:\/\/www.paudalho.pe.gov.br\/portal\/wp-content\/uploads\/2021\/08\/H5A4140-800x450.jpg\" src=\"https:\/\/www.paudalho.pe.gov.br\/portal\/wp-content\/uploads\/2021\/08\/H5A4140-800x450.jpg\" alt=\"\" data-id=\"16961\" data-full-url=\"https:\/\/www.paudalho.pe.gov.br\/portal\/wp-content\/uploads\/2021\/08\/H5A4140-scaled.jpg\" data-link=\"https:\/\/www.paudalho.pe.gov.br\/portal\/?attachment_id=16961\" class=\"wp-image-16961\"\/><figcaption class=\"blocks-gallery-item__caption\"><em>Foto: Josu\u00e9 J\u00fanior\/PMP.<\/em><\/figcaption><\/figure><\/li><\/ul><\/figure>\n","protected":false},"excerpt":{"rendered":"<p>Segue at\u00e9 a tarde de hoje (6) a exposi\u00e7\u00e3o art\u00edstica coletiva &#8220;Paudalho Linda Flor da Mata&#8221;. Inaugurada no dia 27 de julho, data em que Paudalho completou 210 anos de emancipa\u00e7\u00e3o pol\u00edtica, a mostra est\u00e1 dispon\u00edvel no Sal\u00e3o Nobre do Pa\u00e7o Municipal, no centro da cidade. O hor\u00e1rio de atendimento ao p\u00fablico do local vai [&hellip;]<\/p>\n","protected":false},"author":6,"featured_media":16957,"comment_status":"open","ping_status":"open","sticky":false,"template":"","format":"standard","meta":{"_jetpack_newsletter_access":"","_jetpack_dont_email_post_to_subs":false,"_jetpack_newsletter_tier_id":0,"_jetpack_memberships_contains_paywalled_content":false,"_jetpack_memberships_contains_paid_content":false,"footnotes":""},"categories":[6,2,1],"tags":[68,773,22],"class_list":["post-16954","post","type-post","status-publish","format-standard","has-post-thumbnail","hentry","category-cultura","category-destaque","category-noticias","tag-cultura","tag-exposicao-artistica","tag-prefeitura-do-paudalho"],"jetpack_featured_media_url":"https:\/\/www.paudalho.pe.gov.br\/portal\/wp-content\/uploads\/2021\/08\/Exposicao-Artistica-nos-210-anos-de-Paudalho-scaled.jpg","jetpack_sharing_enabled":true,"jetpack_shortlink":"https:\/\/wp.me\/p98mS2-4ps","_links":{"self":[{"href":"https:\/\/www.paudalho.pe.gov.br\/portal\/wp-json\/wp\/v2\/posts\/16954","targetHints":{"allow":["GET"]}}],"collection":[{"href":"https:\/\/www.paudalho.pe.gov.br\/portal\/wp-json\/wp\/v2\/posts"}],"about":[{"href":"https:\/\/www.paudalho.pe.gov.br\/portal\/wp-json\/wp\/v2\/types\/post"}],"author":[{"embeddable":true,"href":"https:\/\/www.paudalho.pe.gov.br\/portal\/wp-json\/wp\/v2\/users\/6"}],"replies":[{"embeddable":true,"href":"https:\/\/www.paudalho.pe.gov.br\/portal\/wp-json\/wp\/v2\/comments?post=16954"}],"version-history":[{"count":22,"href":"https:\/\/www.paudalho.pe.gov.br\/portal\/wp-json\/wp\/v2\/posts\/16954\/revisions"}],"predecessor-version":[{"id":17042,"href":"https:\/\/www.paudalho.pe.gov.br\/portal\/wp-json\/wp\/v2\/posts\/16954\/revisions\/17042"}],"wp:featuredmedia":[{"embeddable":true,"href":"https:\/\/www.paudalho.pe.gov.br\/portal\/wp-json\/wp\/v2\/media\/16957"}],"wp:attachment":[{"href":"https:\/\/www.paudalho.pe.gov.br\/portal\/wp-json\/wp\/v2\/media?parent=16954"}],"wp:term":[{"taxonomy":"category","embeddable":true,"href":"https:\/\/www.paudalho.pe.gov.br\/portal\/wp-json\/wp\/v2\/categories?post=16954"},{"taxonomy":"post_tag","embeddable":true,"href":"https:\/\/www.paudalho.pe.gov.br\/portal\/wp-json\/wp\/v2\/tags?post=16954"}],"curies":[{"name":"wp","href":"https:\/\/api.w.org\/{rel}","templated":true}]}}