{"id":16819,"date":"2021-08-02T20:52:47","date_gmt":"2021-08-02T23:52:47","guid":{"rendered":"https:\/\/www.paudalho.pe.gov.br\/portal\/?p=16819"},"modified":"2025-01-08T00:39:30","modified_gmt":"2025-01-08T03:39:30","slug":"paudalho-iniciara-vacinacao-contra-a-covid-19-para-pessoas-a-partir-dos-25-anos-nesta-terca-feira-3","status":"publish","type":"post","link":"https:\/\/www.paudalho.pe.gov.br\/portal\/paudalho-iniciara-vacinacao-contra-a-covid-19-para-pessoas-a-partir-dos-25-anos-nesta-terca-feira-3\/","title":{"rendered":"Paudalho iniciar\u00e1 vacina\u00e7\u00e3o contra a covid-19 para pessoas a partir dos 25 anos nesta ter\u00e7a-feira (3)"},"content":{"rendered":"\n<p>Em Paudalho, mun\u00edcipes com 25 anos de idade poder\u00e3o receber a primeira dose da vacina contra a covid-19 a partir de amanh\u00e3 (3). A Secretaria Municipal de Sa\u00fade anunciou na noite desta segunda-feira (2) a amplia\u00e7\u00e3o da campanha de imuniza\u00e7\u00e3o para essa nova faixa et\u00e1ria. O munic\u00edpio avan\u00e7a e j\u00e1 soma mais de 30 mil doses aplicadas em sua popula\u00e7\u00e3o.<\/p>\n\n\n\n<p>Para ter acesso ao imunizante, os moradores devem realizar o pr\u00e9-cadastro dispon\u00edvel no site da Prefeitura. O cadastramento \u00e9 um passo inicial e obrigat\u00f3rio para o controle e acompanhamento da vacina\u00e7\u00e3o na cidade. Ap\u00f3s a realiza\u00e7\u00e3o dessa primeira etapa, basta se dirigir ao ponto drive-thru localizado em frente a Pra\u00e7a Pedro Coutinho, no Centro.<\/p>\n\n\n\n<p><a href=\"https:\/\/paudalho.basemunicipal.com\/saude\/covid\/vacinacao\/pre-cadastro\" target=\"_blank\" rel=\"noreferrer noopener\"><strong>>>> REALIZE O SEU PR\u00c9-CADASTRO AQUI <\/strong><\/a><\/p>\n\n\n\n<p>O atendimento no local est\u00e1 dispon\u00edvel de segunda a sexta, das 8h \u00e0s 16h, com exce\u00e7\u00e3o para as ter\u00e7as e quintas, dias em que o hor\u00e1rio de funcionamento \u00e9 estendido at\u00e9 \u00e0s 20h. No dia da vacina\u00e7\u00e3o, o mun\u00edcipe dever\u00e1 apresentar um documento de identifica\u00e7\u00e3o com foto, o CPF e um comprovante de resid\u00eancia.<\/p>\n\n\n\n<figure class=\"wp-block-image size-large\"><img loading=\"lazy\" decoding=\"async\" width=\"800\" height=\"450\" data-attachment-id=\"15129\" data-permalink=\"https:\/\/www.paudalho.pe.gov.br\/portal\/paudalho-inicia-vacinacao-contra-covid-19-para-trabalhadores-da-assistencia-social-e-guardas-municipais-nesta-segunda-feira-31\/_h5a9848\/\" data-orig-file=\"https:\/\/www.paudalho.pe.gov.br\/portal\/wp-content\/uploads\/2021\/05\/H5A9848-scaled.jpg\" data-orig-size=\"2560,1707\" data-comments-opened=\"1\" data-image-meta=\"{&quot;aperture&quot;:&quot;0&quot;,&quot;credit&quot;:&quot;&quot;,&quot;camera&quot;:&quot;&quot;,&quot;caption&quot;:&quot;&quot;,&quot;created_timestamp&quot;:&quot;0&quot;,&quot;copyright&quot;:&quot;CHARLES JOHNSON 81 986016133&quot;,&quot;focal_length&quot;:&quot;0&quot;,&quot;iso&quot;:&quot;0&quot;,&quot;shutter_speed&quot;:&quot;0&quot;,&quot;title&quot;:&quot;&quot;,&quot;orientation&quot;:&quot;0&quot;}\" data-image-title=\"Ponto de vacina\u00e7\u00e3o drive-thru\" data-image-description=\"\" data-image-caption=\"&lt;p&gt;As vacinas est\u00e3o sendo aplicadas no ponto de vacina\u00e7\u00e3o drive-thru no centro da cidade. Foto: Josu\u00e9 J\u00fanior\/PMP.&lt;\/p&gt;\n\" data-medium-file=\"https:\/\/www.paudalho.pe.gov.br\/portal\/wp-content\/uploads\/2021\/05\/H5A9848-350x230.jpg\" data-large-file=\"https:\/\/www.paudalho.pe.gov.br\/portal\/wp-content\/uploads\/2021\/05\/H5A9848-800x450.jpg\" src=\"https:\/\/www.paudalho.pe.gov.br\/portal\/wp-content\/uploads\/2021\/05\/H5A9848-800x450.jpg\" alt=\"\" class=\"wp-image-15129\"\/><figcaption><em>As vacinas est\u00e3o sendo aplicadas no ponto de vacina\u00e7\u00e3o drive-thru no centro da cidade. Foto: Josu\u00e9 J\u00fanior\/PMP.<\/em><\/figcaption><\/figure>\n\n\n\n<p>Atualmente, cidad\u00e3os a partir dos 18 anos j\u00e1 podem realizar o pr\u00e9-cadastro on-line e aguardar a data de abertura da vacina\u00e7\u00e3o para a faixa et\u00e1ria da qual fazem parte. De acordo com a Prefeitura do Paudalho, mais grupos ser\u00e3o inclu\u00eddos na campanha conforme a chegada de novas entregas de doses dos imunizantes atrav\u00e9s do Minist\u00e9rio da Sa\u00fade.<\/p>\n\n\n\n<p>De acordo com dados divulgados pela Secretaria Municipal de Sa\u00fade atrav\u00e9s da ferramenta on-line <a href=\"https:\/\/paudalho.basemunicipal.com\/saude\/vacinometro\" target=\"_blank\" rel=\"noreferrer noopener\">Vacin\u00f4metro<\/a>, do in\u00edcio da campanha, em janeiro de 2021, at\u00e9 esta segunda-feira (2), 30.962 doses dos imunizantes j\u00e1 foram aplicadas. Desse total, 23.874 (77.9%) foram da primeira dose,\u00a0 6.255 (20.5%) da segunda e 524 foram de imunizantes em dose \u00fanica.<\/p>\n","protected":false},"excerpt":{"rendered":"<p>Em Paudalho, mun\u00edcipes com 25 anos de idade poder\u00e3o receber a primeira dose da vacina contra a covid-19 a partir de amanh\u00e3 (3). A Secretaria Municipal de Sa\u00fade anunciou na noite desta segunda-feira (2) a amplia\u00e7\u00e3o da campanha de imuniza\u00e7\u00e3o para essa nova faixa et\u00e1ria. O munic\u00edpio avan\u00e7a e j\u00e1 soma mais de 30 mil [&hellip;]<\/p>\n","protected":false},"author":6,"featured_media":14289,"comment_status":"open","ping_status":"open","sticky":false,"template":"","format":"standard","meta":{"_jetpack_newsletter_access":"","_jetpack_dont_email_post_to_subs":false,"_jetpack_newsletter_tier_id":0,"_jetpack_memberships_contains_paywalled_content":false,"_jetpack_memberships_contains_paid_content":false,"footnotes":""},"categories":[732,2,1,3],"tags":[622,22,168,738],"class_list":["post-16819","post","type-post","status-publish","format-standard","has-post-thumbnail","hentry","category-covid-19","category-destaque","category-noticias","category-saude","tag-covid-19","tag-prefeitura-do-paudalho","tag-secretaria-de-saude","tag-vacinacao-contra-a-covid-19"],"jetpack_featured_media_url":"https:\/\/www.paudalho.pe.gov.br\/portal\/wp-content\/uploads\/2021\/03\/WhatsApp-Image-2021-03-22-at-10.19.04-3.jpeg","jetpack_sharing_enabled":true,"jetpack_shortlink":"https:\/\/wp.me\/p98mS2-4nh","_links":{"self":[{"href":"https:\/\/www.paudalho.pe.gov.br\/portal\/wp-json\/wp\/v2\/posts\/16819","targetHints":{"allow":["GET"]}}],"collection":[{"href":"https:\/\/www.paudalho.pe.gov.br\/portal\/wp-json\/wp\/v2\/posts"}],"about":[{"href":"https:\/\/www.paudalho.pe.gov.br\/portal\/wp-json\/wp\/v2\/types\/post"}],"author":[{"embeddable":true,"href":"https:\/\/www.paudalho.pe.gov.br\/portal\/wp-json\/wp\/v2\/users\/6"}],"replies":[{"embeddable":true,"href":"https:\/\/www.paudalho.pe.gov.br\/portal\/wp-json\/wp\/v2\/comments?post=16819"}],"version-history":[{"count":6,"href":"https:\/\/www.paudalho.pe.gov.br\/portal\/wp-json\/wp\/v2\/posts\/16819\/revisions"}],"predecessor-version":[{"id":16825,"href":"https:\/\/www.paudalho.pe.gov.br\/portal\/wp-json\/wp\/v2\/posts\/16819\/revisions\/16825"}],"wp:featuredmedia":[{"embeddable":true,"href":"https:\/\/www.paudalho.pe.gov.br\/portal\/wp-json\/wp\/v2\/media\/14289"}],"wp:attachment":[{"href":"https:\/\/www.paudalho.pe.gov.br\/portal\/wp-json\/wp\/v2\/media?parent=16819"}],"wp:term":[{"taxonomy":"category","embeddable":true,"href":"https:\/\/www.paudalho.pe.gov.br\/portal\/wp-json\/wp\/v2\/categories?post=16819"},{"taxonomy":"post_tag","embeddable":true,"href":"https:\/\/www.paudalho.pe.gov.br\/portal\/wp-json\/wp\/v2\/tags?post=16819"}],"curies":[{"name":"wp","href":"https:\/\/api.w.org\/{rel}","templated":true}]}}