{"id":16809,"date":"2021-08-03T11:28:24","date_gmt":"2021-08-03T14:28:24","guid":{"rendered":"https:\/\/www.paudalho.pe.gov.br\/portal\/?p=16809"},"modified":"2025-01-08T00:39:30","modified_gmt":"2025-01-08T03:39:30","slug":"paudalho-promove-campanha-agosto-lilas-com-programacao-em-combate-a-violencia-contra-a-mulher","status":"publish","type":"post","link":"https:\/\/www.paudalho.pe.gov.br\/portal\/paudalho-promove-campanha-agosto-lilas-com-programacao-em-combate-a-violencia-contra-a-mulher\/","title":{"rendered":"Paudalho promove campanha Agosto Lil\u00e1s com programa\u00e7\u00e3o em combate \u00e0 viol\u00eancia contra a mulher"},"content":{"rendered":"\n<p>A Prefeitura do Paudalho, por meio da Coordenadoria da Mulher, aderiu a campanha Agosto Lil\u00e1s, iniciativa que tem como finalidade trazer conscientiza\u00e7\u00e3o ao p\u00fablico sobre o enfrentamento \u00e0 viol\u00eancia contra a mulher. Ao longo deste m\u00eas, o Governo Municipal realizar\u00e1 uma s\u00e9rie de atividades que t\u00eam como objetivo fazer um alerta a popula\u00e7\u00e3o sobre essa problem\u00e1tica e motivar as den\u00fancias de agress\u00e3o. <\/p>\n\n\n\n<p>A programa\u00e7\u00e3o ter\u00e1 in\u00edcio na quarta-feira (4) e contar\u00e1 com lives, aulas, entrevistas, atendimento jur\u00eddico gratuito, entre outras a\u00e7\u00f5es. Amanh\u00e3, a Coordenadoria realizar\u00e1 uma palestra na Escola Herculano Bandeira, no Centro. Al\u00e9m dessa institui\u00e7\u00e3o, ao longo da semana, as palestras tamb\u00e9m ocorrer\u00e3o no Col\u00e9gio Municipal do Paudalho (CMP), na EREM Monsenhor Landelino Barreto Lins, na EREM Confedera\u00e7\u00e3o do Equador e na Escola Jo\u00e3o Cavalcanti Petribu. <\/p>\n\n\n\n<figure class=\"wp-block-gallery columns-1 is-cropped wp-block-gallery-1 is-layout-flex wp-block-gallery-is-layout-flex\"><ul class=\"blocks-gallery-grid\"><li class=\"blocks-gallery-item\"><figure><img loading=\"lazy\" decoding=\"async\" width=\"800\" height=\"450\" data-attachment-id=\"16829\" data-permalink=\"https:\/\/www.paudalho.pe.gov.br\/portal\/paudalho-promove-campanha-agosto-lilas-com-programacao-em-combate-a-violencia-contra-a-mulher\/whatsapp-image-2021-08-02-at-11-36-25\/\" data-orig-file=\"https:\/\/www.paudalho.pe.gov.br\/portal\/wp-content\/uploads\/2021\/08\/WhatsApp-Image-2021-08-02-at-11.36.25.jpeg\" data-orig-size=\"1280,1280\" data-comments-opened=\"1\" data-image-meta=\"{&quot;aperture&quot;:&quot;0&quot;,&quot;credit&quot;:&quot;&quot;,&quot;camera&quot;:&quot;&quot;,&quot;caption&quot;:&quot;&quot;,&quot;created_timestamp&quot;:&quot;0&quot;,&quot;copyright&quot;:&quot;&quot;,&quot;focal_length&quot;:&quot;0&quot;,&quot;iso&quot;:&quot;0&quot;,&quot;shutter_speed&quot;:&quot;0&quot;,&quot;title&quot;:&quot;&quot;,&quot;orientation&quot;:&quot;0&quot;}\" data-image-title=\"WhatsApp-Image-2021-08-02-at-11.36.25\" data-image-description=\"\" data-image-caption=\"\" data-medium-file=\"https:\/\/www.paudalho.pe.gov.br\/portal\/wp-content\/uploads\/2021\/08\/WhatsApp-Image-2021-08-02-at-11.36.25-350x230.jpeg\" data-large-file=\"https:\/\/www.paudalho.pe.gov.br\/portal\/wp-content\/uploads\/2021\/08\/WhatsApp-Image-2021-08-02-at-11.36.25-800x450.jpeg\" src=\"https:\/\/www.paudalho.pe.gov.br\/portal\/wp-content\/uploads\/2021\/08\/WhatsApp-Image-2021-08-02-at-11.36.25-800x450.jpeg\" alt=\"\" data-id=\"16829\" data-full-url=\"https:\/\/www.paudalho.pe.gov.br\/portal\/wp-content\/uploads\/2021\/08\/WhatsApp-Image-2021-08-02-at-11.36.25.jpeg\" data-link=\"https:\/\/www.paudalho.pe.gov.br\/portal\/?attachment_id=16829\" class=\"wp-image-16829\"\/><\/figure><\/li><\/ul><\/figure>\n\n\n\n<p>Nas palestras ser\u00e3o compartilhadas informa\u00e7\u00f5es importantes como as formas de viol\u00eancia contra a mulher, como denunciar, rede de apoio \u00e0s v\u00edtimas, entre outras pautas. No s\u00e1bado (7), \u00e0s 15h, ser\u00e1 realizada a primeira aula do Curso de Defesa Pessoal para Mulheres. A pr\u00e1tica ser\u00e1 efetuada em parceria com a Guarda Civil Municipal (GCM) e ocorrer\u00e1 durante todos os s\u00e1bados do m\u00eas, no Col\u00e9gio Municipal de Paudalho (CMP).<\/p>\n\n\n\n<p>Na segunda-feira (9), ocorrer\u00e1 o <strong>Encontro em Comemora\u00e7\u00e3o a Lei Maria da Penha<\/strong> (Lei Federal n\u00ba 11.340\/ 2006), norma que em 2021 completa 15 anos desde que foi sancionada no Brasil. Com in\u00edcio \u00e0s 10h, o evento ser\u00e1 realizado na Pra\u00e7a do Ros\u00e1rio, no Centro. No dia, ser\u00e1 realizada uma mobiliza\u00e7\u00e3o com distribui\u00e7\u00e3o de panfletos e preservativos, testagem r\u00e1pida para ISTs, al\u00e9m do atendimento jur\u00eddico gratuito. A Coordenadoria tamb\u00e9m montar\u00e1 um ponto de arrecada\u00e7\u00e3o de alimentos n\u00e3o perec\u00edveis.  <\/p>\n\n\n\n<p>A coordenadora municipal de pol\u00edticas p\u00fablicas para a Mulher, Cida Galv\u00e3o, fala da import\u00e2ncia dessa iniciativa para a conscientiza\u00e7\u00e3o da popula\u00e7\u00e3o e o fortalecimento dos direitos das mulheres. &#8220;O intuito do nosso encontro \u00e9 despertar nas mulheres a coragem de denunciar seus agressores e de lutar pelos seus direitos&#8221;, declara. <\/p>\n\n\n\n<h3 class=\"wp-block-heading\"><strong>Confira o cronograma completo do Agosto Lil\u00e1s abaixo:<\/strong><\/h3>\n\n\n\n<p>\u2022 <strong>SEMANA 1 &#8211; ABERTURA&nbsp;<\/strong><\/p>\n\n\n\n<p><strong>04\/08<\/strong> &#8211; Manh\u00e3 &#8211; Palestra no EREM Herculano Bandeira.<\/p>\n\n\n\n<p><strong>04\/08<\/strong> &#8211; Tarde &#8211; Palestra no Col\u00e9gio Municipal do Paudalho (CMP)&nbsp;&nbsp;<\/p>\n\n\n\n<p><strong>05\/08<\/strong> &#8211; Manh\u00e3 e Tarde &#8211; Palestra no EREM Monsenhor Landelino Barreto Lins.<\/p>\n\n\n\n<p><strong>06\/08<\/strong> &#8211; Manh\u00e3 &#8211; Palestra no EREM Confedera\u00e7\u00e3o do Equador.<\/p>\n\n\n\n<p><strong>06\/08<\/strong> &#8211; Tarde &#8211; Palestra na Escola Jo\u00e3o Cavalcanti Petribu.<\/p>\n\n\n\n<p><strong>07\/08<\/strong> &#8211; 15h &#8211; In\u00edcio do Curso de Defesa Pessoal para Mulheres em parceria com a Guarda Civil Municipal (GCM).<\/p>\n\n\n\n<p><strong>\u2022<\/strong> <strong>SEMANA 2&nbsp;<\/strong><\/p>\n\n\n\n<p><strong>09\/08<\/strong> &#8211; 10h &#8211; Encontro em Comemora\u00e7\u00e3o da Lei Maria da Penha, na Pra\u00e7a do Ros\u00e1rio, Centro. O ponto ficar\u00e1 dispon\u00edvel at\u00e9 o dia 20 de agosto.<\/p>\n\n\n\n<p><strong>12\/08<\/strong> &#8211; 20h &#8211; <strong>&nbsp;<\/strong>Live: Debate com a coordenadora da UPA 24H Paudalho, Eliana Macedo.<\/p>\n\n\n\n<p>\u2022 <strong>SEMANA 3<\/strong><\/p>\n\n\n\n<p><strong>17\/08<\/strong> &#8211; 13h &#8211;&nbsp; Entrevista na R\u00e1dio Paudalho 98. FM com a coordenadora municipal da Mulher, Cida Galv\u00e3o. Tema: Fun\u00e7\u00e3o, mudan\u00e7as, conquistas, atua\u00e7\u00f5es e expectativas para essa nova gest\u00e3o na Coordenadoria da Mulher.<\/p>\n\n\n\n<p><strong>19\/08<\/strong> &#8211; 20h &#8211; Live: Debate com a coordenadora das Mulheres da Mata Norte, Otenilda Oliveira.<\/p>\n\n\n\n<p><strong>20\/08<\/strong> &#8211; 13h &#8211; Entrevista na R\u00e1dio Paudalho 98. FM com o delegado da Pol\u00edcia Civil, Dr. Marcos Roberto. Tema: O papel da Pol\u00edcia Civil em casos de viol\u00eancia dom\u00e9stica e familiar contra a mulher, medida protetiva e parceria com a Coordenadoria da Mulher.<\/p>\n\n\n\n<p>\u2022 <strong>SEMANA 4<\/strong><\/p>\n\n\n\n<p><strong>23\/08<\/strong> &#8211; 13h &#8211; Entrevista na R\u00e1dio Paudalho 98. FM com a coordenadora do Centro de Refer\u00eancia Especializado em Assist\u00eancia Social (CREAS), Jaci Pedrosa. Tema: Atendimento psicol\u00f3gico, jur\u00eddico e assistencial a mulheres v\u00edtimas de viol\u00eancia dom\u00e9stica e familiar.<\/p>\n\n\n\n<p><strong>25\/08<\/strong> &#8211; 16h &#8211; Aul\u00e3o na Academia de Sa\u00fade da Cidade, no Centro.<\/p>\n\n\n\n<p><strong>28\/08<\/strong> &#8211; 15h &#8211; Encerramento do Curso de Defesa Pessoal Para Mulheres.\u00a0<\/p>\n\n\n\n<p><strong>31\/08<\/strong> &#8211; 16h &#8211; Aul\u00e3o na Academia de Sa\u00fade da Cidade, em Guadalajara.&nbsp;<\/p>\n","protected":false},"excerpt":{"rendered":"<p>A Prefeitura do Paudalho, por meio da Coordenadoria da Mulher, aderiu a campanha Agosto Lil\u00e1s, iniciativa que tem como finalidade trazer conscientiza\u00e7\u00e3o ao p\u00fablico sobre o enfrentamento \u00e0 viol\u00eancia contra a mulher. Ao longo deste m\u00eas, o Governo Municipal realizar\u00e1 uma s\u00e9rie de atividades que t\u00eam como objetivo fazer um alerta a popula\u00e7\u00e3o sobre essa [&hellip;]<\/p>\n","protected":false},"author":6,"featured_media":16815,"comment_status":"open","ping_status":"open","sticky":false,"template":"","format":"standard","meta":{"_jetpack_newsletter_access":"","_jetpack_dont_email_post_to_subs":false,"_jetpack_newsletter_tier_id":0,"_jetpack_memberships_contains_paywalled_content":false,"_jetpack_memberships_contains_paid_content":false,"footnotes":""},"categories":[770,766,2,1],"tags":[366,298,22],"class_list":["post-16809","post","type-post","status-publish","format-standard","has-post-thumbnail","hentry","category-agosto-lilas","category-coordenadoria-da-mulher","category-destaque","category-noticias","tag-agosto-lilas","tag-coordenadoria-da-mulher","tag-prefeitura-do-paudalho"],"jetpack_featured_media_url":"https:\/\/www.paudalho.pe.gov.br\/portal\/wp-content\/uploads\/2021\/08\/pexels-photo-7194221.jpeg","jetpack_sharing_enabled":true,"jetpack_shortlink":"https:\/\/wp.me\/p98mS2-4n7","_links":{"self":[{"href":"https:\/\/www.paudalho.pe.gov.br\/portal\/wp-json\/wp\/v2\/posts\/16809","targetHints":{"allow":["GET"]}}],"collection":[{"href":"https:\/\/www.paudalho.pe.gov.br\/portal\/wp-json\/wp\/v2\/posts"}],"about":[{"href":"https:\/\/www.paudalho.pe.gov.br\/portal\/wp-json\/wp\/v2\/types\/post"}],"author":[{"embeddable":true,"href":"https:\/\/www.paudalho.pe.gov.br\/portal\/wp-json\/wp\/v2\/users\/6"}],"replies":[{"embeddable":true,"href":"https:\/\/www.paudalho.pe.gov.br\/portal\/wp-json\/wp\/v2\/comments?post=16809"}],"version-history":[{"count":57,"href":"https:\/\/www.paudalho.pe.gov.br\/portal\/wp-json\/wp\/v2\/posts\/16809\/revisions"}],"predecessor-version":[{"id":17082,"href":"https:\/\/www.paudalho.pe.gov.br\/portal\/wp-json\/wp\/v2\/posts\/16809\/revisions\/17082"}],"wp:featuredmedia":[{"embeddable":true,"href":"https:\/\/www.paudalho.pe.gov.br\/portal\/wp-json\/wp\/v2\/media\/16815"}],"wp:attachment":[{"href":"https:\/\/www.paudalho.pe.gov.br\/portal\/wp-json\/wp\/v2\/media?parent=16809"}],"wp:term":[{"taxonomy":"category","embeddable":true,"href":"https:\/\/www.paudalho.pe.gov.br\/portal\/wp-json\/wp\/v2\/categories?post=16809"},{"taxonomy":"post_tag","embeddable":true,"href":"https:\/\/www.paudalho.pe.gov.br\/portal\/wp-json\/wp\/v2\/tags?post=16809"}],"curies":[{"name":"wp","href":"https:\/\/api.w.org\/{rel}","templated":true}]}}