{"id":1678,"date":"2017-10-23T23:13:13","date_gmt":"2017-10-24T02:13:13","guid":{"rendered":"http:\/\/www.paudalho.pe.gov.br\/portal\/?p=1678"},"modified":"2017-10-24T22:19:11","modified_gmt":"2017-10-25T01:19:11","slug":"1o-eliminatoria-do-canta-paudalho-reune-centenas-de-pessoas-no-parque-de-eventos-beira-rio","status":"publish","type":"post","link":"https:\/\/www.paudalho.pe.gov.br\/portal\/1o-eliminatoria-do-canta-paudalho-reune-centenas-de-pessoas-no-parque-de-eventos-beira-rio\/","title":{"rendered":"1\u00ba eliminat\u00f3ria do Canta Paudalho re\u00fane centenas de pessoas no Parque de Eventos Beira-Rio"},"content":{"rendered":"<p>Emocionou, alegrou e deu oportunidade para os talentos musicais do munic\u00edpio. Esse foi o Canta Paudalho.\u00a0A primeira eliminat\u00f3ria ocorreu entre a \u00faltima sexta-feira (20), s\u00e1bado (21) e domingo (22), em um palco montado no Parque de Eventos Beira-Rio no centro da cidade. O show de calouros, realizado pela Prefeitura do Paudalho, por meio da Secretaria de Cultura, Esporte e Turismo contou com mais de 40 candidatos se apresentando nos mais diversos estilos musicais como: Pop Rock, Brega, MPB. Forr\u00f3, entre outros.<\/p>\n<div id=\"attachment_1680\" style=\"width: 310px\" class=\"wp-caption alignnone\"><img loading=\"lazy\" decoding=\"async\" aria-describedby=\"caption-attachment-1680\" data-attachment-id=\"1680\" data-permalink=\"https:\/\/www.paudalho.pe.gov.br\/portal\/1o-eliminatoria-do-canta-paudalho-reune-centenas-de-pessoas-no-parque-de-eventos-beira-rio\/22552326_805243789599372_7697995592014052284_n\/\" data-orig-file=\"https:\/\/www.paudalho.pe.gov.br\/portal\/wp-content\/uploads\/2017\/10\/22552326_805243789599372_7697995592014052284_n.jpg\" data-orig-size=\"960,640\" data-comments-opened=\"1\" data-image-meta=\"{&quot;aperture&quot;:&quot;0&quot;,&quot;credit&quot;:&quot;&quot;,&quot;camera&quot;:&quot;&quot;,&quot;caption&quot;:&quot;&quot;,&quot;created_timestamp&quot;:&quot;0&quot;,&quot;copyright&quot;:&quot;&quot;,&quot;focal_length&quot;:&quot;0&quot;,&quot;iso&quot;:&quot;0&quot;,&quot;shutter_speed&quot;:&quot;0&quot;,&quot;title&quot;:&quot;&quot;,&quot;orientation&quot;:&quot;0&quot;}\" data-image-title=\"22552326_805243789599372_7697995592014052284_n\" data-image-description=\"\" data-image-caption=\"&lt;p&gt;Foto:  Thales K\u00edrion\/Comunica\u00e7\u00e3oPrefeituradoPaudalho&lt;\/p&gt;\n\" data-medium-file=\"https:\/\/www.paudalho.pe.gov.br\/portal\/wp-content\/uploads\/2017\/10\/22552326_805243789599372_7697995592014052284_n-350x230.jpg\" data-large-file=\"https:\/\/www.paudalho.pe.gov.br\/portal\/wp-content\/uploads\/2017\/10\/22552326_805243789599372_7697995592014052284_n-800x450.jpg\" class=\"size-medium wp-image-1680\" src=\"http:\/\/www.paudalho.pe.gov.br\/portal\/wp-content\/uploads\/2017\/10\/22552326_805243789599372_7697995592014052284_n-350x230.jpg\" alt=\"\" width=\"300\" height=\"197\" \/><p id=\"caption-attachment-1680\" class=\"wp-caption-text\">Foto: Thales K\u00edrion\/Comunica\u00e7\u00e3oPrefeituradoPaudalho<\/p><\/div>\n<div id=\"attachment_1681\" style=\"width: 310px\" class=\"wp-caption alignnone\"><img loading=\"lazy\" decoding=\"async\" aria-describedby=\"caption-attachment-1681\" data-attachment-id=\"1681\" data-permalink=\"https:\/\/www.paudalho.pe.gov.br\/portal\/1o-eliminatoria-do-canta-paudalho-reune-centenas-de-pessoas-no-parque-de-eventos-beira-rio\/22555281_806648836125534_1034770732831487095_n\/\" data-orig-file=\"https:\/\/www.paudalho.pe.gov.br\/portal\/wp-content\/uploads\/2017\/10\/22555281_806648836125534_1034770732831487095_n.jpg\" data-orig-size=\"960,640\" data-comments-opened=\"1\" data-image-meta=\"{&quot;aperture&quot;:&quot;0&quot;,&quot;credit&quot;:&quot;&quot;,&quot;camera&quot;:&quot;&quot;,&quot;caption&quot;:&quot;&quot;,&quot;created_timestamp&quot;:&quot;0&quot;,&quot;copyright&quot;:&quot;&quot;,&quot;focal_length&quot;:&quot;0&quot;,&quot;iso&quot;:&quot;0&quot;,&quot;shutter_speed&quot;:&quot;0&quot;,&quot;title&quot;:&quot;&quot;,&quot;orientation&quot;:&quot;0&quot;}\" data-image-title=\"22555281_806648836125534_1034770732831487095_n\" data-image-description=\"\" data-image-caption=\"&lt;p&gt;Foto: Isak de Castro\/Comunica\u00e7\u00e3oPrefeituradePaudalho&lt;\/p&gt;\n\" data-medium-file=\"https:\/\/www.paudalho.pe.gov.br\/portal\/wp-content\/uploads\/2017\/10\/22555281_806648836125534_1034770732831487095_n-350x230.jpg\" data-large-file=\"https:\/\/www.paudalho.pe.gov.br\/portal\/wp-content\/uploads\/2017\/10\/22555281_806648836125534_1034770732831487095_n-800x450.jpg\" class=\"size-medium wp-image-1681\" src=\"http:\/\/www.paudalho.pe.gov.br\/portal\/wp-content\/uploads\/2017\/10\/22555281_806648836125534_1034770732831487095_n-350x230.jpg\" alt=\"\" width=\"300\" height=\"197\" \/><p id=\"caption-attachment-1681\" class=\"wp-caption-text\">Foto: Isak de Castro\/Comunica\u00e7\u00e3oPrefeituradoPaudalho<\/p><\/div>\n<div id=\"attachment_1682\" style=\"width: 310px\" class=\"wp-caption alignnone\"><img loading=\"lazy\" decoding=\"async\" aria-describedby=\"caption-attachment-1682\" data-attachment-id=\"1682\" data-permalink=\"https:\/\/www.paudalho.pe.gov.br\/portal\/1o-eliminatoria-do-canta-paudalho-reune-centenas-de-pessoas-no-parque-de-eventos-beira-rio\/22539994_805243016266116_5147765875790924322_n\/\" data-orig-file=\"https:\/\/www.paudalho.pe.gov.br\/portal\/wp-content\/uploads\/2017\/10\/22539994_805243016266116_5147765875790924322_n.jpg\" data-orig-size=\"960,640\" data-comments-opened=\"1\" data-image-meta=\"{&quot;aperture&quot;:&quot;0&quot;,&quot;credit&quot;:&quot;&quot;,&quot;camera&quot;:&quot;&quot;,&quot;caption&quot;:&quot;&quot;,&quot;created_timestamp&quot;:&quot;0&quot;,&quot;copyright&quot;:&quot;&quot;,&quot;focal_length&quot;:&quot;0&quot;,&quot;iso&quot;:&quot;0&quot;,&quot;shutter_speed&quot;:&quot;0&quot;,&quot;title&quot;:&quot;&quot;,&quot;orientation&quot;:&quot;0&quot;}\" data-image-title=\"22539994_805243016266116_5147765875790924322_n\" data-image-description=\"\" data-image-caption=\"&lt;p&gt;Foto:  Thales K\u00edrion\/Comunica\u00e7\u00e3oPrefeituradoPaudalho&lt;\/p&gt;\n\" data-medium-file=\"https:\/\/www.paudalho.pe.gov.br\/portal\/wp-content\/uploads\/2017\/10\/22539994_805243016266116_5147765875790924322_n-350x230.jpg\" data-large-file=\"https:\/\/www.paudalho.pe.gov.br\/portal\/wp-content\/uploads\/2017\/10\/22539994_805243016266116_5147765875790924322_n-800x450.jpg\" class=\"size-medium wp-image-1682\" src=\"http:\/\/www.paudalho.pe.gov.br\/portal\/wp-content\/uploads\/2017\/10\/22539994_805243016266116_5147765875790924322_n-350x230.jpg\" alt=\"\" width=\"300\" height=\"197\" \/><p id=\"caption-attachment-1682\" class=\"wp-caption-text\">Foto: Thales K\u00edrion\/Comunica\u00e7\u00e3oPrefeituradoPaudalho<\/p><\/div>\n<p>Na plateia, pessoas de todas as idades acompanhavam tudo de perto reagindo a cada impulso dos calouros. A aposentada Jaci Ferreira, de 59 anos e Lindalva Cavalcanti, de 63, n\u00e3o perderam nenhum dos tr\u00eas dias e elogiaram o show: \u201cEu achei muito criativo e bem divertido&#8230;eu e minha vizinha estamos aqui h\u00e1 tr\u00eas dias&#8230; a\u00ed n\u00f3s descobrimos o talento que cada um tem&#8230;nota 10! Se eu pudesse daria 11\u201d, disse Lindalva.<\/p>\n<div id=\"attachment_1683\" style=\"width: 310px\" class=\"wp-caption alignnone\"><img loading=\"lazy\" decoding=\"async\" aria-describedby=\"caption-attachment-1683\" data-attachment-id=\"1683\" data-permalink=\"https:\/\/www.paudalho.pe.gov.br\/portal\/1o-eliminatoria-do-canta-paudalho-reune-centenas-de-pessoas-no-parque-de-eventos-beira-rio\/22549651_805243672932717_3516718453186643348_n\/\" data-orig-file=\"https:\/\/www.paudalho.pe.gov.br\/portal\/wp-content\/uploads\/2017\/10\/22549651_805243672932717_3516718453186643348_n.jpg\" data-orig-size=\"960,640\" data-comments-opened=\"1\" data-image-meta=\"{&quot;aperture&quot;:&quot;0&quot;,&quot;credit&quot;:&quot;&quot;,&quot;camera&quot;:&quot;&quot;,&quot;caption&quot;:&quot;&quot;,&quot;created_timestamp&quot;:&quot;0&quot;,&quot;copyright&quot;:&quot;&quot;,&quot;focal_length&quot;:&quot;0&quot;,&quot;iso&quot;:&quot;0&quot;,&quot;shutter_speed&quot;:&quot;0&quot;,&quot;title&quot;:&quot;&quot;,&quot;orientation&quot;:&quot;0&quot;}\" data-image-title=\"22549651_805243672932717_3516718453186643348_n\" data-image-description=\"\" data-image-caption=\"&lt;p&gt;Foto:  Thales K\u00edrion\/Comunica\u00e7\u00e3oPrefeituradoPaudalho&lt;\/p&gt;\n\" data-medium-file=\"https:\/\/www.paudalho.pe.gov.br\/portal\/wp-content\/uploads\/2017\/10\/22549651_805243672932717_3516718453186643348_n-350x230.jpg\" data-large-file=\"https:\/\/www.paudalho.pe.gov.br\/portal\/wp-content\/uploads\/2017\/10\/22549651_805243672932717_3516718453186643348_n-800x450.jpg\" class=\"size-medium wp-image-1683\" src=\"http:\/\/www.paudalho.pe.gov.br\/portal\/wp-content\/uploads\/2017\/10\/22549651_805243672932717_3516718453186643348_n-350x230.jpg\" alt=\"\" width=\"300\" height=\"197\" \/><p id=\"caption-attachment-1683\" class=\"wp-caption-text\">Foto: Thales K\u00edrion\/Comunica\u00e7\u00e3oPrefeituradoPaudalho<\/p><\/div>\n<div id=\"attachment_1684\" style=\"width: 310px\" class=\"wp-caption alignnone\"><img loading=\"lazy\" decoding=\"async\" aria-describedby=\"caption-attachment-1684\" data-attachment-id=\"1684\" data-permalink=\"https:\/\/www.paudalho.pe.gov.br\/portal\/1o-eliminatoria-do-canta-paudalho-reune-centenas-de-pessoas-no-parque-de-eventos-beira-rio\/22554817_805243452932739_7800202548195931689_n\/\" data-orig-file=\"https:\/\/www.paudalho.pe.gov.br\/portal\/wp-content\/uploads\/2017\/10\/22554817_805243452932739_7800202548195931689_n.jpg\" data-orig-size=\"960,640\" data-comments-opened=\"1\" data-image-meta=\"{&quot;aperture&quot;:&quot;0&quot;,&quot;credit&quot;:&quot;&quot;,&quot;camera&quot;:&quot;&quot;,&quot;caption&quot;:&quot;&quot;,&quot;created_timestamp&quot;:&quot;0&quot;,&quot;copyright&quot;:&quot;&quot;,&quot;focal_length&quot;:&quot;0&quot;,&quot;iso&quot;:&quot;0&quot;,&quot;shutter_speed&quot;:&quot;0&quot;,&quot;title&quot;:&quot;&quot;,&quot;orientation&quot;:&quot;0&quot;}\" data-image-title=\"22554817_805243452932739_7800202548195931689_n\" data-image-description=\"\" data-image-caption=\"\" data-medium-file=\"https:\/\/www.paudalho.pe.gov.br\/portal\/wp-content\/uploads\/2017\/10\/22554817_805243452932739_7800202548195931689_n-350x230.jpg\" data-large-file=\"https:\/\/www.paudalho.pe.gov.br\/portal\/wp-content\/uploads\/2017\/10\/22554817_805243452932739_7800202548195931689_n-800x450.jpg\" class=\"size-medium wp-image-1684\" src=\"http:\/\/www.paudalho.pe.gov.br\/portal\/wp-content\/uploads\/2017\/10\/22554817_805243452932739_7800202548195931689_n-350x230.jpg\" alt=\"\" width=\"300\" height=\"197\" \/><p id=\"caption-attachment-1684\" class=\"wp-caption-text\">Foto: Thales K\u00edrion\/Comunica\u00e7\u00e3oPrefeituradoPaudalho<\/p><\/div>\n<div id=\"attachment_1685\" style=\"width: 310px\" class=\"wp-caption alignnone\"><img loading=\"lazy\" decoding=\"async\" aria-describedby=\"caption-attachment-1685\" data-attachment-id=\"1685\" data-permalink=\"https:\/\/www.paudalho.pe.gov.br\/portal\/1o-eliminatoria-do-canta-paudalho-reune-centenas-de-pessoas-no-parque-de-eventos-beira-rio\/22554823_805243369599414_7334964150688318887_n\/\" data-orig-file=\"https:\/\/www.paudalho.pe.gov.br\/portal\/wp-content\/uploads\/2017\/10\/22554823_805243369599414_7334964150688318887_n.jpg\" data-orig-size=\"960,640\" data-comments-opened=\"1\" data-image-meta=\"{&quot;aperture&quot;:&quot;0&quot;,&quot;credit&quot;:&quot;&quot;,&quot;camera&quot;:&quot;&quot;,&quot;caption&quot;:&quot;&quot;,&quot;created_timestamp&quot;:&quot;0&quot;,&quot;copyright&quot;:&quot;&quot;,&quot;focal_length&quot;:&quot;0&quot;,&quot;iso&quot;:&quot;0&quot;,&quot;shutter_speed&quot;:&quot;0&quot;,&quot;title&quot;:&quot;&quot;,&quot;orientation&quot;:&quot;0&quot;}\" data-image-title=\"22554823_805243369599414_7334964150688318887_n\" data-image-description=\"\" data-image-caption=\"\" data-medium-file=\"https:\/\/www.paudalho.pe.gov.br\/portal\/wp-content\/uploads\/2017\/10\/22554823_805243369599414_7334964150688318887_n-350x230.jpg\" data-large-file=\"https:\/\/www.paudalho.pe.gov.br\/portal\/wp-content\/uploads\/2017\/10\/22554823_805243369599414_7334964150688318887_n-800x450.jpg\" class=\"size-medium wp-image-1685\" src=\"http:\/\/www.paudalho.pe.gov.br\/portal\/wp-content\/uploads\/2017\/10\/22554823_805243369599414_7334964150688318887_n-350x230.jpg\" alt=\"\" width=\"300\" height=\"197\" \/><p id=\"caption-attachment-1685\" class=\"wp-caption-text\">Foto: Thales K\u00edrion\/Comunica\u00e7\u00e3oPrefeituradoPaudalho<\/p><\/div>\n<div id=\"attachment_1686\" style=\"width: 310px\" class=\"wp-caption alignnone\"><img loading=\"lazy\" decoding=\"async\" aria-describedby=\"caption-attachment-1686\" data-attachment-id=\"1686\" data-permalink=\"https:\/\/www.paudalho.pe.gov.br\/portal\/1o-eliminatoria-do-canta-paudalho-reune-centenas-de-pessoas-no-parque-de-eventos-beira-rio\/22555056_805243112932773_6761851286965658534_n\/\" data-orig-file=\"https:\/\/www.paudalho.pe.gov.br\/portal\/wp-content\/uploads\/2017\/10\/22555056_805243112932773_6761851286965658534_n.jpg\" data-orig-size=\"960,640\" data-comments-opened=\"1\" data-image-meta=\"{&quot;aperture&quot;:&quot;0&quot;,&quot;credit&quot;:&quot;&quot;,&quot;camera&quot;:&quot;&quot;,&quot;caption&quot;:&quot;&quot;,&quot;created_timestamp&quot;:&quot;0&quot;,&quot;copyright&quot;:&quot;&quot;,&quot;focal_length&quot;:&quot;0&quot;,&quot;iso&quot;:&quot;0&quot;,&quot;shutter_speed&quot;:&quot;0&quot;,&quot;title&quot;:&quot;&quot;,&quot;orientation&quot;:&quot;0&quot;}\" data-image-title=\"22555056_805243112932773_6761851286965658534_n\" data-image-description=\"\" data-image-caption=\"\" data-medium-file=\"https:\/\/www.paudalho.pe.gov.br\/portal\/wp-content\/uploads\/2017\/10\/22555056_805243112932773_6761851286965658534_n-350x230.jpg\" data-large-file=\"https:\/\/www.paudalho.pe.gov.br\/portal\/wp-content\/uploads\/2017\/10\/22555056_805243112932773_6761851286965658534_n-800x450.jpg\" class=\"size-medium wp-image-1686\" src=\"http:\/\/www.paudalho.pe.gov.br\/portal\/wp-content\/uploads\/2017\/10\/22555056_805243112932773_6761851286965658534_n-350x230.jpg\" alt=\"\" width=\"300\" height=\"197\" \/><p id=\"caption-attachment-1686\" class=\"wp-caption-text\">Foto: Thales K\u00edrion\/Comunica\u00e7\u00e3oPrefeituradoPaudalho<\/p><\/div>\n<h2><strong>J\u00fari<\/strong><\/h2>\n<p>Diversos jurados estiveram avaliando os competidores. A cantora da Banda Luar\u00e1, C\u00edntia Barros, esteve julgando no domingo e comentou que afina\u00e7\u00e3o \u00e9 algo important\u00edssimo na hora de se tornar uma estrela: \u201cAl\u00e9m de cantar bem, voc\u00ea deve procurar estudar para ser afinado e acho que carisma\u201d, detalhou.<\/p>\n<p><strong>Veja no v\u00eddeo a participa\u00e7\u00e3o da jurada:<\/strong><\/p>\n<div style=\"width: 640px;\" class=\"wp-video\"><!--[if lt IE 9]><script>document.createElement('video');<\/script><![endif]-->\n<video class=\"wp-video-shortcode\" id=\"video-1678-1\" width=\"640\" height=\"352\" preload=\"metadata\" controls=\"controls\"><source type=\"video\/mp4\" src=\"http:\/\/www.paudalho.pe.gov.br\/portal\/wp-content\/uploads\/2017\/10\/WhatsApp-Video-2017-10-23-at-23.10.32.mp4?_=1\" \/><a href=\"http:\/\/www.paudalho.pe.gov.br\/portal\/wp-content\/uploads\/2017\/10\/WhatsApp-Video-2017-10-23-at-23.10.32.mp4\">http:\/\/www.paudalho.pe.gov.br\/portal\/wp-content\/uploads\/2017\/10\/WhatsApp-Video-2017-10-23-at-23.10.32.mp4<\/a><\/video><\/div>\n<h2>Satisfa\u00e7\u00e3o<\/h2>\n<p>Para o secret\u00e1rio de Cultura Jobson Oliveira, todo o esfor\u00e7o valeu a pena: \u201c\u00c9 a sensa\u00e7\u00e3o do dever cumprido. A gente corre, a gente \u00e0s vezes at\u00e9 esquenta um pouco a cabe\u00e7a, mas \u00e9 naquele intuito, naquela vontade de ver tudo saindo da melhor maneira poss\u00edvel e est\u00e1 a\u00ed mais um sucesso\u201d, comentou alegre.<\/p>\n<p>As crian\u00e7as tamb\u00e9m estiveram na competi\u00e7\u00e3o. O pequeno Jo\u00e3o Paulo de 10 anos deu sua nota de avalia\u00e7\u00e3o para o Canta Paudalho: \u201cDez\u201d, disse.\u00a0 A Prefeitura do Paudalho segue no comprometimento de promover iniciativas que ajudem a popula\u00e7\u00e3o a realizar seus sonhos. A pr\u00f3xima Eliminat\u00f3ria do Canta Paudalho ocorre entre os dias 18 e 19 de novembro. Confira a lista com os selecionados para a pr\u00f3xima fase.<\/p>\n","protected":false},"excerpt":{"rendered":"<p>Emocionou, alegrou e deu oportunidade para os talentos musicais do munic\u00edpio. Esse foi o Canta Paudalho.\u00a0A primeira eliminat\u00f3ria ocorreu entre a \u00faltima sexta-feira (20), s\u00e1bado (21) e domingo (22), em um palco montado no Parque de Eventos Beira-Rio no centro da cidade. O show de calouros, realizado pela Prefeitura do Paudalho, por meio da Secretaria [&hellip;]<\/p>\n","protected":false},"author":4,"featured_media":1679,"comment_status":"open","ping_status":"open","sticky":false,"template":"","format":"standard","meta":{"_jetpack_newsletter_access":"","_jetpack_dont_email_post_to_subs":false,"_jetpack_newsletter_tier_id":0,"_jetpack_memberships_contains_paywalled_content":false,"_jetpack_memberships_contains_paid_content":false,"footnotes":""},"categories":[2,1],"tags":[144,22,175],"class_list":["post-1678","post","type-post","status-publish","format-standard","has-post-thumbnail","hentry","category-destaque","category-noticias","tag-canta-paudalho","tag-prefeitura-do-paudalho","tag-show-de-calouros"],"jetpack_featured_media_url":"https:\/\/www.paudalho.pe.gov.br\/portal\/wp-content\/uploads\/2017\/10\/1.jpg","jetpack_sharing_enabled":true,"jetpack_shortlink":"https:\/\/wp.me\/p98mS2-r4","_links":{"self":[{"href":"https:\/\/www.paudalho.pe.gov.br\/portal\/wp-json\/wp\/v2\/posts\/1678","targetHints":{"allow":["GET"]}}],"collection":[{"href":"https:\/\/www.paudalho.pe.gov.br\/portal\/wp-json\/wp\/v2\/posts"}],"about":[{"href":"https:\/\/www.paudalho.pe.gov.br\/portal\/wp-json\/wp\/v2\/types\/post"}],"author":[{"embeddable":true,"href":"https:\/\/www.paudalho.pe.gov.br\/portal\/wp-json\/wp\/v2\/users\/4"}],"replies":[{"embeddable":true,"href":"https:\/\/www.paudalho.pe.gov.br\/portal\/wp-json\/wp\/v2\/comments?post=1678"}],"version-history":[{"count":3,"href":"https:\/\/www.paudalho.pe.gov.br\/portal\/wp-json\/wp\/v2\/posts\/1678\/revisions"}],"predecessor-version":[{"id":1697,"href":"https:\/\/www.paudalho.pe.gov.br\/portal\/wp-json\/wp\/v2\/posts\/1678\/revisions\/1697"}],"wp:featuredmedia":[{"embeddable":true,"href":"https:\/\/www.paudalho.pe.gov.br\/portal\/wp-json\/wp\/v2\/media\/1679"}],"wp:attachment":[{"href":"https:\/\/www.paudalho.pe.gov.br\/portal\/wp-json\/wp\/v2\/media?parent=1678"}],"wp:term":[{"taxonomy":"category","embeddable":true,"href":"https:\/\/www.paudalho.pe.gov.br\/portal\/wp-json\/wp\/v2\/categories?post=1678"},{"taxonomy":"post_tag","embeddable":true,"href":"https:\/\/www.paudalho.pe.gov.br\/portal\/wp-json\/wp\/v2\/tags?post=1678"}],"curies":[{"name":"wp","href":"https:\/\/api.w.org\/{rel}","templated":true}]}}