{"id":16774,"date":"2021-08-02T14:40:03","date_gmt":"2021-08-02T17:40:03","guid":{"rendered":"https:\/\/www.paudalho.pe.gov.br\/portal\/?p=16774"},"modified":"2025-01-08T00:39:30","modified_gmt":"2025-01-08T03:39:30","slug":"paudalho-inicia-vacinacao-contra-a-covid-19-para-moradores-a-partir-dos-27-anos-nesta-segunda-feira-2","status":"publish","type":"post","link":"https:\/\/www.paudalho.pe.gov.br\/portal\/paudalho-inicia-vacinacao-contra-a-covid-19-para-moradores-a-partir-dos-27-anos-nesta-segunda-feira-2\/","title":{"rendered":"Paudalho inicia vacina\u00e7\u00e3o contra a covid-19 para moradores a partir dos 27 anos nesta segunda-feira (2)"},"content":{"rendered":"\n<p>A Prefeitura do Paudalho inicia nesta segunda-feira (2) a vacina\u00e7\u00e3o contra a covid-19 para pessoas a partir dos 27 anos de idade. A campanha de imuniza\u00e7\u00e3o no munic\u00edpio avan\u00e7a e j\u00e1 soma mais de 30 mil doses aplicadas. Para ter acesso a primeira dose, mun\u00edcipes que estejam nessa nova faixa et\u00e1ria devem realizar o pr\u00e9-cadastro dispon\u00edvel no <a rel=\"noreferrer noopener\" href=\"https:\/\/paudalho.basemunicipal.com\/saude\/covid\/vacinacao\/pre-cadastro\" target=\"_blank\">site da Prefeitura<\/a>. O cadastramento \u00e9 um passo inicial e obrigat\u00f3rio para o controle e acompanhamento da vacina\u00e7\u00e3o na cidade.<\/p>\n\n\n\n<p><a rel=\"noreferrer noopener\" href=\"https:\/\/paudalho.basemunicipal.com\/saude\/covid\/vacinacao\/pre-cadastro\" target=\"_blank\"><strong>&gt;&gt;&gt; REALIZE O SEU PR\u00c9-CADASTRO PARA A VACINA\u00c7\u00c3O CONTRA A COVID-19 AQUI!<\/strong><\/a><\/p>\n\n\n\n<p>A imuniza\u00e7\u00e3o est\u00e1 sendo realizada no ponto drive-thru em frente a Pra\u00e7a Pedro Coutinho, no Centro. O atendimento est\u00e1 dispon\u00edvel de segunda a sexta, das 8h \u00e0s 16h, com exce\u00e7\u00e3o para as ter\u00e7as e quintas, dias em que o hor\u00e1rio de funcionamento \u00e9 estendido at\u00e9 \u00e0s 20h. No dia da vacina\u00e7\u00e3o, o mun\u00edcipe dever\u00e1 apresentar um documento de identifica\u00e7\u00e3o com foto, o CPF e um comprovante de resid\u00eancia.<\/p>\n\n\n\n<figure class=\"wp-block-gallery columns-2 is-cropped wp-block-gallery-1 is-layout-flex wp-block-gallery-is-layout-flex\"><ul class=\"blocks-gallery-grid\"><li class=\"blocks-gallery-item\"><figure><img loading=\"lazy\" decoding=\"async\" width=\"800\" height=\"450\" data-attachment-id=\"16785\" data-permalink=\"https:\/\/www.paudalho.pe.gov.br\/portal\/paudalho-inicia-vacinacao-contra-a-covid-19-para-moradores-a-partir-dos-27-anos-nesta-segunda-feira-2\/vacinacovidpaudalho-2\/\" data-orig-file=\"https:\/\/www.paudalho.pe.gov.br\/portal\/wp-content\/uploads\/2021\/08\/vacinacovidpaudalho.jpeg\" data-orig-size=\"1280,960\" data-comments-opened=\"1\" data-image-meta=\"{&quot;aperture&quot;:&quot;0&quot;,&quot;credit&quot;:&quot;&quot;,&quot;camera&quot;:&quot;&quot;,&quot;caption&quot;:&quot;&quot;,&quot;created_timestamp&quot;:&quot;0&quot;,&quot;copyright&quot;:&quot;&quot;,&quot;focal_length&quot;:&quot;0&quot;,&quot;iso&quot;:&quot;0&quot;,&quot;shutter_speed&quot;:&quot;0&quot;,&quot;title&quot;:&quot;&quot;,&quot;orientation&quot;:&quot;0&quot;}\" data-image-title=\"vacinacovidpaudalho\" data-image-description=\"\" data-image-caption=\"&lt;p&gt;Foto: Guilherme Ricardo\/PMP.&lt;\/p&gt;\n\" data-medium-file=\"https:\/\/www.paudalho.pe.gov.br\/portal\/wp-content\/uploads\/2021\/08\/vacinacovidpaudalho-350x230.jpeg\" data-large-file=\"https:\/\/www.paudalho.pe.gov.br\/portal\/wp-content\/uploads\/2021\/08\/vacinacovidpaudalho-800x450.jpeg\" src=\"https:\/\/www.paudalho.pe.gov.br\/portal\/wp-content\/uploads\/2021\/08\/vacinacovidpaudalho-800x450.jpeg\" alt=\"\" data-id=\"16785\" data-full-url=\"https:\/\/www.paudalho.pe.gov.br\/portal\/wp-content\/uploads\/2021\/08\/vacinacovidpaudalho.jpeg\" data-link=\"https:\/\/www.paudalho.pe.gov.br\/portal\/?attachment_id=16785\" class=\"wp-image-16785\"\/><figcaption class=\"blocks-gallery-item__caption\"><em>A campanha de vacina\u00e7\u00e3o contra a covid-19 avan\u00e7a em Paudalho.  Foto: Guilherme Ricardo\/PMP.<\/em><\/figcaption><\/figure><\/li><li class=\"blocks-gallery-item\"><figure><img loading=\"lazy\" decoding=\"async\" width=\"800\" height=\"450\" data-attachment-id=\"16786\" data-permalink=\"https:\/\/www.paudalho.pe.gov.br\/portal\/paudalho-inicia-vacinacao-contra-a-covid-19-para-moradores-a-partir-dos-27-anos-nesta-segunda-feira-2\/vacinacovid29\/\" data-orig-file=\"https:\/\/www.paudalho.pe.gov.br\/portal\/wp-content\/uploads\/2021\/08\/vacinacovid29.jpeg\" data-orig-size=\"1280,960\" data-comments-opened=\"1\" data-image-meta=\"{&quot;aperture&quot;:&quot;0&quot;,&quot;credit&quot;:&quot;&quot;,&quot;camera&quot;:&quot;&quot;,&quot;caption&quot;:&quot;&quot;,&quot;created_timestamp&quot;:&quot;0&quot;,&quot;copyright&quot;:&quot;&quot;,&quot;focal_length&quot;:&quot;0&quot;,&quot;iso&quot;:&quot;0&quot;,&quot;shutter_speed&quot;:&quot;0&quot;,&quot;title&quot;:&quot;&quot;,&quot;orientation&quot;:&quot;0&quot;}\" data-image-title=\"vacinacovid29\" data-image-description=\"\" data-image-caption=\"&lt;p&gt;Foto: Guilherme Ricardo\/PMP.&lt;\/p&gt;\n\" data-medium-file=\"https:\/\/www.paudalho.pe.gov.br\/portal\/wp-content\/uploads\/2021\/08\/vacinacovid29-350x230.jpeg\" data-large-file=\"https:\/\/www.paudalho.pe.gov.br\/portal\/wp-content\/uploads\/2021\/08\/vacinacovid29-800x450.jpeg\" src=\"https:\/\/www.paudalho.pe.gov.br\/portal\/wp-content\/uploads\/2021\/08\/vacinacovid29-800x450.jpeg\" alt=\"\" data-id=\"16786\" data-full-url=\"https:\/\/www.paudalho.pe.gov.br\/portal\/wp-content\/uploads\/2021\/08\/vacinacovid29.jpeg\" data-link=\"https:\/\/www.paudalho.pe.gov.br\/portal\/?attachment_id=16786\" class=\"wp-image-16786\"\/><figcaption class=\"blocks-gallery-item__caption\"><em>O pr\u00e9-cadastro para a vacina\u00e7\u00e3o contra a covid-19 j\u00e1 est\u00e1 dispon\u00edvel para pessoas a partir de 18 anos. Foto: Guilherme Ricardo\/PMP.<\/em><\/figcaption><\/figure><\/li><\/ul><\/figure>\n\n\n\n<p>Atualmente, cidad\u00e3os a partir dos 18 anos j\u00e1 podem realizar o&nbsp;<a rel=\"noreferrer noopener\" href=\"https:\/\/paudalho.basemunicipal.com\/saude\/covid\/vacinacao\/pre-cadastro\" target=\"_blank\">pr\u00e9-cadastro on-line<\/a>&nbsp;e aguardar a data de abertura da vacina\u00e7\u00e3o para a faixa et\u00e1ria da qual fazem parte. De acordo com a Prefeitura do Paudalho, mais grupos ser\u00e3o inclu\u00eddos na campanha conforme a chegada de novas entregas de doses dos imunizantes atrav\u00e9s do Minist\u00e9rio da Sa\u00fade.<\/p>\n\n\n\n<p>De acordo com dados divulgados pela Secretaria Municipal de Sa\u00fade atrav\u00e9s da ferramenta on-line&nbsp;<a rel=\"noreferrer noopener\" href=\"https:\/\/paudalho.basemunicipal.com\/saude\/vacinometro\" target=\"_blank\"><strong>Vacin\u00f4metro<\/strong><\/a>, do in\u00edcio da campanha, em janeiro de 2021, at\u00e9 a manh\u00e3 desta segunda-feira (2), 30.653 doses dos imunizantes j\u00e1 foram aplicadas. Desse total, 23.874 (77.9%) foram da primeira dose e 6.255 (20.4%) da segunda. <\/p>\n","protected":false},"excerpt":{"rendered":"<p>A Prefeitura do Paudalho inicia nesta segunda-feira (2) a vacina\u00e7\u00e3o contra a covid-19 para pessoas a partir dos 27 anos de idade. A campanha de imuniza\u00e7\u00e3o no munic\u00edpio avan\u00e7a e j\u00e1 soma mais de 30 mil doses aplicadas. Para ter acesso a primeira dose, mun\u00edcipes que estejam nessa nova faixa et\u00e1ria devem realizar o pr\u00e9-cadastro [&hellip;]<\/p>\n","protected":false},"author":6,"featured_media":16784,"comment_status":"open","ping_status":"open","sticky":false,"template":"","format":"standard","meta":{"_jetpack_newsletter_access":"","_jetpack_dont_email_post_to_subs":false,"_jetpack_newsletter_tier_id":0,"_jetpack_memberships_contains_paywalled_content":false,"_jetpack_memberships_contains_paid_content":false,"footnotes":""},"categories":[732,2,1,3],"tags":[22,168,738],"class_list":["post-16774","post","type-post","status-publish","format-standard","has-post-thumbnail","hentry","category-covid-19","category-destaque","category-noticias","category-saude","tag-prefeitura-do-paudalho","tag-secretaria-de-saude","tag-vacinacao-contra-a-covid-19"],"jetpack_featured_media_url":"https:\/\/www.paudalho.pe.gov.br\/portal\/wp-content\/uploads\/2021\/08\/vacina-covid19.jpeg","jetpack_sharing_enabled":true,"jetpack_shortlink":"https:\/\/wp.me\/p98mS2-4my","_links":{"self":[{"href":"https:\/\/www.paudalho.pe.gov.br\/portal\/wp-json\/wp\/v2\/posts\/16774","targetHints":{"allow":["GET"]}}],"collection":[{"href":"https:\/\/www.paudalho.pe.gov.br\/portal\/wp-json\/wp\/v2\/posts"}],"about":[{"href":"https:\/\/www.paudalho.pe.gov.br\/portal\/wp-json\/wp\/v2\/types\/post"}],"author":[{"embeddable":true,"href":"https:\/\/www.paudalho.pe.gov.br\/portal\/wp-json\/wp\/v2\/users\/6"}],"replies":[{"embeddable":true,"href":"https:\/\/www.paudalho.pe.gov.br\/portal\/wp-json\/wp\/v2\/comments?post=16774"}],"version-history":[{"count":9,"href":"https:\/\/www.paudalho.pe.gov.br\/portal\/wp-json\/wp\/v2\/posts\/16774\/revisions"}],"predecessor-version":[{"id":16801,"href":"https:\/\/www.paudalho.pe.gov.br\/portal\/wp-json\/wp\/v2\/posts\/16774\/revisions\/16801"}],"wp:featuredmedia":[{"embeddable":true,"href":"https:\/\/www.paudalho.pe.gov.br\/portal\/wp-json\/wp\/v2\/media\/16784"}],"wp:attachment":[{"href":"https:\/\/www.paudalho.pe.gov.br\/portal\/wp-json\/wp\/v2\/media?parent=16774"}],"wp:term":[{"taxonomy":"category","embeddable":true,"href":"https:\/\/www.paudalho.pe.gov.br\/portal\/wp-json\/wp\/v2\/categories?post=16774"},{"taxonomy":"post_tag","embeddable":true,"href":"https:\/\/www.paudalho.pe.gov.br\/portal\/wp-json\/wp\/v2\/tags?post=16774"}],"curies":[{"name":"wp","href":"https:\/\/api.w.org\/{rel}","templated":true}]}}