{"id":16750,"date":"2021-07-30T16:02:41","date_gmt":"2021-07-30T19:02:41","guid":{"rendered":"https:\/\/www.paudalho.pe.gov.br\/portal\/?p=16750"},"modified":"2025-01-08T00:39:30","modified_gmt":"2025-01-08T03:39:30","slug":"paudalho-realiza-nova-convocacao-do-cadastro-de-reserva-do-programa-minha-casa-minha-vida","status":"publish","type":"post","link":"https:\/\/www.paudalho.pe.gov.br\/portal\/paudalho-realiza-nova-convocacao-do-cadastro-de-reserva-do-programa-minha-casa-minha-vida\/","title":{"rendered":"Paudalho realiza nova convoca\u00e7\u00e3o do cadastro de reserva do Programa Minha Casa Minha Vida"},"content":{"rendered":"\n<p>Nesta sexta-feira (30), a Prefeitura do Paudalho, por meio de sua Secretaria Municipal de Desenvolvimento e Assist\u00eancia Social (SEDAS), anuncia a Convoca\u00e7\u00e3o N\u00ba 004\/2021, referente ao cadastro reserva do Programa Habitacional Minha Casa Minha Vida. Ao todo, est\u00e3o sendo convocados dois cadastrados do empreendimento Residencial Guadalajara II. A a\u00e7\u00e3o obedece os crit\u00e9rios estabelecidos nos editais de Chamamento P\u00fablico N\u00ba 001\/2019 e N\u00ba 002\/2019.<\/p>\n\n\n\n<p>Os benefici\u00e1rios devem comparecer na sede da Secretaria de Desenvolvimento e Assist\u00eancia Social (SEDAS), situada pr\u00f3ximo a Pra\u00e7a de Santa Tereza, at\u00e9 ter\u00e7a-feira, 3 de agosto. O hor\u00e1rio de atendimento do local \u00e9 das 8h \u00e0s 16h. No dia, ser\u00e1 necess\u00e1rio apresentar documentos de identifica\u00e7\u00e3o, como o RG e o CPF. Para evitar o cont\u00e1gio da covid-19, a Prefeitura refor\u00e7a que o uso de m\u00e1scara ser\u00e1 obrigat\u00f3rio.<\/p>\n\n\n\n<div class=\"wp-block-file\"><a href=\"https:\/\/www.paudalho.pe.gov.br\/portal\/wp-content\/uploads\/2021\/07\/Convocacao-Cadatro-Reserva-004-convertido.pdf\"><strong>FA\u00c7A O DOWNLOAD DA CONVOCA\u00c7\u00c3O N\u00ba 004\/2021 AQUI<\/strong><\/a><a href=\"https:\/\/www.paudalho.pe.gov.br\/portal\/wp-content\/uploads\/2021\/07\/Convocacao-Cadatro-Reserva-004-convertido.pdf\" class=\"wp-block-file__button\" download>Baixar<\/a><\/div>\n","protected":false},"excerpt":{"rendered":"<p>Nesta sexta-feira (30), a Prefeitura do Paudalho, por meio de sua Secretaria Municipal de Desenvolvimento e Assist\u00eancia Social (SEDAS), anuncia a Convoca\u00e7\u00e3o N\u00ba 004\/2021, referente ao cadastro reserva do Programa Habitacional Minha Casa Minha Vida. Ao todo, est\u00e3o sendo convocados dois cadastrados do empreendimento Residencial Guadalajara II. A a\u00e7\u00e3o obedece os crit\u00e9rios estabelecidos nos editais [&hellip;]<\/p>\n","protected":false},"author":6,"featured_media":16754,"comment_status":"open","ping_status":"open","sticky":false,"template":"","format":"standard","meta":{"_jetpack_newsletter_access":"","_jetpack_dont_email_post_to_subs":false,"_jetpack_newsletter_tier_id":0,"_jetpack_memberships_contains_paywalled_content":false,"_jetpack_memberships_contains_paid_content":false,"footnotes":""},"categories":[592,1],"tags":[129,22,578],"class_list":["post-16750","post","type-post","status-publish","format-standard","has-post-thumbnail","hentry","category-minha-casa-minha-vida","category-noticias","tag-minha-casa-minha-vida","tag-prefeitura-do-paudalho","tag-sedas"],"jetpack_featured_media_url":"https:\/\/www.paudalho.pe.gov.br\/portal\/wp-content\/uploads\/2021\/07\/WhatsApp-Image-2021-03-18-at-08.34.01-1.jpeg","jetpack_sharing_enabled":true,"jetpack_shortlink":"https:\/\/wp.me\/p98mS2-4ma","_links":{"self":[{"href":"https:\/\/www.paudalho.pe.gov.br\/portal\/wp-json\/wp\/v2\/posts\/16750","targetHints":{"allow":["GET"]}}],"collection":[{"href":"https:\/\/www.paudalho.pe.gov.br\/portal\/wp-json\/wp\/v2\/posts"}],"about":[{"href":"https:\/\/www.paudalho.pe.gov.br\/portal\/wp-json\/wp\/v2\/types\/post"}],"author":[{"embeddable":true,"href":"https:\/\/www.paudalho.pe.gov.br\/portal\/wp-json\/wp\/v2\/users\/6"}],"replies":[{"embeddable":true,"href":"https:\/\/www.paudalho.pe.gov.br\/portal\/wp-json\/wp\/v2\/comments?post=16750"}],"version-history":[{"count":6,"href":"https:\/\/www.paudalho.pe.gov.br\/portal\/wp-json\/wp\/v2\/posts\/16750\/revisions"}],"predecessor-version":[{"id":16927,"href":"https:\/\/www.paudalho.pe.gov.br\/portal\/wp-json\/wp\/v2\/posts\/16750\/revisions\/16927"}],"wp:featuredmedia":[{"embeddable":true,"href":"https:\/\/www.paudalho.pe.gov.br\/portal\/wp-json\/wp\/v2\/media\/16754"}],"wp:attachment":[{"href":"https:\/\/www.paudalho.pe.gov.br\/portal\/wp-json\/wp\/v2\/media?parent=16750"}],"wp:term":[{"taxonomy":"category","embeddable":true,"href":"https:\/\/www.paudalho.pe.gov.br\/portal\/wp-json\/wp\/v2\/categories?post=16750"},{"taxonomy":"post_tag","embeddable":true,"href":"https:\/\/www.paudalho.pe.gov.br\/portal\/wp-json\/wp\/v2\/tags?post=16750"}],"curies":[{"name":"wp","href":"https:\/\/api.w.org\/{rel}","templated":true}]}}