{"id":16676,"date":"2021-07-29T07:57:48","date_gmt":"2021-07-29T10:57:48","guid":{"rendered":"https:\/\/www.paudalho.pe.gov.br\/portal\/?p=16676"},"modified":"2025-01-08T00:39:30","modified_gmt":"2025-01-08T03:39:30","slug":"paudalho-inicia-hoje-29-a-vacinacao-contra-a-covid-19-de-pessoas-a-partir-dos-29-anos","status":"publish","type":"post","link":"https:\/\/www.paudalho.pe.gov.br\/portal\/paudalho-inicia-hoje-29-a-vacinacao-contra-a-covid-19-de-pessoas-a-partir-dos-29-anos\/","title":{"rendered":"Paudalho inicia hoje (29) a vacina\u00e7\u00e3o contra a covid-19 de pessoas a partir dos 29 anos"},"content":{"rendered":"\n<p>Paudalho inicia nesta quinta-feira (29) a vacina\u00e7\u00e3o contra a covid-19 de pessoas a partir dos 29 anos de idade. Esse \u00e9 mais um avan\u00e7o na campanha de imuniza\u00e7\u00e3o do munic\u00edpio que j\u00e1 soma mais de <a href=\"https:\/\/paudalho.basemunicipal.com\/saude\/vacinometro\" target=\"_blank\" rel=\"noreferrer noopener\">29 mil doses das vacinas<\/a> aplicadas em sua popula\u00e7\u00e3o. Para ter acesso ao imunizante, \u00e9 necess\u00e1rio que o mun\u00edcipe realize o pr\u00e9-cadastro on-line no site da Prefeitura. O cadastramento \u00e9 um passo inicial e obrigat\u00f3rio para o controle e acompanhamento da vacina\u00e7\u00e3o na cidade.<\/p>\n\n\n\n<p><a rel=\"noreferrer noopener\" href=\"https:\/\/paudalho.basemunicipal.com\/saude\/covid\/vacinacao\/pre-cadastro\" target=\"_blank\"><strong>&gt;&gt;&gt; REALIZE O SEU PR\u00c9-CADASTRO PARA A VACINA\u00c7\u00c3O CONTRA A COVID-19 AQUI!<\/strong><\/a><\/p>\n\n\n\n<p>A imuniza\u00e7\u00e3o est\u00e1 sendo realizada no ponto drive-thru em frente a Pra\u00e7a Pedro Coutinho, no Centro. O atendimento est\u00e1 dispon\u00edvel de segunda a sexta, das 8h \u00e0s 16h, com exce\u00e7\u00e3o para as ter\u00e7as e quintas, dias em que o hor\u00e1rio de funcionamento \u00e9 estendido at\u00e9 \u00e0s 20h. <\/p>\n\n\n\n<p>Durante a ocasi\u00e3o, o mun\u00edcipe dever\u00e1 apresentar um documento de identifica\u00e7\u00e3o com foto, o CPF e um comprovante de resid\u00eancia. J\u00e1 os paudalhenses que forem tomar a segunda dose da vacina devem portar um documento de identifica\u00e7\u00e3o com foto e a carteira de vacina\u00e7\u00e3o contra a covid-19 com a primeira aplica\u00e7\u00e3o anotada. <\/p>\n\n\n\n<figure class=\"wp-block-image size-large\"><img loading=\"lazy\" decoding=\"async\" width=\"800\" height=\"450\" data-attachment-id=\"16683\" data-permalink=\"https:\/\/www.paudalho.pe.gov.br\/portal\/paudalho-inicia-hoje-29-a-vacinacao-contra-a-covid-19-de-pessoas-a-partir-dos-29-anos\/_h5a0076-2\/\" data-orig-file=\"https:\/\/www.paudalho.pe.gov.br\/portal\/wp-content\/uploads\/2021\/07\/H5A0076-scaled.jpg\" data-orig-size=\"2560,1707\" data-comments-opened=\"1\" data-image-meta=\"{&quot;aperture&quot;:&quot;8&quot;,&quot;credit&quot;:&quot;CHARLES JOHNSON&quot;,&quot;camera&quot;:&quot;Canon EOS 5D Mark IV&quot;,&quot;caption&quot;:&quot;&quot;,&quot;created_timestamp&quot;:&quot;1616750032&quot;,&quot;copyright&quot;:&quot;CHARLES JOHNSON 81 986016133&quot;,&quot;focal_length&quot;:&quot;50&quot;,&quot;iso&quot;:&quot;125&quot;,&quot;shutter_speed&quot;:&quot;0.00625&quot;,&quot;title&quot;:&quot;&quot;,&quot;orientation&quot;:&quot;1&quot;}\" data-image-title=\"_H5A0076\" data-image-description=\"\" data-image-caption=\"\" data-medium-file=\"https:\/\/www.paudalho.pe.gov.br\/portal\/wp-content\/uploads\/2021\/07\/H5A0076-350x230.jpg\" data-large-file=\"https:\/\/www.paudalho.pe.gov.br\/portal\/wp-content\/uploads\/2021\/07\/H5A0076-800x450.jpg\" src=\"https:\/\/www.paudalho.pe.gov.br\/portal\/wp-content\/uploads\/2021\/07\/H5A0076-800x450.jpg\" alt=\"\" class=\"wp-image-16683\"\/><figcaption><em>A vacina\u00e7\u00e3o contra a covid-19 est\u00e1 sendo realizada no ponto drive-thru em frente a Pra\u00e7a Pedro Coutinho, no centro de Paudalho. Foto: Josu\u00e9 J\u00fanior\/PMP.<\/em><\/figcaption><\/figure>\n\n\n\n<p>Atualmente, cidad\u00e3os a partir dos 18 anos j\u00e1 podem realizar o <a rel=\"noreferrer noopener\" href=\"https:\/\/paudalho.basemunicipal.com\/saude\/covid\/vacinacao\/pre-cadastro\" target=\"_blank\">pr\u00e9-cadastro on-line<\/a> e aguardar a data de abertura da vacina\u00e7\u00e3o para a faixa et\u00e1ria da qual fazem parte. De acordo com a Prefeitura do Paudalho, mais grupos ser\u00e3o inclu\u00eddos na campanha conforme a chegada de novas entregas de doses dos imunizantes atrav\u00e9s do Minist\u00e9rio da Sa\u00fade.<\/p>\n\n\n\n<h3 class=\"wp-block-heading\"><strong>Vacina\u00e7\u00e3o Itinerante<\/strong><\/h3>\n\n\n\n<p>Hoje (29), al\u00e9m do ponto de vacina\u00e7\u00e3o drive-thru, a Secretaria Municipal de Sa\u00fade tamb\u00e9m realizar\u00e1 a aplica\u00e7\u00e3o das doses das vacinas contra a covid-19 na comunidade de Guadalajara. A imuniza\u00e7\u00e3o ocorrer\u00e1 nos postos de sa\u00fade Guadalajara 2 e 3, com in\u00edcio \u00e0s 16h e prosseguimento at\u00e9 \u00e0s 19h. <\/p>\n\n\n\n<p>J\u00e1 no s\u00e1bado, dia 31, a iniciativa ocorrer\u00e1 no posto de sa\u00fade da comunidade Ch\u00e3 de Conselho, das 8h \u00e0s 13h. Os pontos itinerantes de imuniza\u00e7\u00e3o s\u00e3o uma estrat\u00e9gia adotada pelo Governo Municipal para facilitar o acesso \u00e0 imuniza\u00e7\u00e3o para as pessoas que residem em bairros mais afastados do centro da cidade.\u00a0<\/p>\n","protected":false},"excerpt":{"rendered":"<p>Paudalho inicia nesta quinta-feira (29) a vacina\u00e7\u00e3o contra a covid-19 de pessoas a partir dos 29 anos de idade. Esse \u00e9 mais um avan\u00e7o na campanha de imuniza\u00e7\u00e3o do munic\u00edpio que j\u00e1 soma mais de 29 mil doses das vacinas aplicadas em sua popula\u00e7\u00e3o. Para ter acesso ao imunizante, \u00e9 necess\u00e1rio que o mun\u00edcipe realize [&hellip;]<\/p>\n","protected":false},"author":6,"featured_media":16682,"comment_status":"open","ping_status":"open","sticky":false,"template":"","format":"standard","meta":{"_jetpack_newsletter_access":"","_jetpack_dont_email_post_to_subs":false,"_jetpack_newsletter_tier_id":0,"_jetpack_memberships_contains_paywalled_content":false,"_jetpack_memberships_contains_paid_content":false,"footnotes":""},"categories":[732,2,1,3],"tags":[622,22,168,738],"class_list":["post-16676","post","type-post","status-publish","format-standard","has-post-thumbnail","hentry","category-covid-19","category-destaque","category-noticias","category-saude","tag-covid-19","tag-prefeitura-do-paudalho","tag-secretaria-de-saude","tag-vacinacao-contra-a-covid-19"],"jetpack_featured_media_url":"https:\/\/www.paudalho.pe.gov.br\/portal\/wp-content\/uploads\/2021\/07\/Vacinacao-contra-a-covid19-em-Paudalho.jpeg","jetpack_sharing_enabled":true,"jetpack_shortlink":"https:\/\/wp.me\/p98mS2-4kY","_links":{"self":[{"href":"https:\/\/www.paudalho.pe.gov.br\/portal\/wp-json\/wp\/v2\/posts\/16676","targetHints":{"allow":["GET"]}}],"collection":[{"href":"https:\/\/www.paudalho.pe.gov.br\/portal\/wp-json\/wp\/v2\/posts"}],"about":[{"href":"https:\/\/www.paudalho.pe.gov.br\/portal\/wp-json\/wp\/v2\/types\/post"}],"author":[{"embeddable":true,"href":"https:\/\/www.paudalho.pe.gov.br\/portal\/wp-json\/wp\/v2\/users\/6"}],"replies":[{"embeddable":true,"href":"https:\/\/www.paudalho.pe.gov.br\/portal\/wp-json\/wp\/v2\/comments?post=16676"}],"version-history":[{"count":26,"href":"https:\/\/www.paudalho.pe.gov.br\/portal\/wp-json\/wp\/v2\/posts\/16676\/revisions"}],"predecessor-version":[{"id":16704,"href":"https:\/\/www.paudalho.pe.gov.br\/portal\/wp-json\/wp\/v2\/posts\/16676\/revisions\/16704"}],"wp:featuredmedia":[{"embeddable":true,"href":"https:\/\/www.paudalho.pe.gov.br\/portal\/wp-json\/wp\/v2\/media\/16682"}],"wp:attachment":[{"href":"https:\/\/www.paudalho.pe.gov.br\/portal\/wp-json\/wp\/v2\/media?parent=16676"}],"wp:term":[{"taxonomy":"category","embeddable":true,"href":"https:\/\/www.paudalho.pe.gov.br\/portal\/wp-json\/wp\/v2\/categories?post=16676"},{"taxonomy":"post_tag","embeddable":true,"href":"https:\/\/www.paudalho.pe.gov.br\/portal\/wp-json\/wp\/v2\/tags?post=16676"}],"curies":[{"name":"wp","href":"https:\/\/api.w.org\/{rel}","templated":true}]}}