{"id":1664,"date":"2017-10-23T02:12:09","date_gmt":"2017-10-23T05:12:09","guid":{"rendered":"http:\/\/www.paudalho.pe.gov.br\/portal\/?p=1664"},"modified":"2017-10-23T19:19:10","modified_gmt":"2017-10-23T22:19:10","slug":"prefeitura-apresenta-metas-fiscais-em-audiencia-publica-nesta-segunda-feira","status":"publish","type":"post","link":"https:\/\/www.paudalho.pe.gov.br\/portal\/prefeitura-apresenta-metas-fiscais-em-audiencia-publica-nesta-segunda-feira\/","title":{"rendered":"Prefeitura apresenta metas fiscais em Audi\u00eancia P\u00fablica nesta segunda-feira"},"content":{"rendered":"<p>A Prefeitura do Paudalho realiza nesta segunda-feira (23), uma Audi\u00eancia P\u00fablica para demonstra\u00e7\u00e3o e avalia\u00e7\u00e3o do cumprimento de metas fiscais do segundo quadrimestre deste ano do poder Executivo Municipal do Paudalho. O evento ocorre a partir das 10h, no audit\u00f3rio da C\u00e2mara Municipal do Paudalho, no centro da cidade. Chegou a sua vez de avaliar as metas, receitas e despesas da gest\u00e3o.<\/p>\n<h2><strong>O que s\u00e3o as metas fiscais?<\/strong><\/h2>\n<p>S\u00e3o justamente estes limites de gastos; s\u00e3o formas mais claras para planejamento de receitas e despesas. A Audi\u00eancia P\u00fablica \u00e9 proposta pela <a href=\"http:\/\/www.paudalho.pe.gov.br\/portal\/prefeitura-apresenta-metas-fiscais-em-audiencia-publica-nesta-segunda-feira\/\">Lei de Responsabilidade Fiscal<\/a>,, que regula os atos administrativos do gestor da cidade e est\u00e1 no\u00a0art. \u00a0<a href=\"http:\/\/www.jusbrasil.com.br\/topicos\/11249964\/artigo-9-lc-n-101-de-04-de-maio-de-2000\">9\u00ba<\/a>, par\u00e1grafo quarto, confira:<\/p>\n<p>Art. 9\u00ba Se verificado, ao final de um bimestre que a realiza\u00e7\u00e3o da receita poder\u00e1 n\u00e3o comportar o cumprimento das metas de resultado prim\u00e1rio ou nominal estabelecidas no Anexo de Metas Fiscais, os Poderes e o Minist\u00e9rio P\u00fablico promover\u00e3o, por ato pr\u00f3prio e nos montantes necess\u00e1rios, nos trinta dias subsequentes, limita\u00e7\u00e3o de empenho e movimenta\u00e7\u00e3o financeira, segundo os crit\u00e9rios fixados pela lei de diretrizes or\u00e7ament\u00e1rias. \u00a7 4\u00ba At\u00e9 o final dos meses de maio, setembro e fevereiro, o Poder Executivo demonstrar\u00e1 e avaliar\u00e1 o cumprimento das metas fiscais de cada quadrimestre em audi\u00eancia p\u00fablica na comiss\u00e3o referida no\u00a0\u00a7 1\u00a0do art. <em><a href=\"http:\/\/www.jusbrasil.com.br\/topicos\/10662925\/artigo-166-da-constitui%C3%A7%C3%A3o-federal-de-1988\">166<\/a><\/em> da <em>\u00a0<a href=\"http:\/\/www.jusbrasil.com.br\/legislacao\/155571402\/constitui%C3%A7%C3%A3o-federal-constitui%C3%A7%C3%A3o-da-republica-federativa-do-brasil-1988\">Constitui\u00e7\u00e3o<\/a><\/em>\u00a0ou equivalente nas Casas Legislativas estaduais e municipais.<\/p>\n<h2><strong>O que \u00e9 uma audi\u00eancia p\u00fablica?<\/strong><\/h2>\n<p>\u00c9 um espa\u00e7o democr\u00e1tico, uma reuni\u00e3o p\u00fablica e transparente em que discuss\u00f5es acontecem entre cidad\u00e3os e autoridades do poder p\u00fablico.<\/p>\n","protected":false},"excerpt":{"rendered":"<p>A Prefeitura do Paudalho realiza nesta segunda-feira (23), uma Audi\u00eancia P\u00fablica para demonstra\u00e7\u00e3o e avalia\u00e7\u00e3o do cumprimento de metas fiscais do segundo quadrimestre deste ano do poder Executivo Municipal do Paudalho. O evento ocorre a partir das 10h, no audit\u00f3rio da C\u00e2mara Municipal do Paudalho, no centro da cidade. Chegou a sua vez de avaliar [&hellip;]<\/p>\n","protected":false},"author":4,"featured_media":1665,"comment_status":"open","ping_status":"open","sticky":false,"template":"","format":"standard","meta":{"_jetpack_newsletter_access":"","_jetpack_dont_email_post_to_subs":false,"_jetpack_newsletter_tier_id":0,"_jetpack_memberships_contains_paywalled_content":false,"_jetpack_memberships_contains_paid_content":false,"footnotes":""},"categories":[43,2,1],"tags":[45,174,22],"class_list":["post-1664","post","type-post","status-publish","format-standard","has-post-thumbnail","hentry","category-audiencia-publica","category-destaque","category-noticias","tag-audiencia-publica","tag-metas-fiscais","tag-prefeitura-do-paudalho"],"jetpack_featured_media_url":"https:\/\/www.paudalho.pe.gov.br\/portal\/wp-content\/uploads\/2017\/10\/metas-aaa.png","jetpack_sharing_enabled":true,"jetpack_shortlink":"https:\/\/wp.me\/p98mS2-qQ","_links":{"self":[{"href":"https:\/\/www.paudalho.pe.gov.br\/portal\/wp-json\/wp\/v2\/posts\/1664","targetHints":{"allow":["GET"]}}],"collection":[{"href":"https:\/\/www.paudalho.pe.gov.br\/portal\/wp-json\/wp\/v2\/posts"}],"about":[{"href":"https:\/\/www.paudalho.pe.gov.br\/portal\/wp-json\/wp\/v2\/types\/post"}],"author":[{"embeddable":true,"href":"https:\/\/www.paudalho.pe.gov.br\/portal\/wp-json\/wp\/v2\/users\/4"}],"replies":[{"embeddable":true,"href":"https:\/\/www.paudalho.pe.gov.br\/portal\/wp-json\/wp\/v2\/comments?post=1664"}],"version-history":[{"count":12,"href":"https:\/\/www.paudalho.pe.gov.br\/portal\/wp-json\/wp\/v2\/posts\/1664\/revisions"}],"predecessor-version":[{"id":1677,"href":"https:\/\/www.paudalho.pe.gov.br\/portal\/wp-json\/wp\/v2\/posts\/1664\/revisions\/1677"}],"wp:featuredmedia":[{"embeddable":true,"href":"https:\/\/www.paudalho.pe.gov.br\/portal\/wp-json\/wp\/v2\/media\/1665"}],"wp:attachment":[{"href":"https:\/\/www.paudalho.pe.gov.br\/portal\/wp-json\/wp\/v2\/media?parent=1664"}],"wp:term":[{"taxonomy":"category","embeddable":true,"href":"https:\/\/www.paudalho.pe.gov.br\/portal\/wp-json\/wp\/v2\/categories?post=1664"},{"taxonomy":"post_tag","embeddable":true,"href":"https:\/\/www.paudalho.pe.gov.br\/portal\/wp-json\/wp\/v2\/tags?post=1664"}],"curies":[{"name":"wp","href":"https:\/\/api.w.org\/{rel}","templated":true}]}}