{"id":16456,"date":"2021-07-22T12:50:42","date_gmt":"2021-07-22T15:50:42","guid":{"rendered":"https:\/\/www.paudalho.pe.gov.br\/portal\/?p=16456"},"modified":"2025-01-08T00:39:31","modified_gmt":"2025-01-08T03:39:31","slug":"prefeitura-do-paudalho-abre-inscricoes-para-curso-gratuito-de-defesa-pessoal-para-mulheres","status":"publish","type":"post","link":"https:\/\/www.paudalho.pe.gov.br\/portal\/prefeitura-do-paudalho-abre-inscricoes-para-curso-gratuito-de-defesa-pessoal-para-mulheres\/","title":{"rendered":"Prefeitura do Paudalho abre inscri\u00e7\u00f5es para curso gratuito de defesa pessoal para mulheres"},"content":{"rendered":"\n<p>A viol\u00eancia contra a mulher \u00e9 um problema que atinge toda a sociedade brasileira. Com o intuito de assegurar o direito de autodefesa das moradoras do Paudalho e contribuir com a redu\u00e7\u00e3o no \u00edndice de viol\u00eancia no munic\u00edpio, a Prefeitura do Paudalho, atrav\u00e9s de sua Coordenadoria da Mulher, e em parceria com a Guarda Civil Municipal (GCM), abriu inscri\u00e7\u00f5es para um curso gratuito de defesa pessoal para mulheres. <\/p>\n\n\n\n<p>Ao todo, est\u00e3o sendo disponibilizadas 15 vagas para aulas que ocorrer\u00e3o durante todos os s\u00e1bados do m\u00eas de agosto. As inscri\u00e7\u00f5es s\u00e3o presenciais e devem ser realizadas no edif\u00edcio Pa\u00e7o Municipal, no Centro, at\u00e9 o dia 30 de julho. O hor\u00e1rio de atendimento da Coordenadoria \u00e9 das 8h \u00e0s 13h. Podem se inscrever mun\u00edcipes maiores de 18 anos que residam atualmente em Paudalho. Para o cadastramento as interessadas devem levar o documento de CPF, o RG, e um comprovante de resid\u00eancia.<\/p>\n\n\n\n<p>De acordo com a coordenadora da Mulher, Cida Galv\u00e3o, a expectativa \u00e9 que outras edi\u00e7\u00f5es da a\u00e7\u00e3o ocorram posteriormente: &#8220;No momento, est\u00e3o sendo oferecidas 15 vagas. \u00c9 um n\u00famero reduzido devido \u00e0s restri\u00e7\u00f5es de preven\u00e7\u00e3o \u00e0 covid-19. Mas, em breve, n\u00f3s estaremos formando novas turmas a fim de alcan\u00e7ar e preparar o maior n\u00famero de mulheres.&#8221; <\/p>\n\n\n\n<p>As aulas ter\u00e3o in\u00edcio no dia 07 de agosto e ocorrer\u00e3o no Col\u00e9gio Municipal do Paudalho (CMP), localizado na Travessa Padre Em\u00eddio, tamb\u00e9m no Centro. O curso ser\u00e1 realizado durante o per\u00edodo diurno, com hor\u00e1rio definido ap\u00f3s o fechamento das inscri\u00e7\u00f5es. A Coordenadoria da Mulher disponibiliza o WhatsApp <strong>(81) 9 9958-0880 <\/strong>para mais informa\u00e7\u00f5es.<\/p>\n\n\n\n<p><\/p>\n","protected":false},"excerpt":{"rendered":"<p>A viol\u00eancia contra a mulher \u00e9 um problema que atinge toda a sociedade brasileira. Com o intuito de assegurar o direito de autodefesa das moradoras do Paudalho e contribuir com a redu\u00e7\u00e3o no \u00edndice de viol\u00eancia no munic\u00edpio, a Prefeitura do Paudalho, atrav\u00e9s de sua Coordenadoria da Mulher, e em parceria com a Guarda Civil [&hellip;]<\/p>\n","protected":false},"author":6,"featured_media":16460,"comment_status":"open","ping_status":"open","sticky":false,"template":"","format":"standard","meta":{"_jetpack_newsletter_access":"","_jetpack_dont_email_post_to_subs":false,"_jetpack_newsletter_tier_id":0,"_jetpack_memberships_contains_paywalled_content":false,"_jetpack_memberships_contains_paid_content":false,"footnotes":""},"categories":[766,2,1],"tags":[298,646,22,84],"class_list":["post-16456","post","type-post","status-publish","format-standard","has-post-thumbnail","hentry","category-coordenadoria-da-mulher","category-destaque","category-noticias","tag-coordenadoria-da-mulher","tag-guarda-civil-municipal","tag-prefeitura-do-paudalho","tag-seguranca"],"jetpack_featured_media_url":"https:\/\/www.paudalho.pe.gov.br\/portal\/wp-content\/uploads\/2021\/07\/pexels-julia-larson-6456222-scaled.jpg","jetpack_sharing_enabled":true,"jetpack_shortlink":"https:\/\/wp.me\/p98mS2-4hq","_links":{"self":[{"href":"https:\/\/www.paudalho.pe.gov.br\/portal\/wp-json\/wp\/v2\/posts\/16456","targetHints":{"allow":["GET"]}}],"collection":[{"href":"https:\/\/www.paudalho.pe.gov.br\/portal\/wp-json\/wp\/v2\/posts"}],"about":[{"href":"https:\/\/www.paudalho.pe.gov.br\/portal\/wp-json\/wp\/v2\/types\/post"}],"author":[{"embeddable":true,"href":"https:\/\/www.paudalho.pe.gov.br\/portal\/wp-json\/wp\/v2\/users\/6"}],"replies":[{"embeddable":true,"href":"https:\/\/www.paudalho.pe.gov.br\/portal\/wp-json\/wp\/v2\/comments?post=16456"}],"version-history":[{"count":21,"href":"https:\/\/www.paudalho.pe.gov.br\/portal\/wp-json\/wp\/v2\/posts\/16456\/revisions"}],"predecessor-version":[{"id":16481,"href":"https:\/\/www.paudalho.pe.gov.br\/portal\/wp-json\/wp\/v2\/posts\/16456\/revisions\/16481"}],"wp:featuredmedia":[{"embeddable":true,"href":"https:\/\/www.paudalho.pe.gov.br\/portal\/wp-json\/wp\/v2\/media\/16460"}],"wp:attachment":[{"href":"https:\/\/www.paudalho.pe.gov.br\/portal\/wp-json\/wp\/v2\/media?parent=16456"}],"wp:term":[{"taxonomy":"category","embeddable":true,"href":"https:\/\/www.paudalho.pe.gov.br\/portal\/wp-json\/wp\/v2\/categories?post=16456"},{"taxonomy":"post_tag","embeddable":true,"href":"https:\/\/www.paudalho.pe.gov.br\/portal\/wp-json\/wp\/v2\/tags?post=16456"}],"curies":[{"name":"wp","href":"https:\/\/api.w.org\/{rel}","templated":true}]}}