{"id":16438,"date":"2021-07-21T14:34:39","date_gmt":"2021-07-21T17:34:39","guid":{"rendered":"https:\/\/www.paudalho.pe.gov.br\/portal\/?p=16438"},"modified":"2025-01-08T00:39:31","modified_gmt":"2025-01-08T03:39:31","slug":"comunidade-de-cha-de-cruz-recebe-ponto-itinerante-de-vacinacao-contra-a-covid-19-neste-sabado-21","status":"publish","type":"post","link":"https:\/\/www.paudalho.pe.gov.br\/portal\/comunidade-de-cha-de-cruz-recebe-ponto-itinerante-de-vacinacao-contra-a-covid-19-neste-sabado-21\/","title":{"rendered":"Comunidade Ch\u00e3 de Cruz recebe ponto itinerante de vacina\u00e7\u00e3o contra a covid-19 neste s\u00e1bado (24)"},"content":{"rendered":"\n<p>Moradores da comunidade de Ch\u00e3 de Cruz, em Paudalho, poder\u00e3o tomar a vacina contra a covid-19 com mais comodidade no s\u00e1bado (24). A Secretaria Municipal de Sa\u00fade montar\u00e1 um ponto itinerante de vacina\u00e7\u00e3o no local, na Escola Municipal Maria de F\u00e1tima, com atendimento das 8h \u00e0s 13h. A iniciativa tem o objetivo de democratizar o acesso \u00e0s doses dos imunizantes para a popula\u00e7\u00e3o que reside em bairros mais afastados do Centro. <\/p>\n\n\n\n<p><a rel=\"noreferrer noopener\" href=\"https:\/\/paudalho.basemunicipal.com\/saude\/covid\/vacinacao\/pre-cadastro\" target=\"_blank\"><strong>&gt;&gt;&gt; REALIZE O PR\u00c9-CADASTRO PARA A VACINA\u00c7\u00c3O CONTRA A COVID-19 AQUI!<\/strong><\/a><\/p>\n\n\n\n<p>A partir desta quarta-feira (21), paudalhenses a partir dos 30 anos de idade j\u00e1 podem ser vacinados. Para ter acesso ao imunizante, o mun\u00edcipe precisa realizar o pr\u00e9-cadastro dispon\u00edvel no <a rel=\"noreferrer noopener\" href=\"https:\/\/paudalho.basemunicipal.com\/saude\/covid\/vacinacao\/pre-cadastro\" target=\"_blank\">site da Prefeitura do Paudalho<\/a>. No ato da imuniza\u00e7\u00e3o ser\u00e1 necess\u00e1rio apresentar um documento com foto, CPF e um comprovante de resid\u00eancia. J\u00e1 quem precisa tomar a segunda dose deve estar com a carteira de vacina\u00e7\u00e3o e um documento de identifica\u00e7\u00e3o com foto em m\u00e3os durante o momento.&nbsp;<\/p>\n\n\n\n<p>O ponto de vacina\u00e7\u00e3o drive-thru continuar\u00e1 dispon\u00edvel para os paudalhenses que residem nos demais bairros da cidade. A parada est\u00e1 localizada em frente a Pra\u00e7a Pedro Coutinho, no Centro. O atendimento \u00e9 realizado de segunda a s\u00e1bado, das 8h \u00e0s 16h, com funcionamento estendido nas ter\u00e7as e quintas-feiras at\u00e9 \u00e0s 20h.<\/p>\n\n\n\n<p><\/p>\n","protected":false},"excerpt":{"rendered":"<p>Moradores da comunidade de Ch\u00e3 de Cruz, em Paudalho, poder\u00e3o tomar a vacina contra a covid-19 com mais comodidade no s\u00e1bado (24). A Secretaria Municipal de Sa\u00fade montar\u00e1 um ponto itinerante de vacina\u00e7\u00e3o no local, na Escola Municipal Maria de F\u00e1tima, com atendimento das 8h \u00e0s 13h. A iniciativa tem o objetivo de democratizar o [&hellip;]<\/p>\n","protected":false},"author":6,"featured_media":15078,"comment_status":"open","ping_status":"open","sticky":false,"template":"","format":"standard","meta":{"_jetpack_newsletter_access":"","_jetpack_dont_email_post_to_subs":false,"_jetpack_newsletter_tier_id":0,"_jetpack_memberships_contains_paywalled_content":false,"_jetpack_memberships_contains_paid_content":false,"footnotes":""},"categories":[732,2,1,3],"tags":[22,168,738],"class_list":["post-16438","post","type-post","status-publish","format-standard","has-post-thumbnail","hentry","category-covid-19","category-destaque","category-noticias","category-saude","tag-prefeitura-do-paudalho","tag-secretaria-de-saude","tag-vacinacao-contra-a-covid-19"],"jetpack_featured_media_url":"https:\/\/www.paudalho.pe.gov.br\/portal\/wp-content\/uploads\/2021\/05\/H5A9804-scaled.jpg","jetpack_sharing_enabled":true,"jetpack_shortlink":"https:\/\/wp.me\/p98mS2-4h8","_links":{"self":[{"href":"https:\/\/www.paudalho.pe.gov.br\/portal\/wp-json\/wp\/v2\/posts\/16438","targetHints":{"allow":["GET"]}}],"collection":[{"href":"https:\/\/www.paudalho.pe.gov.br\/portal\/wp-json\/wp\/v2\/posts"}],"about":[{"href":"https:\/\/www.paudalho.pe.gov.br\/portal\/wp-json\/wp\/v2\/types\/post"}],"author":[{"embeddable":true,"href":"https:\/\/www.paudalho.pe.gov.br\/portal\/wp-json\/wp\/v2\/users\/6"}],"replies":[{"embeddable":true,"href":"https:\/\/www.paudalho.pe.gov.br\/portal\/wp-json\/wp\/v2\/comments?post=16438"}],"version-history":[{"count":16,"href":"https:\/\/www.paudalho.pe.gov.br\/portal\/wp-json\/wp\/v2\/posts\/16438\/revisions"}],"predecessor-version":[{"id":16455,"href":"https:\/\/www.paudalho.pe.gov.br\/portal\/wp-json\/wp\/v2\/posts\/16438\/revisions\/16455"}],"wp:featuredmedia":[{"embeddable":true,"href":"https:\/\/www.paudalho.pe.gov.br\/portal\/wp-json\/wp\/v2\/media\/15078"}],"wp:attachment":[{"href":"https:\/\/www.paudalho.pe.gov.br\/portal\/wp-json\/wp\/v2\/media?parent=16438"}],"wp:term":[{"taxonomy":"category","embeddable":true,"href":"https:\/\/www.paudalho.pe.gov.br\/portal\/wp-json\/wp\/v2\/categories?post=16438"},{"taxonomy":"post_tag","embeddable":true,"href":"https:\/\/www.paudalho.pe.gov.br\/portal\/wp-json\/wp\/v2\/tags?post=16438"}],"curies":[{"name":"wp","href":"https:\/\/api.w.org\/{rel}","templated":true}]}}