{"id":16423,"date":"2021-07-21T12:35:02","date_gmt":"2021-07-21T15:35:02","guid":{"rendered":"https:\/\/www.paudalho.pe.gov.br\/portal\/?p=16423"},"modified":"2025-01-08T00:39:31","modified_gmt":"2025-01-08T03:39:31","slug":"paudalho-inicia-vacinacao-contra-a-covid-19-de-pessoas-com-30-anos-ou-mais-a-partir-desta-quarta-feira-21","status":"publish","type":"post","link":"https:\/\/www.paudalho.pe.gov.br\/portal\/paudalho-inicia-vacinacao-contra-a-covid-19-de-pessoas-com-30-anos-ou-mais-a-partir-desta-quarta-feira-21\/","title":{"rendered":"Paudalho inicia vacina\u00e7\u00e3o contra a covid-19 de pessoas com 30 anos ou mais a partir desta quarta-feira (21)"},"content":{"rendered":"\n<p>A Prefeitura do Paudalho, atrav\u00e9s da sua Secretaria Municipal de Sa\u00fade, vai ampliar nesta quarta-feira (21) a campanha de vacina\u00e7\u00e3o contra a covid-19 para moradores a partir dos 30 anos de idade. Para ter acesso a dose da vacina, os cidad\u00e3os que fazem parte desse p\u00fablico devem realizar o pr\u00e9-cadastro on-line dispon\u00edvel no <a rel=\"noreferrer noopener\" href=\"https:\/\/paudalho.basemunicipal.com\/saude\/covid\/vacinacao\/pre-cadastro\" target=\"_blank\">site da Prefeitura<\/a>. O cadastramento \u00e9 um passo inicial e obrigat\u00f3rio para o controle e acompanhamento da imuniza\u00e7\u00e3o no munic\u00edpio.<\/p>\n\n\n\n<p><a rel=\"noreferrer noopener\" href=\"https:\/\/paudalho.basemunicipal.com\/saude\/covid\/vacinacao\/pre-cadastro\" target=\"_blank\"><strong>&gt;&gt;&gt; REALIZE O SEU PR\u00c9-CADASTRO PARA A VACINA\u00c7\u00c3O CONTRA A COVID-19 AQUI!<\/strong><\/a><\/p>\n\n\n\n<p>Ap\u00f3s o pr\u00e9-cadastro, o paudalhense deve se dirigir at\u00e9 a sede da Secretaria, localizada em frente a Pra\u00e7a Pedro Coutinho, no Centro. O atendimento \u00e9 realizado de segunda a s\u00e1bado, das 8h \u00e0s 16h, com exce\u00e7\u00e3o para ter\u00e7as e quintas-feiras, dias em que o hor\u00e1rio \u00e9 estendido at\u00e9 \u00e0s 20h. No ato da imuniza\u00e7\u00e3o ser\u00e1 necess\u00e1rio apresentar um documento com foto, CPF e um comprovante de resid\u00eancia.<\/p>\n\n\n\n<figure class=\"wp-block-image size-large\"><img loading=\"lazy\" decoding=\"async\" width=\"800\" height=\"450\" data-attachment-id=\"16431\" data-permalink=\"https:\/\/www.paudalho.pe.gov.br\/portal\/paudalho-inicia-vacinacao-contra-a-covid-19-de-pessoas-com-30-anos-ou-mais-a-partir-desta-quarta-feira-21\/whatsapp-image-2021-07-21-at-12-07-31-2\/\" data-orig-file=\"https:\/\/www.paudalho.pe.gov.br\/portal\/wp-content\/uploads\/2021\/07\/WhatsApp-Image-2021-07-21-at-12.07.31-2.jpeg\" data-orig-size=\"1280,960\" data-comments-opened=\"1\" data-image-meta=\"{&quot;aperture&quot;:&quot;0&quot;,&quot;credit&quot;:&quot;&quot;,&quot;camera&quot;:&quot;&quot;,&quot;caption&quot;:&quot;&quot;,&quot;created_timestamp&quot;:&quot;0&quot;,&quot;copyright&quot;:&quot;&quot;,&quot;focal_length&quot;:&quot;0&quot;,&quot;iso&quot;:&quot;0&quot;,&quot;shutter_speed&quot;:&quot;0&quot;,&quot;title&quot;:&quot;&quot;,&quot;orientation&quot;:&quot;0&quot;}\" data-image-title=\"WhatsApp Image 2021-07-21 at 12.07.31\" data-image-description=\"\" data-image-caption=\"\" data-medium-file=\"https:\/\/www.paudalho.pe.gov.br\/portal\/wp-content\/uploads\/2021\/07\/WhatsApp-Image-2021-07-21-at-12.07.31-2-350x230.jpeg\" data-large-file=\"https:\/\/www.paudalho.pe.gov.br\/portal\/wp-content\/uploads\/2021\/07\/WhatsApp-Image-2021-07-21-at-12.07.31-2-800x450.jpeg\" src=\"https:\/\/www.paudalho.pe.gov.br\/portal\/wp-content\/uploads\/2021\/07\/WhatsApp-Image-2021-07-21-at-12.07.31-2-800x450.jpeg\" alt=\"\" class=\"wp-image-16431\"\/><figcaption><em>Moradora de Paudalho recebe a dose da vacina contra a covid-19. Foto: Guilherme Ricardo\/PMP.<\/em><\/figcaption><\/figure>\n\n\n\n<p>A imuniza\u00e7\u00e3o avan\u00e7a e o munic\u00edpio j\u00e1 soma mais de 27 mil doses aplicadas em sua popula\u00e7\u00e3o. De acordo com dados divulgados pela Secretaria Municipal de Sa\u00fade atrav\u00e9s da ferramenta on-line\u00a0<a rel=\"noreferrer noopener\" href=\"https:\/\/paudalho.basemunicipal.com\/saude\/vacinometro\" target=\"_blank\"><strong>Vacin\u00f4metro<\/strong><\/a>, do in\u00edcio da campanha, em janeiro de 2021, at\u00e9 a tarde desta quarta-feira (21), 27.347 doses dos imunizantes j\u00e1 foram aplicadas. Desse total, 21.063 (77%) foram da primeira dose e 5.819 (21.3%) da segunda. A abertura de novas faixas et\u00e1rias ser\u00e1 realizada conforme o recebimento de mais doses pelo munic\u00edpio.<\/p>\n","protected":false},"excerpt":{"rendered":"<p>A Prefeitura do Paudalho, atrav\u00e9s da sua Secretaria Municipal de Sa\u00fade, vai ampliar nesta quarta-feira (21) a campanha de vacina\u00e7\u00e3o contra a covid-19 para moradores a partir dos 30 anos de idade. Para ter acesso a dose da vacina, os cidad\u00e3os que fazem parte desse p\u00fablico devem realizar o pr\u00e9-cadastro on-line dispon\u00edvel no site da [&hellip;]<\/p>\n","protected":false},"author":6,"featured_media":16428,"comment_status":"open","ping_status":"open","sticky":false,"template":"","format":"standard","meta":{"_jetpack_newsletter_access":"","_jetpack_dont_email_post_to_subs":false,"_jetpack_newsletter_tier_id":0,"_jetpack_memberships_contains_paywalled_content":false,"_jetpack_memberships_contains_paid_content":false,"footnotes":""},"categories":[732,2,1,3],"tags":[22,738],"class_list":["post-16423","post","type-post","status-publish","format-standard","has-post-thumbnail","hentry","category-covid-19","category-destaque","category-noticias","category-saude","tag-prefeitura-do-paudalho","tag-vacinacao-contra-a-covid-19"],"jetpack_featured_media_url":"https:\/\/www.paudalho.pe.gov.br\/portal\/wp-content\/uploads\/2021\/07\/WhatsApp-Image-2021-07-21-at-12.07.30.jpeg","jetpack_sharing_enabled":true,"jetpack_shortlink":"https:\/\/wp.me\/p98mS2-4gT","_links":{"self":[{"href":"https:\/\/www.paudalho.pe.gov.br\/portal\/wp-json\/wp\/v2\/posts\/16423","targetHints":{"allow":["GET"]}}],"collection":[{"href":"https:\/\/www.paudalho.pe.gov.br\/portal\/wp-json\/wp\/v2\/posts"}],"about":[{"href":"https:\/\/www.paudalho.pe.gov.br\/portal\/wp-json\/wp\/v2\/types\/post"}],"author":[{"embeddable":true,"href":"https:\/\/www.paudalho.pe.gov.br\/portal\/wp-json\/wp\/v2\/users\/6"}],"replies":[{"embeddable":true,"href":"https:\/\/www.paudalho.pe.gov.br\/portal\/wp-json\/wp\/v2\/comments?post=16423"}],"version-history":[{"count":10,"href":"https:\/\/www.paudalho.pe.gov.br\/portal\/wp-json\/wp\/v2\/posts\/16423\/revisions"}],"predecessor-version":[{"id":16437,"href":"https:\/\/www.paudalho.pe.gov.br\/portal\/wp-json\/wp\/v2\/posts\/16423\/revisions\/16437"}],"wp:featuredmedia":[{"embeddable":true,"href":"https:\/\/www.paudalho.pe.gov.br\/portal\/wp-json\/wp\/v2\/media\/16428"}],"wp:attachment":[{"href":"https:\/\/www.paudalho.pe.gov.br\/portal\/wp-json\/wp\/v2\/media?parent=16423"}],"wp:term":[{"taxonomy":"category","embeddable":true,"href":"https:\/\/www.paudalho.pe.gov.br\/portal\/wp-json\/wp\/v2\/categories?post=16423"},{"taxonomy":"post_tag","embeddable":true,"href":"https:\/\/www.paudalho.pe.gov.br\/portal\/wp-json\/wp\/v2\/tags?post=16423"}],"curies":[{"name":"wp","href":"https:\/\/api.w.org\/{rel}","templated":true}]}}