{"id":16386,"date":"2021-07-19T12:04:06","date_gmt":"2021-07-19T15:04:06","guid":{"rendered":"https:\/\/www.paudalho.pe.gov.br\/portal\/?p=16386"},"modified":"2025-01-08T00:39:32","modified_gmt":"2025-01-08T03:39:32","slug":"paudalho-montara-ponto-de-vacinacao-itinerante-contra-a-covid-19-em-guadalajara-amanha-20","status":"publish","type":"post","link":"https:\/\/www.paudalho.pe.gov.br\/portal\/paudalho-montara-ponto-de-vacinacao-itinerante-contra-a-covid-19-em-guadalajara-amanha-20\/","title":{"rendered":"Paudalho montar\u00e1 ponto de vacina\u00e7\u00e3o itinerante contra a covid-19 em Guadalajara amanh\u00e3 (20)"},"content":{"rendered":"\n<p>Amanh\u00e3 (20), a Prefeitura do Paudalho promover\u00e1 a vacina\u00e7\u00e3o contra a covid-19 dos moradores da comunidade de Guadalajara atrav\u00e9s de um ponto de imuniza\u00e7\u00e3o itinerante. O atendimento ser\u00e1 realizado das 16h \u00e0s 19h, nos postos de sa\u00fade Guadalajara II e Guadalajara III. Atualmente, as doses das vacinas est\u00e3o sendo aplicadas no p\u00fablico a partir dos 35 anos de idade.<\/p>\n\n\n\n<p><a href=\"https:\/\/paudalho.basemunicipal.com\/saude\/covid\/vacinacao\/pre-cadastro\" target=\"_blank\" rel=\"noreferrer noopener\"><strong>&gt;&gt;&gt; REALIZE O SEU PR\u00c9-CADASTRO PARA A VACINA\u00c7\u00c3O CONTRA A COVID-19 AQUI!<\/strong><\/a><\/p>\n\n\n\n<p>Para ter acesso \u00e0 dose da vacina \u00e9 necess\u00e1rio realizar o pr\u00e9-cadastro on-line no portal da Prefeitura. No ato da imuniza\u00e7\u00e3o ser\u00e1 necess\u00e1rio apresentar um documento com foto, CPF e um comprovante de resid\u00eancia. J\u00e1 os cidad\u00e3os que precisam tomar a segunda dose do imunizante devem estar com a carteira de vacina\u00e7\u00e3o e um documento de identifica\u00e7\u00e3o com foto em m\u00e3os durante o momento.&nbsp;<\/p>\n\n\n\n<figure class=\"wp-block-image size-large\"><img loading=\"lazy\" decoding=\"async\" width=\"800\" height=\"450\" data-attachment-id=\"15129\" data-permalink=\"https:\/\/www.paudalho.pe.gov.br\/portal\/paudalho-inicia-vacinacao-contra-covid-19-para-trabalhadores-da-assistencia-social-e-guardas-municipais-nesta-segunda-feira-31\/_h5a9848\/\" data-orig-file=\"https:\/\/www.paudalho.pe.gov.br\/portal\/wp-content\/uploads\/2021\/05\/H5A9848-scaled.jpg\" data-orig-size=\"2560,1707\" data-comments-opened=\"1\" data-image-meta=\"{&quot;aperture&quot;:&quot;0&quot;,&quot;credit&quot;:&quot;&quot;,&quot;camera&quot;:&quot;&quot;,&quot;caption&quot;:&quot;&quot;,&quot;created_timestamp&quot;:&quot;0&quot;,&quot;copyright&quot;:&quot;CHARLES JOHNSON 81 986016133&quot;,&quot;focal_length&quot;:&quot;0&quot;,&quot;iso&quot;:&quot;0&quot;,&quot;shutter_speed&quot;:&quot;0&quot;,&quot;title&quot;:&quot;&quot;,&quot;orientation&quot;:&quot;0&quot;}\" data-image-title=\"Ponto de vacina\u00e7\u00e3o drive-thru\" data-image-description=\"\" data-image-caption=\"&lt;p&gt;As vacinas est\u00e3o sendo aplicadas no ponto de vacina\u00e7\u00e3o drive-thru no centro da cidade. Foto: Josu\u00e9 J\u00fanior\/PMP.&lt;\/p&gt;\n\" data-medium-file=\"https:\/\/www.paudalho.pe.gov.br\/portal\/wp-content\/uploads\/2021\/05\/H5A9848-350x230.jpg\" data-large-file=\"https:\/\/www.paudalho.pe.gov.br\/portal\/wp-content\/uploads\/2021\/05\/H5A9848-800x450.jpg\" src=\"https:\/\/www.paudalho.pe.gov.br\/portal\/wp-content\/uploads\/2021\/05\/H5A9848-800x450.jpg\" alt=\"\" class=\"wp-image-15129\"\/><figcaption><em>As vacinas est\u00e3o sendo aplicadas de segunda a s\u00e1bado no ponto de vacina\u00e7\u00e3o drive-thru no centro da cidade. Foto: Josu\u00e9 J\u00fanior\/PMP.<\/em><\/figcaption><\/figure>\n\n\n\n<p>O ponto de vacina\u00e7\u00e3o drive-thru continuar\u00e1 dispon\u00edvel para os paudalhenses que residem nos demais bairros da cidade. A parada est\u00e1 localizada em frente a Pra\u00e7a Pedro Coutinho, no Centro. O atendimento \u00e9 realizado de segunda a s\u00e1bado, das 8h \u00e0s 16h, com funcionamento estendido nas ter\u00e7as e quintas-feiras at\u00e9 \u00e0s 20h. <\/p>\n\n\n\n<p>De acordo com dados divulgados pela Secretaria Municipal de Sa\u00fade atrav\u00e9s da ferramenta on-line&nbsp;<a rel=\"noreferrer noopener\" href=\"https:\/\/paudalho.basemunicipal.com\/saude\/vacinometro\" target=\"_blank\"><strong>Vacin\u00f4metro<\/strong><\/a>, do in\u00edcio da campanha, em janeiro de 2021, at\u00e9 a manh\u00e3 desta segunda-feira (19), 26.738 doses dos imunizantes foram aplicadas na popula\u00e7\u00e3o. Desse total, 20.691 (77.4%) foram da primeira dose e 5.735 (21.4%) da segunda.<\/p>\n","protected":false},"excerpt":{"rendered":"<p>Amanh\u00e3 (20), a Prefeitura do Paudalho promover\u00e1 a vacina\u00e7\u00e3o contra a covid-19 dos moradores da comunidade de Guadalajara atrav\u00e9s de um ponto de imuniza\u00e7\u00e3o itinerante. O atendimento ser\u00e1 realizado das 16h \u00e0s 19h, nos postos de sa\u00fade Guadalajara II e Guadalajara III. Atualmente, as doses das vacinas est\u00e3o sendo aplicadas no p\u00fablico a partir dos [&hellip;]<\/p>\n","protected":false},"author":6,"featured_media":15482,"comment_status":"open","ping_status":"open","sticky":false,"template":"","format":"standard","meta":{"_jetpack_newsletter_access":"","_jetpack_dont_email_post_to_subs":false,"_jetpack_newsletter_tier_id":0,"_jetpack_memberships_contains_paywalled_content":false,"_jetpack_memberships_contains_paid_content":false,"footnotes":""},"categories":[732,2,1,3],"tags":[22,168],"class_list":["post-16386","post","type-post","status-publish","format-standard","has-post-thumbnail","hentry","category-covid-19","category-destaque","category-noticias","category-saude","tag-prefeitura-do-paudalho","tag-secretaria-de-saude"],"jetpack_featured_media_url":"https:\/\/www.paudalho.pe.gov.br\/portal\/wp-content\/uploads\/2021\/06\/195852932_1561476360721294_1461516439678647132_n.jpg","jetpack_sharing_enabled":true,"jetpack_shortlink":"https:\/\/wp.me\/p98mS2-4gi","_links":{"self":[{"href":"https:\/\/www.paudalho.pe.gov.br\/portal\/wp-json\/wp\/v2\/posts\/16386","targetHints":{"allow":["GET"]}}],"collection":[{"href":"https:\/\/www.paudalho.pe.gov.br\/portal\/wp-json\/wp\/v2\/posts"}],"about":[{"href":"https:\/\/www.paudalho.pe.gov.br\/portal\/wp-json\/wp\/v2\/types\/post"}],"author":[{"embeddable":true,"href":"https:\/\/www.paudalho.pe.gov.br\/portal\/wp-json\/wp\/v2\/users\/6"}],"replies":[{"embeddable":true,"href":"https:\/\/www.paudalho.pe.gov.br\/portal\/wp-json\/wp\/v2\/comments?post=16386"}],"version-history":[{"count":15,"href":"https:\/\/www.paudalho.pe.gov.br\/portal\/wp-json\/wp\/v2\/posts\/16386\/revisions"}],"predecessor-version":[{"id":16401,"href":"https:\/\/www.paudalho.pe.gov.br\/portal\/wp-json\/wp\/v2\/posts\/16386\/revisions\/16401"}],"wp:featuredmedia":[{"embeddable":true,"href":"https:\/\/www.paudalho.pe.gov.br\/portal\/wp-json\/wp\/v2\/media\/15482"}],"wp:attachment":[{"href":"https:\/\/www.paudalho.pe.gov.br\/portal\/wp-json\/wp\/v2\/media?parent=16386"}],"wp:term":[{"taxonomy":"category","embeddable":true,"href":"https:\/\/www.paudalho.pe.gov.br\/portal\/wp-json\/wp\/v2\/categories?post=16386"},{"taxonomy":"post_tag","embeddable":true,"href":"https:\/\/www.paudalho.pe.gov.br\/portal\/wp-json\/wp\/v2\/tags?post=16386"}],"curies":[{"name":"wp","href":"https:\/\/api.w.org\/{rel}","templated":true}]}}