{"id":16329,"date":"2021-07-13T11:16:50","date_gmt":"2021-07-13T14:16:50","guid":{"rendered":"https:\/\/www.paudalho.pe.gov.br\/portal\/?p=16329"},"modified":"2025-01-08T00:39:32","modified_gmt":"2025-01-08T03:39:32","slug":"programa-de-regularizacao-fundiaria-moradia-legal-avanca-em-paudalho","status":"publish","type":"post","link":"https:\/\/www.paudalho.pe.gov.br\/portal\/programa-de-regularizacao-fundiaria-moradia-legal-avanca-em-paudalho\/","title":{"rendered":"Programa de regulariza\u00e7\u00e3o fundi\u00e1ria Moradia Legal avan\u00e7a em Paudalho"},"content":{"rendered":"\n<p>A Prefeitura do Paudalho iniciou mais uma etapa do programa de regulariza\u00e7\u00e3o fundi\u00e1ria Moradia Legal no munic\u00edpio. A iniciativa tem como objetivo garantir a entrega de t\u00edtulos de propriedade de im\u00f3veis para fam\u00edlias com baixa renda, promovendo assim moradia digna, seguran\u00e7a jur\u00eddica e paz social. <\/p>\n\n\n\n<p>Desde o in\u00edcio do m\u00eas de julho, uma equipe t\u00e9cnica multiprofissional da Prefeitura est\u00e1 realizando o cadastro social e territorial e a selagem de im\u00f3veis irregulares na comunidade de Guadalajara. At\u00e9 esta ter\u00e7a-feira (13), cerca de 50 im\u00f3veis j\u00e1 foram cadastrados por meio da iniciativa. A expectativa \u00e9 que 300 propriedades sejam regularizadas nessa primeira etapa.<\/p>\n\n\n\n<figure class=\"wp-block-image size-large\"><img loading=\"lazy\" decoding=\"async\" width=\"800\" height=\"450\" data-attachment-id=\"16346\" data-permalink=\"https:\/\/www.paudalho.pe.gov.br\/portal\/programa-de-regularizacao-fundiaria-moradia-legal-avanca-em-paudalho\/img-20210621-wa0038-1\/\" data-orig-file=\"https:\/\/www.paudalho.pe.gov.br\/portal\/wp-content\/uploads\/2021\/07\/IMG-20210621-WA0038-1.jpg\" data-orig-size=\"1280,960\" data-comments-opened=\"1\" data-image-meta=\"{&quot;aperture&quot;:&quot;0&quot;,&quot;credit&quot;:&quot;&quot;,&quot;camera&quot;:&quot;&quot;,&quot;caption&quot;:&quot;&quot;,&quot;created_timestamp&quot;:&quot;0&quot;,&quot;copyright&quot;:&quot;&quot;,&quot;focal_length&quot;:&quot;0&quot;,&quot;iso&quot;:&quot;0&quot;,&quot;shutter_speed&quot;:&quot;0&quot;,&quot;title&quot;:&quot;&quot;,&quot;orientation&quot;:&quot;0&quot;}\" data-image-title=\"IMG-20210621-WA0038-1\" data-image-description=\"\" data-image-caption=\"\" data-medium-file=\"https:\/\/www.paudalho.pe.gov.br\/portal\/wp-content\/uploads\/2021\/07\/IMG-20210621-WA0038-1-350x230.jpg\" data-large-file=\"https:\/\/www.paudalho.pe.gov.br\/portal\/wp-content\/uploads\/2021\/07\/IMG-20210621-WA0038-1-800x450.jpg\" src=\"https:\/\/www.paudalho.pe.gov.br\/portal\/wp-content\/uploads\/2021\/07\/IMG-20210621-WA0038-1-800x450.jpg\" alt=\"\" class=\"wp-image-16346\"\/><figcaption><em>Equipe da Prefeitura do Paudalho respons\u00e1vel pelo cadastramento das fam\u00edlias que residem em propriedades irregulares do munic\u00edpio. Foto: Divulga\u00e7\u00e3o\/PMP. <\/em><\/figcaption><\/figure>\n\n\n\n<p>O programa tem realiza\u00e7\u00e3o do Tribunal de Justi\u00e7a de Pernambuco (TJPE) junto a Corregedoria Geral da Justi\u00e7a de Pernambuco (CGJPE) e conta com o apoio do Governo Municipal, da Associa\u00e7\u00e3o dos Registradores de Im\u00f3veis de Pernambuco (ARIPE), da Associa\u00e7\u00e3o Municipalista de Pernambuco (AMUPE), da Universidade Federal de Pernambuco (UFPE) e da Escola Judicial de Pernambuco (Esmape).<\/p>\n\n\n\n<p>A agricultora Lindalva Louren\u00e7o \u00e9 uma das paudalhenses que ser\u00e1 beneficiada pelo programa. Ela se alegra pela estabilidade e a seguran\u00e7a que ir\u00e1 adquirir para as pr\u00f3ximas gera\u00e7\u00f5es de sua fam\u00edlia. &#8220;\u00c9 um sonho que eu tinha de realizar na minha vida e voc\u00eas hoje est\u00e3o realizando, para eu passar para as meninas, para que l\u00e1 na frente esteja cada qual com o seu cantinho para morar. E eu adorei porque eu n\u00e3o tinha condi\u00e7\u00f5es de fazer isso&#8221;, comenta.<\/p>\n\n\n\n<div class=\"wp-block-file\"><a href=\"https:\/\/www.paudalho.pe.gov.br\/portal\/wp-content\/uploads\/2021\/07\/panfleto1-3.pdf\"><strong>Entenda mais sobre o Programa Moradia Legal, fa\u00e7a o download do panfleto 1 aqui!<\/strong><\/a><a href=\"https:\/\/www.paudalho.pe.gov.br\/portal\/wp-content\/uploads\/2021\/07\/panfleto1-3.pdf\" class=\"wp-block-file__button\" download>Baixar<\/a><\/div>\n\n\n\n<div class=\"wp-block-file\"><a href=\"https:\/\/www.paudalho.pe.gov.br\/portal\/wp-content\/uploads\/2021\/07\/panfleto2-1.pdf\"><strong>Fa\u00e7a o download do panfleto 2 do Programa Moradia Legal aqui!<\/strong><\/a><a href=\"https:\/\/www.paudalho.pe.gov.br\/portal\/wp-content\/uploads\/2021\/07\/panfleto2-1.pdf\" class=\"wp-block-file__button\" download>Baixar<\/a><\/div>\n\n\n\n<figure class=\"wp-block-gallery columns-2 is-cropped wp-block-gallery-1 is-layout-flex wp-block-gallery-is-layout-flex\"><ul class=\"blocks-gallery-grid\"><li class=\"blocks-gallery-item\"><figure><img loading=\"lazy\" decoding=\"async\" width=\"800\" height=\"450\" data-attachment-id=\"16341\" data-permalink=\"https:\/\/www.paudalho.pe.gov.br\/portal\/programa-de-regularizacao-fundiaria-moradia-legal-avanca-em-paudalho\/img-20210621-wa0043\/\" data-orig-file=\"https:\/\/www.paudalho.pe.gov.br\/portal\/wp-content\/uploads\/2021\/07\/IMG-20210621-WA0043.jpg\" data-orig-size=\"960,1280\" data-comments-opened=\"1\" data-image-meta=\"{&quot;aperture&quot;:&quot;0&quot;,&quot;credit&quot;:&quot;&quot;,&quot;camera&quot;:&quot;&quot;,&quot;caption&quot;:&quot;&quot;,&quot;created_timestamp&quot;:&quot;0&quot;,&quot;copyright&quot;:&quot;&quot;,&quot;focal_length&quot;:&quot;0&quot;,&quot;iso&quot;:&quot;0&quot;,&quot;shutter_speed&quot;:&quot;0&quot;,&quot;title&quot;:&quot;&quot;,&quot;orientation&quot;:&quot;0&quot;}\" data-image-title=\"IMG-20210621-WA0043\" data-image-description=\"\" data-image-caption=\"\" data-medium-file=\"https:\/\/www.paudalho.pe.gov.br\/portal\/wp-content\/uploads\/2021\/07\/IMG-20210621-WA0043-350x230.jpg\" data-large-file=\"https:\/\/www.paudalho.pe.gov.br\/portal\/wp-content\/uploads\/2021\/07\/IMG-20210621-WA0043-800x450.jpg\" src=\"https:\/\/www.paudalho.pe.gov.br\/portal\/wp-content\/uploads\/2021\/07\/IMG-20210621-WA0043-800x450.jpg\" alt=\"\" data-id=\"16341\" data-full-url=\"https:\/\/www.paudalho.pe.gov.br\/portal\/wp-content\/uploads\/2021\/07\/IMG-20210621-WA0043.jpg\" data-link=\"https:\/\/www.paudalho.pe.gov.br\/portal\/?attachment_id=16341\" class=\"wp-image-16341\"\/><figcaption class=\"blocks-gallery-item__caption\"><em>Cerca de 300 propriedades da comunidade de Guadalajara ser\u00e3o regularizadas por meio do Programa Moradia Legal. Foto: Divulga\u00e7\u00e3o\/PMP.<\/em><\/figcaption><\/figure><\/li><li class=\"blocks-gallery-item\"><figure><img loading=\"lazy\" decoding=\"async\" width=\"774\" height=\"450\" data-attachment-id=\"16340\" data-permalink=\"https:\/\/www.paudalho.pe.gov.br\/portal\/programa-de-regularizacao-fundiaria-moradia-legal-avanca-em-paudalho\/img-20210621-wa0044\/\" data-orig-file=\"https:\/\/www.paudalho.pe.gov.br\/portal\/wp-content\/uploads\/2021\/07\/IMG-20210621-WA0044.jpg\" data-orig-size=\"774,1032\" data-comments-opened=\"1\" data-image-meta=\"{&quot;aperture&quot;:&quot;0&quot;,&quot;credit&quot;:&quot;&quot;,&quot;camera&quot;:&quot;&quot;,&quot;caption&quot;:&quot;&quot;,&quot;created_timestamp&quot;:&quot;0&quot;,&quot;copyright&quot;:&quot;&quot;,&quot;focal_length&quot;:&quot;0&quot;,&quot;iso&quot;:&quot;0&quot;,&quot;shutter_speed&quot;:&quot;0&quot;,&quot;title&quot;:&quot;&quot;,&quot;orientation&quot;:&quot;0&quot;}\" data-image-title=\"IMG-20210621-WA0044\" data-image-description=\"\" data-image-caption=\"\" data-medium-file=\"https:\/\/www.paudalho.pe.gov.br\/portal\/wp-content\/uploads\/2021\/07\/IMG-20210621-WA0044-350x230.jpg\" data-large-file=\"https:\/\/www.paudalho.pe.gov.br\/portal\/wp-content\/uploads\/2021\/07\/IMG-20210621-WA0044-774x450.jpg\" src=\"https:\/\/www.paudalho.pe.gov.br\/portal\/wp-content\/uploads\/2021\/07\/IMG-20210621-WA0044-774x450.jpg\" alt=\"\" data-id=\"16340\" data-full-url=\"https:\/\/www.paudalho.pe.gov.br\/portal\/wp-content\/uploads\/2021\/07\/IMG-20210621-WA0044.jpg\" data-link=\"https:\/\/www.paudalho.pe.gov.br\/portal\/?attachment_id=16340\" class=\"wp-image-16340\"\/><figcaption class=\"blocks-gallery-item__caption\"><em>Equipe do Programa Moradia Legal realiza selagem de uma propriedade na comunidade de Guadalajara. Foto: Divulga\u00e7\u00e3o\/PMP.<\/em><\/figcaption><\/figure><\/li><\/ul><\/figure>\n\n\n\n<p>Para que essa atividade avance no munic\u00edpio, o apoio da popula\u00e7\u00e3o \u00e9 imprescind\u00edvel. O superintendente de cadastro social, Jos\u00e9 Eduardo, ressalta a colabora\u00e7\u00e3o dos moradores locais: \u201cEstamos sendo bem recebidos aqui na comunidade de Guadalajara. As fam\u00edlias est\u00e3o realmente nos abra\u00e7ando e entendendo a import\u00e2ncia do programa.\u201d<\/p>\n\n\n\n<p>Confira abaixo a lista de documentos necess\u00e1rios durante a realiza\u00e7\u00e3o do cadastro social e territorial:<\/p>\n\n\n\n<figure class=\"wp-block-table is-style-stripes\"><table><tbody><tr><td>\u2022 Identidade e CPF do propriet\u00e1rio e do c\u00f4njuge;<\/td><\/tr><tr><td>\u2022 Comprovante de resid\u00eancia (conta de \u00e1gua ou de luz);<\/td><\/tr><tr><td>\u2022 N\u00famero de Identifica\u00e7\u00e3o Social (NIS) do Cad\u00danico;<\/td><\/tr><tr><td>\u2022 Certid\u00e3o de nascimentos ou certid\u00e3o de casamento (caso possua);<\/td><\/tr><tr><td>\u2022 Recibo de compra e venda do lote, caso tenha.<\/td><\/tr><\/tbody><\/table><\/figure>\n","protected":false},"excerpt":{"rendered":"<p>A Prefeitura do Paudalho iniciou mais uma etapa do programa de regulariza\u00e7\u00e3o fundi\u00e1ria Moradia Legal no munic\u00edpio. A iniciativa tem como objetivo garantir a entrega de t\u00edtulos de propriedade de im\u00f3veis para fam\u00edlias com baixa renda, promovendo assim moradia digna, seguran\u00e7a jur\u00eddica e paz social. Desde o in\u00edcio do m\u00eas de julho, uma equipe t\u00e9cnica [&hellip;]<\/p>\n","protected":false},"author":6,"featured_media":16343,"comment_status":"open","ping_status":"open","sticky":false,"template":"","format":"standard","meta":{"_jetpack_newsletter_access":"","_jetpack_dont_email_post_to_subs":false,"_jetpack_newsletter_tier_id":0,"_jetpack_memberships_contains_paywalled_content":false,"_jetpack_memberships_contains_paid_content":false,"footnotes":""},"categories":[2,747,1,588],"tags":[719,22],"class_list":["post-16329","post","type-post","status-publish","format-standard","has-post-thumbnail","hentry","category-destaque","category-moradia-legal","category-noticias","category-projetos-e-programas","tag-moradia-legal","tag-prefeitura-do-paudalho"],"jetpack_featured_media_url":"https:\/\/www.paudalho.pe.gov.br\/portal\/wp-content\/uploads\/2021\/07\/20210709_102811-scaled.jpg","jetpack_sharing_enabled":true,"jetpack_shortlink":"https:\/\/wp.me\/p98mS2-4fn","_links":{"self":[{"href":"https:\/\/www.paudalho.pe.gov.br\/portal\/wp-json\/wp\/v2\/posts\/16329","targetHints":{"allow":["GET"]}}],"collection":[{"href":"https:\/\/www.paudalho.pe.gov.br\/portal\/wp-json\/wp\/v2\/posts"}],"about":[{"href":"https:\/\/www.paudalho.pe.gov.br\/portal\/wp-json\/wp\/v2\/types\/post"}],"author":[{"embeddable":true,"href":"https:\/\/www.paudalho.pe.gov.br\/portal\/wp-json\/wp\/v2\/users\/6"}],"replies":[{"embeddable":true,"href":"https:\/\/www.paudalho.pe.gov.br\/portal\/wp-json\/wp\/v2\/comments?post=16329"}],"version-history":[{"count":26,"href":"https:\/\/www.paudalho.pe.gov.br\/portal\/wp-json\/wp\/v2\/posts\/16329\/revisions"}],"predecessor-version":[{"id":16363,"href":"https:\/\/www.paudalho.pe.gov.br\/portal\/wp-json\/wp\/v2\/posts\/16329\/revisions\/16363"}],"wp:featuredmedia":[{"embeddable":true,"href":"https:\/\/www.paudalho.pe.gov.br\/portal\/wp-json\/wp\/v2\/media\/16343"}],"wp:attachment":[{"href":"https:\/\/www.paudalho.pe.gov.br\/portal\/wp-json\/wp\/v2\/media?parent=16329"}],"wp:term":[{"taxonomy":"category","embeddable":true,"href":"https:\/\/www.paudalho.pe.gov.br\/portal\/wp-json\/wp\/v2\/categories?post=16329"},{"taxonomy":"post_tag","embeddable":true,"href":"https:\/\/www.paudalho.pe.gov.br\/portal\/wp-json\/wp\/v2\/tags?post=16329"}],"curies":[{"name":"wp","href":"https:\/\/api.w.org\/{rel}","templated":true}]}}