{"id":16279,"date":"2021-07-06T19:01:24","date_gmt":"2021-07-06T22:01:24","guid":{"rendered":"https:\/\/www.paudalho.pe.gov.br\/portal\/?p=16279"},"modified":"2025-01-08T00:39:32","modified_gmt":"2025-01-08T03:39:32","slug":"secretaria-municipal-de-educacao-realiza-i-reuniao-de-condutores-do-transporte-escolar-do-paudalho","status":"publish","type":"post","link":"https:\/\/www.paudalho.pe.gov.br\/portal\/secretaria-municipal-de-educacao-realiza-i-reuniao-de-condutores-do-transporte-escolar-do-paudalho\/","title":{"rendered":"Secretaria Municipal de Educa\u00e7\u00e3o realiza I Reuni\u00e3o de Condutores do Transporte Escolar do Paudalho"},"content":{"rendered":"\n<p>O acesso \u00e0 educa\u00e7\u00e3o gratuita e de qualidade \u00e9 um direito social garantido pela Constitui\u00e7\u00e3o Federal a todos os cidad\u00e3os brasileiros. Para que esse direito seja cumprido, entre outras responsabilidades, os Estados e os Munic\u00edpios devem assegurar a presta\u00e7\u00e3o adequada do servi\u00e7o de transporte escolar para os estudantes. <\/p>\n\n\n\n<p>Com o objetivo de oferecer um transporte eficiente e seguro para os alunos matriculados nas escolas p\u00fablicas existentes no munic\u00edpio, na tarde desta ter\u00e7a-feira (6), a Prefeitura do Paudalho, atrav\u00e9s da Secretaria Municipal de Educa\u00e7\u00e3o (SEDUC), realizou a I Reuni\u00e3o de Condutores do Transporte Escolar do Paudalho.<\/p>\n\n\n\n<p>O evento teve in\u00edcio \u00e0s 14h e ocorreu no pr\u00e9dio anexo da SEDUC, localizado em frente a Pra\u00e7a Pedro Coutinho, no Centro. Durante a ocasi\u00e3o, foram compartilhadas orienta\u00e7\u00f5es quanto ao retorno das aulas presenciais para os estudantes dos Anos Iniciais da Rede Municipal de Ensino, planejado para o dia 19 de julho. Com a pandemia da Covid-19, a Secretaria adotou um protocolo de volta \u00e0s aulas composto por uma s\u00e9rie de cuidados sanit\u00e1rios que dever\u00e3o ser seguidos \u00e0 risca.<\/p>\n\n\n\n<figure class=\"wp-block-image size-large is-resized\"><img loading=\"lazy\" decoding=\"async\" data-attachment-id=\"16283\" data-permalink=\"https:\/\/www.paudalho.pe.gov.br\/portal\/secretaria-municipal-de-educacao-realiza-i-reuniao-de-condutores-do-transporte-escolar-do-paudalho\/20210706_144012\/\" data-orig-file=\"https:\/\/www.paudalho.pe.gov.br\/portal\/wp-content\/uploads\/2021\/07\/20210706_144012-scaled.jpg\" data-orig-size=\"2560,1448\" data-comments-opened=\"1\" data-image-meta=\"{&quot;aperture&quot;:&quot;2&quot;,&quot;credit&quot;:&quot;&quot;,&quot;camera&quot;:&quot;SM-A515F&quot;,&quot;caption&quot;:&quot;&quot;,&quot;created_timestamp&quot;:&quot;1625582413&quot;,&quot;copyright&quot;:&quot;&quot;,&quot;focal_length&quot;:&quot;4.6&quot;,&quot;iso&quot;:&quot;50&quot;,&quot;shutter_speed&quot;:&quot;0.0166&quot;,&quot;title&quot;:&quot;&quot;,&quot;orientation&quot;:&quot;1&quot;}\" data-image-title=\"20210706_144012\" data-image-description=\"\" data-image-caption=\"\" data-medium-file=\"https:\/\/www.paudalho.pe.gov.br\/portal\/wp-content\/uploads\/2021\/07\/20210706_144012-350x230.jpg\" data-large-file=\"https:\/\/www.paudalho.pe.gov.br\/portal\/wp-content\/uploads\/2021\/07\/20210706_144012-800x450.jpg\" src=\"https:\/\/www.paudalho.pe.gov.br\/portal\/wp-content\/uploads\/2021\/07\/20210706_144012-800x450.jpg\" alt=\"\" class=\"wp-image-16283\" width=\"800\" height=\"450\"\/><figcaption><em>Durante o evento, tamb\u00e9m houve a distribui\u00e7\u00e3o de uniformes para os motoristas que ainda n\u00e3o possu\u00edam. Foto: Maria Clara Carneiro\/PMP.<\/em><\/figcaption><\/figure>\n\n\n\n<p>A reuni\u00e3o contou com a presen\u00e7a da secret\u00e1ria de Educa\u00e7\u00e3o, Paula Frassinette, do gerente do transporte escolar, Iury Everton, da gerente de conv\u00eanios, Ana Carmelle, e de um grupo formado por motoristas tanto do transporte escolar como do transporte universit\u00e1rio. <\/p>\n\n\n\n<p>Na ocasi\u00e3o, Paula Frassinette refor\u00e7ou a import\u00e2ncia do alinhamento da SEDUC com a equipe. \u201cO grande foco da Educa\u00e7\u00e3o \u00e9 o aluno, ent\u00e3o,&nbsp;ele tem que se sentir bem desde a sa\u00edda de casa, no transporte, na escola, tudo \u00e9 uma extens\u00e3o. Para que tudo d\u00ea certo, esse acolhimento do estudante tem que ser realizado mesmo antes dele entrar na sala de aula. No caso, com o motorista, pois \u00e9 a primeira pessoa que o aluno vai ter contato.\u201d<\/p>\n\n\n\n<figure class=\"wp-block-image size-large\"><img loading=\"lazy\" decoding=\"async\" width=\"800\" height=\"450\" data-attachment-id=\"16285\" data-permalink=\"https:\/\/www.paudalho.pe.gov.br\/portal\/secretaria-municipal-de-educacao-realiza-i-reuniao-de-condutores-do-transporte-escolar-do-paudalho\/20210706_144414\/\" data-orig-file=\"https:\/\/www.paudalho.pe.gov.br\/portal\/wp-content\/uploads\/2021\/07\/20210706_144414-scaled.jpg\" data-orig-size=\"2560,1920\" data-comments-opened=\"1\" data-image-meta=\"{&quot;aperture&quot;:&quot;2&quot;,&quot;credit&quot;:&quot;&quot;,&quot;camera&quot;:&quot;SM-A515F&quot;,&quot;caption&quot;:&quot;&quot;,&quot;created_timestamp&quot;:&quot;1625582654&quot;,&quot;copyright&quot;:&quot;&quot;,&quot;focal_length&quot;:&quot;4.6&quot;,&quot;iso&quot;:&quot;160&quot;,&quot;shutter_speed&quot;:&quot;0.0166&quot;,&quot;title&quot;:&quot;&quot;,&quot;orientation&quot;:&quot;1&quot;}\" data-image-title=\"20210706_144414\" data-image-description=\"\" data-image-caption=\"\" data-medium-file=\"https:\/\/www.paudalho.pe.gov.br\/portal\/wp-content\/uploads\/2021\/07\/20210706_144414-350x230.jpg\" data-large-file=\"https:\/\/www.paudalho.pe.gov.br\/portal\/wp-content\/uploads\/2021\/07\/20210706_144414-800x450.jpg\" src=\"https:\/\/www.paudalho.pe.gov.br\/portal\/wp-content\/uploads\/2021\/07\/20210706_144414-800x450.jpg\" alt=\"\" class=\"wp-image-16285\"\/><figcaption><em>A reuni\u00e3o teve o objetivo de alinhar orienta\u00e7\u00f5es sobre boas pr\u00e1ticas no transporte escolar. Foto: Maria Clara Carneiro\/PMP.<\/em><\/figcaption><\/figure>\n\n\n\n<p>Em um segundo momento da reuni\u00e3o, foi apresentada ao p\u00fablico presente a cartilha &#8220;Boas Pr\u00e1ticas na Condu\u00e7\u00e3o do Transporte Escolar&#8221;, documento onde constam orienta\u00e7\u00f5es para um trajeto seguro e com qualidade. Na cartilha, est\u00e3o informa\u00e7\u00f5es sobre legisla\u00e7\u00e3o e tamb\u00e9m regras que devem ser seguidas nas viagens, tais como a proibi\u00e7\u00e3o de caronas, a necessidade de utiliza\u00e7\u00e3o do fardamento, o uso de m\u00e1scara de prote\u00e7\u00e3o e de \u00e1lcool, entre v\u00e1rias outras recomenda\u00e7\u00f5es. <\/p>\n","protected":false},"excerpt":{"rendered":"<p>O acesso \u00e0 educa\u00e7\u00e3o gratuita e de qualidade \u00e9 um direito social garantido pela Constitui\u00e7\u00e3o Federal a todos os cidad\u00e3os brasileiros. Para que esse direito seja cumprido, entre outras responsabilidades, os Estados e os Munic\u00edpios devem assegurar a presta\u00e7\u00e3o adequada do servi\u00e7o de transporte escolar para os estudantes. Com o objetivo de oferecer um transporte [&hellip;]<\/p>\n","protected":false},"author":6,"featured_media":16284,"comment_status":"open","ping_status":"open","sticky":false,"template":"","format":"standard","meta":{"_jetpack_newsletter_access":"","_jetpack_dont_email_post_to_subs":false,"_jetpack_newsletter_tier_id":0,"_jetpack_memberships_contains_paywalled_content":false,"_jetpack_memberships_contains_paid_content":false,"footnotes":""},"categories":[2,520,1],"tags":[22,106,693],"class_list":["post-16279","post","type-post","status-publish","format-standard","has-post-thumbnail","hentry","category-destaque","category-educacao-2","category-noticias","tag-prefeitura-do-paudalho","tag-secretaria-de-educacao","tag-transporte-escolar"],"jetpack_featured_media_url":"https:\/\/www.paudalho.pe.gov.br\/portal\/wp-content\/uploads\/2021\/07\/20210706_144223-scaled.jpg","jetpack_sharing_enabled":true,"jetpack_shortlink":"https:\/\/wp.me\/p98mS2-4ez","_links":{"self":[{"href":"https:\/\/www.paudalho.pe.gov.br\/portal\/wp-json\/wp\/v2\/posts\/16279","targetHints":{"allow":["GET"]}}],"collection":[{"href":"https:\/\/www.paudalho.pe.gov.br\/portal\/wp-json\/wp\/v2\/posts"}],"about":[{"href":"https:\/\/www.paudalho.pe.gov.br\/portal\/wp-json\/wp\/v2\/types\/post"}],"author":[{"embeddable":true,"href":"https:\/\/www.paudalho.pe.gov.br\/portal\/wp-json\/wp\/v2\/users\/6"}],"replies":[{"embeddable":true,"href":"https:\/\/www.paudalho.pe.gov.br\/portal\/wp-json\/wp\/v2\/comments?post=16279"}],"version-history":[{"count":37,"href":"https:\/\/www.paudalho.pe.gov.br\/portal\/wp-json\/wp\/v2\/posts\/16279\/revisions"}],"predecessor-version":[{"id":16319,"href":"https:\/\/www.paudalho.pe.gov.br\/portal\/wp-json\/wp\/v2\/posts\/16279\/revisions\/16319"}],"wp:featuredmedia":[{"embeddable":true,"href":"https:\/\/www.paudalho.pe.gov.br\/portal\/wp-json\/wp\/v2\/media\/16284"}],"wp:attachment":[{"href":"https:\/\/www.paudalho.pe.gov.br\/portal\/wp-json\/wp\/v2\/media?parent=16279"}],"wp:term":[{"taxonomy":"category","embeddable":true,"href":"https:\/\/www.paudalho.pe.gov.br\/portal\/wp-json\/wp\/v2\/categories?post=16279"},{"taxonomy":"post_tag","embeddable":true,"href":"https:\/\/www.paudalho.pe.gov.br\/portal\/wp-json\/wp\/v2\/tags?post=16279"}],"curies":[{"name":"wp","href":"https:\/\/api.w.org\/{rel}","templated":true}]}}