{"id":1627,"date":"2017-10-19T00:46:24","date_gmt":"2017-10-19T03:46:24","guid":{"rendered":"http:\/\/www.paudalho.pe.gov.br\/portal\/?p=1627"},"modified":"2017-10-19T12:34:16","modified_gmt":"2017-10-19T15:34:16","slug":"outubro-rosa-informacao-e-prevencao-sao-necessarias","status":"publish","type":"post","link":"https:\/\/www.paudalho.pe.gov.br\/portal\/outubro-rosa-informacao-e-prevencao-sao-necessarias\/","title":{"rendered":"Outubro Rosa: Informa\u00e7\u00e3o e preven\u00e7\u00e3o s\u00e3o necess\u00e1rias"},"content":{"rendered":"<div align=\"left\">\n<p dir=\"ltr\">No Dia Internacional Contra o C\u00e2ncer de Mama, comemorado nesta quinta-feira (19), a Prefeitura do Paudalho deixa voc\u00ea bem informado sobre o Outubro Rosa, m\u00eas dedicado ao combate do c\u00e2ncer de mama e colo de \u00fatero. Periodicamente a Prefeitura publica informa\u00e7\u00f5es importantes sobre a campanha que que est\u00e1 sendo realizada na cidade.<\/p>\n<\/div>\n<p><img loading=\"lazy\" decoding=\"async\" data-attachment-id=\"1629\" data-permalink=\"https:\/\/www.paudalho.pe.gov.br\/portal\/outubro-rosa-informacao-e-prevencao-sao-necessarias\/22448432_802684499855301_594863561614655785_n\/\" data-orig-file=\"https:\/\/www.paudalho.pe.gov.br\/portal\/wp-content\/uploads\/2017\/10\/22448432_802684499855301_594863561614655785_n.png\" data-orig-size=\"800,800\" data-comments-opened=\"1\" data-image-meta=\"{&quot;aperture&quot;:&quot;0&quot;,&quot;credit&quot;:&quot;&quot;,&quot;camera&quot;:&quot;&quot;,&quot;caption&quot;:&quot;&quot;,&quot;created_timestamp&quot;:&quot;0&quot;,&quot;copyright&quot;:&quot;&quot;,&quot;focal_length&quot;:&quot;0&quot;,&quot;iso&quot;:&quot;0&quot;,&quot;shutter_speed&quot;:&quot;0&quot;,&quot;title&quot;:&quot;&quot;,&quot;orientation&quot;:&quot;0&quot;}\" data-image-title=\"22448432_802684499855301_594863561614655785_n\" data-image-description=\"\" data-image-caption=\"\" data-medium-file=\"https:\/\/www.paudalho.pe.gov.br\/portal\/wp-content\/uploads\/2017\/10\/22448432_802684499855301_594863561614655785_n-350x230.png\" data-large-file=\"https:\/\/www.paudalho.pe.gov.br\/portal\/wp-content\/uploads\/2017\/10\/22448432_802684499855301_594863561614655785_n-800x450.png\" class=\"alignnone size-medium wp-image-1629\" src=\"http:\/\/www.paudalho.pe.gov.br\/portal\/wp-content\/uploads\/2017\/10\/22448432_802684499855301_594863561614655785_n-350x230.png\" alt=\"\" width=\"300\" height=\"197\" \/><\/p>\n<h2><strong>A\u00e7\u00f5es nos postos de sa\u00fade<\/strong><\/h2>\n<div align=\"left\">\n<p dir=\"ltr\">Seguem em todos os postos de sa\u00fade do munic\u00edpio, aberto para todas as mulheres, mas tendo foco nas mulheres com idade de 50 a 69 anos. Na unidade em Mussurepe, a a\u00e7\u00e3o ser\u00e1 realizada na segunda-feira (30) com palestras educativas, testes r\u00e1pidos para HIV, s\u00edfilis e hepatite b, preven\u00e7\u00e3o, atividades f\u00edsicas e distribui\u00e7\u00e3o de brindes.<\/p>\n<\/div>\n<h2><strong>C\u00e2ncer de mama mata mais de 17 mil pessoas<\/strong><\/h2>\n<p>Dados da Organiza\u00e7\u00e3o Mundial da Sa\u00fade (OMS) divulgados neste ano, apontam que o n\u00famero de mortes no Brasil por conta de c\u00e2ncer aumentou 31% desde 2000 e chegou a 223,4 mil pessoas por ano no final de 2015. Segundo os dados, o tumor de mama provoca cerca de 18 mil mortes no Brasil.<\/p>\n<h2><strong>C\u00e2ncer de colo de \u00fatero <\/strong><\/h2>\n<p>Segundo dados do Instituto Nacional de C\u00e2ncer Jos\u00e9 Alencar Gomes da Silva (INCA), esse \u00e9 o terceiro tumor mais frequente na popula\u00e7\u00e3o feminina, atr\u00e1s do c\u00e2ncer de mama e do colorretal. Ele pode ser tratado se for detectado atrav\u00e9s do exame preventivo conhecido como Papanicolau. A preven\u00e7\u00e3o \u00e9 oferecida por todas as unidades de Sa\u00fade do munic\u00edpio.<\/p>\n","protected":false},"excerpt":{"rendered":"<p>No Dia Internacional Contra o C\u00e2ncer de Mama, comemorado nesta quinta-feira (19), a Prefeitura do Paudalho deixa voc\u00ea bem informado sobre o Outubro Rosa, m\u00eas dedicado ao combate do c\u00e2ncer de mama e colo de \u00fatero. Periodicamente a Prefeitura publica informa\u00e7\u00f5es importantes sobre a campanha que que est\u00e1 sendo realizada na cidade. A\u00e7\u00f5es nos postos [&hellip;]<\/p>\n","protected":false},"author":4,"featured_media":1641,"comment_status":"open","ping_status":"open","sticky":false,"template":"","format":"standard","meta":{"_jetpack_newsletter_access":"","_jetpack_dont_email_post_to_subs":false,"_jetpack_newsletter_tier_id":0,"_jetpack_memberships_contains_paywalled_content":false,"_jetpack_memberships_contains_paid_content":false,"footnotes":""},"categories":[2,1,3],"tags":[167,22],"class_list":["post-1627","post","type-post","status-publish","format-standard","has-post-thumbnail","hentry","category-destaque","category-noticias","category-saude","tag-outubro-rosa","tag-prefeitura-do-paudalho"],"jetpack_featured_media_url":"https:\/\/www.paudalho.pe.gov.br\/portal\/wp-content\/uploads\/2017\/10\/Desejamos-a-voc\u00ea-uma-1.png","jetpack_sharing_enabled":true,"jetpack_shortlink":"https:\/\/wp.me\/p98mS2-qf","_links":{"self":[{"href":"https:\/\/www.paudalho.pe.gov.br\/portal\/wp-json\/wp\/v2\/posts\/1627","targetHints":{"allow":["GET"]}}],"collection":[{"href":"https:\/\/www.paudalho.pe.gov.br\/portal\/wp-json\/wp\/v2\/posts"}],"about":[{"href":"https:\/\/www.paudalho.pe.gov.br\/portal\/wp-json\/wp\/v2\/types\/post"}],"author":[{"embeddable":true,"href":"https:\/\/www.paudalho.pe.gov.br\/portal\/wp-json\/wp\/v2\/users\/4"}],"replies":[{"embeddable":true,"href":"https:\/\/www.paudalho.pe.gov.br\/portal\/wp-json\/wp\/v2\/comments?post=1627"}],"version-history":[{"count":4,"href":"https:\/\/www.paudalho.pe.gov.br\/portal\/wp-json\/wp\/v2\/posts\/1627\/revisions"}],"predecessor-version":[{"id":1642,"href":"https:\/\/www.paudalho.pe.gov.br\/portal\/wp-json\/wp\/v2\/posts\/1627\/revisions\/1642"}],"wp:featuredmedia":[{"embeddable":true,"href":"https:\/\/www.paudalho.pe.gov.br\/portal\/wp-json\/wp\/v2\/media\/1641"}],"wp:attachment":[{"href":"https:\/\/www.paudalho.pe.gov.br\/portal\/wp-json\/wp\/v2\/media?parent=1627"}],"wp:term":[{"taxonomy":"category","embeddable":true,"href":"https:\/\/www.paudalho.pe.gov.br\/portal\/wp-json\/wp\/v2\/categories?post=1627"},{"taxonomy":"post_tag","embeddable":true,"href":"https:\/\/www.paudalho.pe.gov.br\/portal\/wp-json\/wp\/v2\/tags?post=1627"}],"curies":[{"name":"wp","href":"https:\/\/api.w.org\/{rel}","templated":true}]}}