{"id":16237,"date":"2021-07-06T08:19:30","date_gmt":"2021-07-06T11:19:30","guid":{"rendered":"https:\/\/www.paudalho.pe.gov.br\/portal\/?p=16237"},"modified":"2025-01-08T00:39:32","modified_gmt":"2025-01-08T03:39:32","slug":"prefeitura-do-paudalho-inicia-plantio-de-1-500-mudas-de-especies-nativas-da-mata-atlantica-no-municipio","status":"publish","type":"post","link":"https:\/\/www.paudalho.pe.gov.br\/portal\/prefeitura-do-paudalho-inicia-plantio-de-1-500-mudas-de-especies-nativas-da-mata-atlantica-no-municipio\/","title":{"rendered":"Prefeitura do Paudalho inicia plantio de 1.500 mudas de esp\u00e9cies nativas da Mata Atl\u00e2ntica no munic\u00edpio"},"content":{"rendered":"\n<p>Na manh\u00e3 de segunda-feira (5), a Prefeitura do Paudalho iniciou o plantio de 1.500 mudas de \u00e1rvores nativas da Mata Atl\u00e2ntica no munic\u00edpio. A iniciativa faz parte do Plano Municipal de Conserva\u00e7\u00e3o e Recupera\u00e7\u00e3o de Mata Atl\u00e2ntica (PMCRMA) e tem por finalidade revitalizar e preservar o bioma predominante na cidade. O evento teve in\u00edcio \u00e0s 9h e ocorreu no loteamento Nova Paudalho, localizado na comunidade Vila Santa M\u00f4nica. <\/p>\n\n\n\n<p>No primeiro dia da a\u00e7\u00e3o, foram plantadas 300 mudas de esp\u00e9cies como Ip\u00ea Rosa, Ip\u00ea Roxo Azeitona, Visgueiro, Saboeiro, Craibeira, entre outras. De acordo com a Secretaria Executiva de Desenvolvimento Econ\u00f4mico, Meio Ambiente e Qualifica\u00e7\u00e3o Profissional (SEDEMAQ),&nbsp;ao longo desta semana, outras 1.200 plantas ser\u00e3o cultivadas no local. Para garantir que as mudas se desenvolvam, uma equipe t\u00e9cnica da SEDEMAQ far\u00e1 semanalmente o monitoramento da \u00e1rea. <\/p>\n\n\n\n<figure class=\"wp-block-gallery columns-2 is-cropped wp-block-gallery-1 is-layout-flex wp-block-gallery-is-layout-flex\"><ul class=\"blocks-gallery-grid\"><li class=\"blocks-gallery-item\"><figure><img loading=\"lazy\" decoding=\"async\" width=\"800\" height=\"450\" data-attachment-id=\"16276\" data-permalink=\"https:\/\/www.paudalho.pe.gov.br\/portal\/prefeitura-do-paudalho-inicia-plantio-de-1-500-mudas-de-especies-nativas-da-mata-atlantica-no-municipio\/whatsapp-image-2021-07-05-at-09-47-15\/\" data-orig-file=\"https:\/\/www.paudalho.pe.gov.br\/portal\/wp-content\/uploads\/2021\/07\/WhatsApp-Image-2021-07-05-at-09.47.15.jpeg\" data-orig-size=\"1280,958\" data-comments-opened=\"1\" data-image-meta=\"{&quot;aperture&quot;:&quot;0&quot;,&quot;credit&quot;:&quot;&quot;,&quot;camera&quot;:&quot;&quot;,&quot;caption&quot;:&quot;&quot;,&quot;created_timestamp&quot;:&quot;0&quot;,&quot;copyright&quot;:&quot;&quot;,&quot;focal_length&quot;:&quot;0&quot;,&quot;iso&quot;:&quot;0&quot;,&quot;shutter_speed&quot;:&quot;0&quot;,&quot;title&quot;:&quot;&quot;,&quot;orientation&quot;:&quot;0&quot;}\" data-image-title=\"A\u00e7\u00e3o de Reflorestamento em Paudalho-PE.\" data-image-description=\"\" data-image-caption=\"&lt;p&gt;Foto: Thales K\u00edrion\/PMP.&lt;\/p&gt;\n\" data-medium-file=\"https:\/\/www.paudalho.pe.gov.br\/portal\/wp-content\/uploads\/2021\/07\/WhatsApp-Image-2021-07-05-at-09.47.15-350x230.jpeg\" data-large-file=\"https:\/\/www.paudalho.pe.gov.br\/portal\/wp-content\/uploads\/2021\/07\/WhatsApp-Image-2021-07-05-at-09.47.15-800x450.jpeg\" src=\"https:\/\/www.paudalho.pe.gov.br\/portal\/wp-content\/uploads\/2021\/07\/WhatsApp-Image-2021-07-05-at-09.47.15-800x450.jpeg\" alt=\"\" data-id=\"16276\" data-full-url=\"https:\/\/www.paudalho.pe.gov.br\/portal\/wp-content\/uploads\/2021\/07\/WhatsApp-Image-2021-07-05-at-09.47.15.jpeg\" data-link=\"https:\/\/www.paudalho.pe.gov.br\/portal\/?attachment_id=16276\" class=\"wp-image-16276\"\/><figcaption class=\"blocks-gallery-item__caption\"><em>Foto: Thales K\u00edrion\/PMP.<\/em><\/figcaption><\/figure><\/li><li class=\"blocks-gallery-item\"><figure><img loading=\"lazy\" decoding=\"async\" width=\"800\" height=\"450\" data-attachment-id=\"16272\" data-permalink=\"https:\/\/www.paudalho.pe.gov.br\/portal\/prefeitura-do-paudalho-inicia-plantio-de-1-500-mudas-de-especies-nativas-da-mata-atlantica-no-municipio\/reflorestamento1\/\" data-orig-file=\"https:\/\/www.paudalho.pe.gov.br\/portal\/wp-content\/uploads\/2021\/07\/reflorestamento1.jpeg\" data-orig-size=\"1280,853\" data-comments-opened=\"1\" data-image-meta=\"{&quot;aperture&quot;:&quot;0&quot;,&quot;credit&quot;:&quot;&quot;,&quot;camera&quot;:&quot;&quot;,&quot;caption&quot;:&quot;&quot;,&quot;created_timestamp&quot;:&quot;0&quot;,&quot;copyright&quot;:&quot;&quot;,&quot;focal_length&quot;:&quot;0&quot;,&quot;iso&quot;:&quot;0&quot;,&quot;shutter_speed&quot;:&quot;0&quot;,&quot;title&quot;:&quot;&quot;,&quot;orientation&quot;:&quot;0&quot;}\" data-image-title=\"A\u00e7\u00e3o de reflorestamento em Paudalho &#8211; PE.\" data-image-description=\"\" data-image-caption=\"\" data-medium-file=\"https:\/\/www.paudalho.pe.gov.br\/portal\/wp-content\/uploads\/2021\/07\/reflorestamento1-350x230.jpeg\" data-large-file=\"https:\/\/www.paudalho.pe.gov.br\/portal\/wp-content\/uploads\/2021\/07\/reflorestamento1-800x450.jpeg\" src=\"https:\/\/www.paudalho.pe.gov.br\/portal\/wp-content\/uploads\/2021\/07\/reflorestamento1-800x450.jpeg\" alt=\"\" data-id=\"16272\" data-full-url=\"https:\/\/www.paudalho.pe.gov.br\/portal\/wp-content\/uploads\/2021\/07\/reflorestamento1.jpeg\" data-link=\"https:\/\/www.paudalho.pe.gov.br\/portal\/?attachment_id=16272\" class=\"wp-image-16272\"\/><figcaption class=\"blocks-gallery-item__caption\"><em>Foto: Isak de Castro\/PMP.<\/em><\/figcaption><\/figure><\/li><\/ul><\/figure>\n\n\n\n<p>O evento contou com a presen\u00e7a do prefeito da cidade, Marcelo Gouveia, do secret\u00e1rio municipal de Desenvolvimento Econ\u00f4mico, Meio Ambiente e Qualifica\u00e7\u00e3o Profissional, Josim\u00e1rio Marques, do secret\u00e1rio de Meio Ambiente e Sustentabilidade de Pernambuco, Jos\u00e9 Bertotti, assim tamb\u00e9m como da gestora da Unidade Integrada de Gest\u00e3o Ambiental (Uiga) Carpina, Aurenita Vasconcelos, e da diretora de Desenvolvimento e Sustentabilidade da Companhia Pernambucana de Saneamento (COMPESA), Camilla Godoy.<\/p>\n\n\n\n<p>&#8220;Hoje a gente est\u00e1 dando mais um passo importante para dar continuidade a esse trabalho de recupera\u00e7\u00e3o, para que possamos ter esse clima favor\u00e1vel que n\u00f3s temos em Paudalho, essa abund\u00e2ncia de chuvas e de verde. Isso \u00e9 responsabilidade de todos n\u00f3s, precisamos ter consci\u00eancia ambiental, precisamos ter uma disciplina consciente de fazer o que \u00e9 certo para a nossa natureza.&#8221; declarou Marcelo Gouveia durante a solenidade. <\/p>\n\n\n\n<figure class=\"wp-block-image size-large\"><img loading=\"lazy\" decoding=\"async\" width=\"800\" height=\"450\" data-attachment-id=\"16270\" data-permalink=\"https:\/\/www.paudalho.pe.gov.br\/portal\/prefeitura-do-paudalho-inicia-plantio-de-1-500-mudas-de-especies-nativas-da-mata-atlantica-no-municipio\/whatsapp-image-2021-07-05-at-19-13-52\/\" data-orig-file=\"https:\/\/www.paudalho.pe.gov.br\/portal\/wp-content\/uploads\/2021\/07\/WhatsApp-Image-2021-07-05-at-19.13.52.jpeg\" data-orig-size=\"1280,853\" data-comments-opened=\"1\" data-image-meta=\"{&quot;aperture&quot;:&quot;0&quot;,&quot;credit&quot;:&quot;&quot;,&quot;camera&quot;:&quot;&quot;,&quot;caption&quot;:&quot;&quot;,&quot;created_timestamp&quot;:&quot;0&quot;,&quot;copyright&quot;:&quot;&quot;,&quot;focal_length&quot;:&quot;0&quot;,&quot;iso&quot;:&quot;0&quot;,&quot;shutter_speed&quot;:&quot;0&quot;,&quot;title&quot;:&quot;&quot;,&quot;orientation&quot;:&quot;0&quot;}\" data-image-title=\"A\u00e7\u00e3o de reflorestamento em Paudalho &#8211; PE.\" data-image-description=\"\" data-image-caption=\"\" data-medium-file=\"https:\/\/www.paudalho.pe.gov.br\/portal\/wp-content\/uploads\/2021\/07\/WhatsApp-Image-2021-07-05-at-19.13.52-350x230.jpeg\" data-large-file=\"https:\/\/www.paudalho.pe.gov.br\/portal\/wp-content\/uploads\/2021\/07\/WhatsApp-Image-2021-07-05-at-19.13.52-800x450.jpeg\" src=\"https:\/\/www.paudalho.pe.gov.br\/portal\/wp-content\/uploads\/2021\/07\/WhatsApp-Image-2021-07-05-at-19.13.52-800x450.jpeg\" alt=\"\" class=\"wp-image-16270\"\/><figcaption><em>Foto: Isak de Castro\/PMP.<\/em><\/figcaption><\/figure>\n\n\n\n<p>A a\u00e7\u00e3o tamb\u00e9m teve car\u00e1ter educativo e contou com a participa\u00e7\u00e3o de um grupo formado por estudantes da Escola Municipal Manoel da Rosa e de membros da Secretaria Municipal de Educa\u00e7\u00e3o (SEDUC), como a secret\u00e1ria Paula Frassinette. Os alunos puderam aprender sobre prote\u00e7\u00e3o e cuidado com a natureza. A professora de matem\u00e1tica Miralva Cristina falou sobre a import\u00e2ncia de integr\u00e1-los na a\u00e7\u00e3o: \u201cUma atividade dessa facilita o aprendizado porque o aluno precisa da pr\u00e1tica e trazendo para aqui a gente est\u00e1 mostrando aos estudantes como realizar o reflorestamento.\u201d<\/p>\n\n\n\n<figure class=\"wp-block-image size-large\"><img loading=\"lazy\" decoding=\"async\" width=\"800\" height=\"450\" data-attachment-id=\"16275\" data-permalink=\"https:\/\/www.paudalho.pe.gov.br\/portal\/prefeitura-do-paudalho-inicia-plantio-de-1-500-mudas-de-especies-nativas-da-mata-atlantica-no-municipio\/whatsapp-image-2021-07-06-at-08-05-40\/\" data-orig-file=\"https:\/\/www.paudalho.pe.gov.br\/portal\/wp-content\/uploads\/2021\/07\/WhatsApp-Image-2021-07-06-at-08.05.40.jpeg\" data-orig-size=\"1280,960\" data-comments-opened=\"1\" data-image-meta=\"{&quot;aperture&quot;:&quot;0&quot;,&quot;credit&quot;:&quot;&quot;,&quot;camera&quot;:&quot;&quot;,&quot;caption&quot;:&quot;&quot;,&quot;created_timestamp&quot;:&quot;0&quot;,&quot;copyright&quot;:&quot;&quot;,&quot;focal_length&quot;:&quot;0&quot;,&quot;iso&quot;:&quot;0&quot;,&quot;shutter_speed&quot;:&quot;0&quot;,&quot;title&quot;:&quot;&quot;,&quot;orientation&quot;:&quot;0&quot;}\" data-image-title=\"A\u00e7\u00e3o de reflorestamento em Paudalho-PE.\" data-image-description=\"\" data-image-caption=\"\" data-medium-file=\"https:\/\/www.paudalho.pe.gov.br\/portal\/wp-content\/uploads\/2021\/07\/WhatsApp-Image-2021-07-06-at-08.05.40-350x230.jpeg\" data-large-file=\"https:\/\/www.paudalho.pe.gov.br\/portal\/wp-content\/uploads\/2021\/07\/WhatsApp-Image-2021-07-06-at-08.05.40-800x450.jpeg\" src=\"https:\/\/www.paudalho.pe.gov.br\/portal\/wp-content\/uploads\/2021\/07\/WhatsApp-Image-2021-07-06-at-08.05.40-800x450.jpeg\" alt=\"\" class=\"wp-image-16275\"\/><figcaption><em>Foto: Maria Clara Carneiro\/PMP.<\/em><\/figcaption><\/figure>\n\n\n\n<p>Em sua declara\u00e7\u00e3o, o secret\u00e1rio Jos\u00e9 Bertotti destacou a relev\u00e2ncia do trabalho de preserva\u00e7\u00e3o realizado na cidade e refor\u00e7ou o apoio da Secretaria de Meio Ambiente e Sustentabilidade de Pernambuco (SEMAS). &#8220;Em que pese, Paudalho \u00e9 uma das principais cidades do ponto de vista proporcional do cuidado com a nossa Mata Atl\u00e2ntica (&#8230;) para a gente \u00e9 muito importante estar aqui e dizer que Pernambuco quer avan\u00e7ar nesse projeto de desenvolvimento.&#8221; O gestor tamb\u00e9m aproveitou a ocasi\u00e3o para parabenizar a iniciativa de coleta seletiva desenvolvida na cidade por meio da Cooperativa de Catadores de Materiais Reciclados de Paudalho (COOPCAPA).<\/p>\n","protected":false},"excerpt":{"rendered":"<p>Na manh\u00e3 de segunda-feira (5), a Prefeitura do Paudalho iniciou o plantio de 1.500 mudas de \u00e1rvores nativas da Mata Atl\u00e2ntica no munic\u00edpio. A iniciativa faz parte do Plano Municipal de Conserva\u00e7\u00e3o e Recupera\u00e7\u00e3o de Mata Atl\u00e2ntica (PMCRMA) e tem por finalidade revitalizar e preservar o bioma predominante na cidade. O evento teve in\u00edcio \u00e0s [&hellip;]<\/p>\n","protected":false},"author":6,"featured_media":16268,"comment_status":"open","ping_status":"open","sticky":false,"template":"","format":"standard","meta":{"_jetpack_newsletter_access":"","_jetpack_dont_email_post_to_subs":false,"_jetpack_newsletter_tier_id":0,"_jetpack_memberships_contains_paywalled_content":false,"_jetpack_memberships_contains_paid_content":false,"footnotes":""},"categories":[2,765,1,746],"tags":[190,22,754],"class_list":["post-16237","post","type-post","status-publish","format-standard","has-post-thumbnail","hentry","category-destaque","category-meio-ambiente","category-noticias","category-sustentabilidade","tag-meio-ambiente","tag-prefeitura-do-paudalho","tag-sedemaq"],"jetpack_featured_media_url":"https:\/\/www.paudalho.pe.gov.br\/portal\/wp-content\/uploads\/2021\/07\/WhatsApp-Image-2021-07-05-at-19.13.53-1.jpeg","jetpack_sharing_enabled":true,"jetpack_shortlink":"https:\/\/wp.me\/p98mS2-4dT","_links":{"self":[{"href":"https:\/\/www.paudalho.pe.gov.br\/portal\/wp-json\/wp\/v2\/posts\/16237","targetHints":{"allow":["GET"]}}],"collection":[{"href":"https:\/\/www.paudalho.pe.gov.br\/portal\/wp-json\/wp\/v2\/posts"}],"about":[{"href":"https:\/\/www.paudalho.pe.gov.br\/portal\/wp-json\/wp\/v2\/types\/post"}],"author":[{"embeddable":true,"href":"https:\/\/www.paudalho.pe.gov.br\/portal\/wp-json\/wp\/v2\/users\/6"}],"replies":[{"embeddable":true,"href":"https:\/\/www.paudalho.pe.gov.br\/portal\/wp-json\/wp\/v2\/comments?post=16237"}],"version-history":[{"count":36,"href":"https:\/\/www.paudalho.pe.gov.br\/portal\/wp-json\/wp\/v2\/posts\/16237\/revisions"}],"predecessor-version":[{"id":16385,"href":"https:\/\/www.paudalho.pe.gov.br\/portal\/wp-json\/wp\/v2\/posts\/16237\/revisions\/16385"}],"wp:featuredmedia":[{"embeddable":true,"href":"https:\/\/www.paudalho.pe.gov.br\/portal\/wp-json\/wp\/v2\/media\/16268"}],"wp:attachment":[{"href":"https:\/\/www.paudalho.pe.gov.br\/portal\/wp-json\/wp\/v2\/media?parent=16237"}],"wp:term":[{"taxonomy":"category","embeddable":true,"href":"https:\/\/www.paudalho.pe.gov.br\/portal\/wp-json\/wp\/v2\/categories?post=16237"},{"taxonomy":"post_tag","embeddable":true,"href":"https:\/\/www.paudalho.pe.gov.br\/portal\/wp-json\/wp\/v2\/tags?post=16237"}],"curies":[{"name":"wp","href":"https:\/\/api.w.org\/{rel}","templated":true}]}}