{"id":16216,"date":"2021-07-03T15:33:44","date_gmt":"2021-07-03T18:33:44","guid":{"rendered":"https:\/\/www.paudalho.pe.gov.br\/portal\/?p=16216"},"modified":"2025-01-08T00:39:32","modified_gmt":"2025-01-08T03:39:32","slug":"paudalho-abre-pre-cadastro-para-a-vacinacao-contra-a-covid-19-de-pessoas-na-faixa-etaria-dos-30-anos","status":"publish","type":"post","link":"https:\/\/www.paudalho.pe.gov.br\/portal\/paudalho-abre-pre-cadastro-para-a-vacinacao-contra-a-covid-19-de-pessoas-na-faixa-etaria-dos-30-anos\/","title":{"rendered":"Paudalho abre pr\u00e9-cadastro para a vacina\u00e7\u00e3o contra a covid-19 de pessoas na faixa et\u00e1ria dos 30 anos"},"content":{"rendered":"\n<p>A Prefeitura do Paudalho anuncia na tarde deste s\u00e1bado (03) mais um avan\u00e7o na campanha de vacina\u00e7\u00e3o contra a covid-19 no munic\u00edpio. A partir de hoje, est\u00e1 aberto o pr\u00e9-cadastro para pessoas a partir dos 30 anos de idade. Assim como nas demais fases da campanha de imuniza\u00e7\u00e3o, para receber a dose da vacina \u00e9 necess\u00e1rio realizar o pr\u00e9-cadastro on-line dispon\u00edvel no site da Prefeitura.<\/p>\n\n\n\n<p><a rel=\"noreferrer noopener\" href=\"https:\/\/paudalho.basemunicipal.com\/saude\/covid\/vacinacao\/pre-cadastro\" target=\"_blank\"><strong>&gt;&gt;&gt; REALIZE O SEU PR\u00c9-CADASTRO PARA A VACINA\u00c7\u00c3O CONTRA A COVID-19 AQUI!<\/strong><\/a><\/p>\n\n\n\n<p><strong>A expectativa \u00e9 que a imuniza\u00e7\u00e3o desse novo grupo seja iniciada \u00e0 medida que novas doses da vacina forem recebidas pelo munic\u00edpio<\/strong>. A aplica\u00e7\u00e3o ocorrer\u00e1 de modo regressivo, com o primeiro grupo formado por pessoas de 39 anos, depois 38, 37, e assim sucessivamente. <\/p>\n\n\n\n<p>A vacina\u00e7\u00e3o segue ocorrendo em frente a Pra\u00e7a Pedro Coutinho, no Centro. O atendimento \u00e9 realizado de segunda a s\u00e1bado, das 8h \u00e0s 16h, com funcionamento estendido nas ter\u00e7as e quintas-feiras at\u00e9 \u00e0s 20h. No dia da imuniza\u00e7\u00e3o, ser\u00e1 necess\u00e1rio apresentar um documento com foto, CPF e um comprovante de resid\u00eancia.<\/p>\n\n\n\n<p>A campanha avan\u00e7a, de acordo com dados divulgados pela Secretaria Municipal de Sa\u00fade atrav\u00e9s da ferramenta on-line&nbsp;<a rel=\"noreferrer noopener\" href=\"https:\/\/paudalho.basemunicipal.com\/saude\/vacinometro\" target=\"_blank\"><strong>Vacin\u00f4metro<\/strong><\/a>, do in\u00edcio da campanha, em janeiro de 2021, at\u00e9 a manh\u00e3 desta sexta-feira, 22.935 doses dos imunizantes foram aplicadas na popula\u00e7\u00e3o. Desse total, 18.048 (78.7%) foram da primeira dose e 4.887 (21.3%) da segunda.<\/p>\n","protected":false},"excerpt":{"rendered":"<p>A Prefeitura do Paudalho anuncia na tarde deste s\u00e1bado (03) mais um avan\u00e7o na campanha de vacina\u00e7\u00e3o contra a covid-19 no munic\u00edpio. A partir de hoje, est\u00e1 aberto o pr\u00e9-cadastro para pessoas a partir dos 30 anos de idade. Assim como nas demais fases da campanha de imuniza\u00e7\u00e3o, para receber a dose da vacina \u00e9 [&hellip;]<\/p>\n","protected":false},"author":6,"featured_media":15677,"comment_status":"open","ping_status":"open","sticky":false,"template":"","format":"standard","meta":{"_jetpack_newsletter_access":"","_jetpack_dont_email_post_to_subs":false,"_jetpack_newsletter_tier_id":0,"_jetpack_memberships_contains_paywalled_content":false,"_jetpack_memberships_contains_paid_content":false,"footnotes":""},"categories":[732,2,1,3],"tags":[711,22,168,738],"class_list":["post-16216","post","type-post","status-publish","format-standard","has-post-thumbnail","hentry","category-covid-19","category-destaque","category-noticias","category-saude","tag-covid19","tag-prefeitura-do-paudalho","tag-secretaria-de-saude","tag-vacinacao-contra-a-covid-19"],"jetpack_featured_media_url":"https:\/\/www.paudalho.pe.gov.br\/portal\/wp-content\/uploads\/2021\/06\/WhatsApp-Image-2021-06-11-at-16.14.37.jpeg","jetpack_sharing_enabled":true,"jetpack_shortlink":"https:\/\/wp.me\/p98mS2-4dy","_links":{"self":[{"href":"https:\/\/www.paudalho.pe.gov.br\/portal\/wp-json\/wp\/v2\/posts\/16216","targetHints":{"allow":["GET"]}}],"collection":[{"href":"https:\/\/www.paudalho.pe.gov.br\/portal\/wp-json\/wp\/v2\/posts"}],"about":[{"href":"https:\/\/www.paudalho.pe.gov.br\/portal\/wp-json\/wp\/v2\/types\/post"}],"author":[{"embeddable":true,"href":"https:\/\/www.paudalho.pe.gov.br\/portal\/wp-json\/wp\/v2\/users\/6"}],"replies":[{"embeddable":true,"href":"https:\/\/www.paudalho.pe.gov.br\/portal\/wp-json\/wp\/v2\/comments?post=16216"}],"version-history":[{"count":15,"href":"https:\/\/www.paudalho.pe.gov.br\/portal\/wp-json\/wp\/v2\/posts\/16216\/revisions"}],"predecessor-version":[{"id":16235,"href":"https:\/\/www.paudalho.pe.gov.br\/portal\/wp-json\/wp\/v2\/posts\/16216\/revisions\/16235"}],"wp:featuredmedia":[{"embeddable":true,"href":"https:\/\/www.paudalho.pe.gov.br\/portal\/wp-json\/wp\/v2\/media\/15677"}],"wp:attachment":[{"href":"https:\/\/www.paudalho.pe.gov.br\/portal\/wp-json\/wp\/v2\/media?parent=16216"}],"wp:term":[{"taxonomy":"category","embeddable":true,"href":"https:\/\/www.paudalho.pe.gov.br\/portal\/wp-json\/wp\/v2\/categories?post=16216"},{"taxonomy":"post_tag","embeddable":true,"href":"https:\/\/www.paudalho.pe.gov.br\/portal\/wp-json\/wp\/v2\/tags?post=16216"}],"curies":[{"name":"wp","href":"https:\/\/api.w.org\/{rel}","templated":true}]}}