{"id":16146,"date":"2021-06-30T12:59:45","date_gmt":"2021-06-30T15:59:45","guid":{"rendered":"https:\/\/www.paudalho.pe.gov.br\/portal\/?p=16146"},"modified":"2025-01-08T00:39:32","modified_gmt":"2025-01-08T03:39:32","slug":"residentes-do-redec-auxiliam-professores-na-alfabetizacao-digital-para-tornar-aulas-mais-dinamicas","status":"publish","type":"post","link":"https:\/\/www.paudalho.pe.gov.br\/portal\/residentes-do-redec-auxiliam-professores-na-alfabetizacao-digital-para-tornar-aulas-mais-dinamicas\/","title":{"rendered":"Residentes do ReDEC auxiliam professores na alfabetiza\u00e7\u00e3o digital para tornar aulas mais din\u00e2micas"},"content":{"rendered":"\n<p id=\"viewer-b17hd\">A pandemia da Covid-19 afetou as formas tradicionais de ensino. A sala de aula deu espa\u00e7o ao mundo virtual e as ferramentas tecnol\u00f3gicas est\u00e3o cada vez mais presentes no cotidiano de professores e alunos pelo Brasil. De acordo com uma pesquisa realizada pelo movimento Todos pela Educa\u00e7\u00e3o, mais da metade (55%) dos professores do ensino p\u00fablico utilizam a tecnologia regularmente em sala de aula. Ainda segundo o estudo, os docentes mostraram-se dispostos a usarem ferramentas digitais no desenvolvimento de suas atividades.<\/p>\n\n\n\n<p id=\"viewer-77cr4\">Pensando na inclus\u00e3o desses professores no potencial pedag\u00f3gico proporcionado pelas ferramentas tecnol\u00f3gicas, o Programa de Extens\u00e3o Resid\u00eancia Docentes nas Ci\u00eancias, o ReDEC, vinculado \u00e0 Universidade Federal de Pernambuco (UFPE), tem realizado diversas forma\u00e7\u00f5es com os professores do Munic\u00edpio de Gl\u00f3ria do Goit\u00e1 e Paudalho, no interior do Estado de Pernambuco, visando proporcionar a melhora do ensino a partir de ferramentas digitais.<\/p>\n\n\n\n<p id=\"viewer-rbhp\">\u201cAtrav\u00e9s das nossas a\u00e7\u00f5es podemos engajar cada vez mais professores a criarem novas estrat\u00e9gias de ensino, para que os seus alunos possam receber o conte\u00fado da melhor forma\u201d, comenta Fausto Muniz, mestrando em Educa\u00e7\u00e3o em Ci\u00eancias e Matem\u00e1tica da UFPE e residente do ReDEC.<\/p>\n\n\n\n<figure class=\"wp-block-image size-large\"><img loading=\"lazy\" decoding=\"async\" width=\"800\" height=\"450\" data-attachment-id=\"16177\" data-permalink=\"https:\/\/www.paudalho.pe.gov.br\/portal\/residentes-do-redec-auxiliam-professores-na-alfabetizacao-digital-para-tornar-aulas-mais-dinamicas\/retangular\/\" data-orig-file=\"https:\/\/www.paudalho.pe.gov.br\/portal\/wp-content\/uploads\/2021\/06\/Retangular.png\" data-orig-size=\"2160,1080\" data-comments-opened=\"1\" data-image-meta=\"{&quot;aperture&quot;:&quot;0&quot;,&quot;credit&quot;:&quot;&quot;,&quot;camera&quot;:&quot;&quot;,&quot;caption&quot;:&quot;&quot;,&quot;created_timestamp&quot;:&quot;0&quot;,&quot;copyright&quot;:&quot;&quot;,&quot;focal_length&quot;:&quot;0&quot;,&quot;iso&quot;:&quot;0&quot;,&quot;shutter_speed&quot;:&quot;0&quot;,&quot;title&quot;:&quot;&quot;,&quot;orientation&quot;:&quot;0&quot;}\" data-image-title=\"Retangular\" data-image-description=\"\" data-image-caption=\"\" data-medium-file=\"https:\/\/www.paudalho.pe.gov.br\/portal\/wp-content\/uploads\/2021\/06\/Retangular-350x230.png\" data-large-file=\"https:\/\/www.paudalho.pe.gov.br\/portal\/wp-content\/uploads\/2021\/06\/Retangular-800x450.png\" src=\"https:\/\/www.paudalho.pe.gov.br\/portal\/wp-content\/uploads\/2021\/06\/Retangular-800x450.png\" alt=\"\" class=\"wp-image-16177\"\/><\/figure>\n\n\n\n<p id=\"viewer-a7mni\">E j\u00e1 \u00e9 poss\u00edvel sentir os resultados do investimento no processo de forma\u00e7\u00e3o dos profissionais da educa\u00e7\u00e3o. Durante o Festival de Cultura Digital, realizado entre os dias 14 e 18 de Julho em diferentes hor\u00e1rios, professores do Munic\u00edpio de Paudalho tiveram a oportunidade de conhecer novas ferramentas tecnol\u00f3gicas que ir\u00e3o facilitar na hora de produzirem suas aulas. <\/p>\n\n\n\n<p id=\"viewer-a7mni\">\u201cOs conte\u00fados ofertados pelo ReDEC foram bastante explicativos e din\u00e2micos. Ao longo de todo o Festival, j\u00e1 pude imaginar como aplicar os conceitos que foram trabalhados na a\u00e7\u00e3o em sala de aula\u201d conta Anderson Elias, professor do ensino fundamental na Escola Municipal Eliza Fid\u00e9lis da Silva, localizada na cidade de Paudalho.<\/p>\n\n\n\n<p id=\"viewer-fsr52\">Assim, acostumado com a did\u00e1tica da realiza\u00e7\u00e3o de jogos presenciais em sala de aula, o professor explica que ap\u00f3s participar das oficinas do ReDEC, j\u00e1 pretende dar in\u00edcio a aplica\u00e7\u00e3o de jogos online para dinamizar a apresenta\u00e7\u00e3o dos conte\u00fados program\u00e1ticos. \u201cOs alunos adoraram a ideia, alguns me passaram at\u00e9 sugest\u00f5es de plataformas para editar v\u00eddeos\u201d, acrescenta Anderson Elias.<\/p>\n\n\n\n<p id=\"viewer-e8i3f\">Pensar em novas estrat\u00e9gias para o ensino \u00e9 refletir sobre a necessidade de desenvolvimento e inova\u00e7\u00e3o acerca de temas antigos da Escola Tradicional. \u201cN\u00e3o se trata de focar apenas no conte\u00fado, o professor precisa estar atento ao processo de aprendizagem dos alunos. Os estudos sobre sa\u00fade emocional, recursos tecnol\u00f3gicos e processos de aprendizagem est\u00e3o se tornando fundamentais para a forma\u00e7\u00e3o dos docentes\u201d, destaca Marcos Barros, professor e coordenador da ReDEC.<\/p>\n\n\n\n<p>Se voc\u00ea se interessou pelo assunto e quer saber mais sobre as a\u00e7\u00f5es do ReDEC no processo de capacita\u00e7\u00e3o digital de profissionais da educa\u00e7\u00e3o, acompanhe as nossas redes sociais: @re_dec e fique por dentro de tudo.&nbsp;<\/p>\n\n\n\n<p><em>O texto acima foi divulgado originalmente pelo Programa de Extens\u00e3o Resid\u00eancia Docentes nas Ci\u00eancias (ReDEC) atrav\u00e9s do <a href=\"https:\/\/redecpe.wixsite.com\/redecpe\/blog\/categories\/paudalho\" target=\"_blank\" rel=\"noreferrer noopener\"><strong>site oficial da iniciativa.<\/strong><\/a><\/em><\/p>\n","protected":false},"excerpt":{"rendered":"<p>A pandemia da Covid-19 afetou as formas tradicionais de ensino. A sala de aula deu espa\u00e7o ao mundo virtual e as ferramentas tecnol\u00f3gicas est\u00e3o cada vez mais presentes no cotidiano de professores e alunos pelo Brasil. De acordo com uma pesquisa realizada pelo movimento Todos pela Educa\u00e7\u00e3o, mais da metade (55%) dos professores do ensino [&hellip;]<\/p>\n","protected":false},"author":6,"featured_media":16186,"comment_status":"open","ping_status":"open","sticky":false,"template":"","format":"standard","meta":{"_jetpack_newsletter_access":"","_jetpack_dont_email_post_to_subs":false,"_jetpack_newsletter_tier_id":0,"_jetpack_memberships_contains_paywalled_content":false,"_jetpack_memberships_contains_paid_content":false,"footnotes":""},"categories":[2,520,1],"tags":[30,22,763,764],"class_list":["post-16146","post","type-post","status-publish","format-standard","has-post-thumbnail","hentry","category-destaque","category-educacao-2","category-noticias","tag-educacao","tag-prefeitura-do-paudalho","tag-redec","tag-ufpe"],"jetpack_featured_media_url":"https:\/\/www.paudalho.pe.gov.br\/portal\/wp-content\/uploads\/2021\/06\/pexels-katerina-holmes-5905710-scaled.jpg","jetpack_sharing_enabled":true,"jetpack_shortlink":"https:\/\/wp.me\/p98mS2-4cq","_links":{"self":[{"href":"https:\/\/www.paudalho.pe.gov.br\/portal\/wp-json\/wp\/v2\/posts\/16146","targetHints":{"allow":["GET"]}}],"collection":[{"href":"https:\/\/www.paudalho.pe.gov.br\/portal\/wp-json\/wp\/v2\/posts"}],"about":[{"href":"https:\/\/www.paudalho.pe.gov.br\/portal\/wp-json\/wp\/v2\/types\/post"}],"author":[{"embeddable":true,"href":"https:\/\/www.paudalho.pe.gov.br\/portal\/wp-json\/wp\/v2\/users\/6"}],"replies":[{"embeddable":true,"href":"https:\/\/www.paudalho.pe.gov.br\/portal\/wp-json\/wp\/v2\/comments?post=16146"}],"version-history":[{"count":16,"href":"https:\/\/www.paudalho.pe.gov.br\/portal\/wp-json\/wp\/v2\/posts\/16146\/revisions"}],"predecessor-version":[{"id":16193,"href":"https:\/\/www.paudalho.pe.gov.br\/portal\/wp-json\/wp\/v2\/posts\/16146\/revisions\/16193"}],"wp:featuredmedia":[{"embeddable":true,"href":"https:\/\/www.paudalho.pe.gov.br\/portal\/wp-json\/wp\/v2\/media\/16186"}],"wp:attachment":[{"href":"https:\/\/www.paudalho.pe.gov.br\/portal\/wp-json\/wp\/v2\/media?parent=16146"}],"wp:term":[{"taxonomy":"category","embeddable":true,"href":"https:\/\/www.paudalho.pe.gov.br\/portal\/wp-json\/wp\/v2\/categories?post=16146"},{"taxonomy":"post_tag","embeddable":true,"href":"https:\/\/www.paudalho.pe.gov.br\/portal\/wp-json\/wp\/v2\/tags?post=16146"}],"curies":[{"name":"wp","href":"https:\/\/api.w.org\/{rel}","templated":true}]}}