{"id":1609,"date":"2017-10-17T23:25:22","date_gmt":"2017-10-18T02:25:22","guid":{"rendered":"http:\/\/www.paudalho.pe.gov.br\/portal\/?p=1609"},"modified":"2017-10-19T21:14:08","modified_gmt":"2017-10-20T00:14:08","slug":"marcelo-gouveia-volta-a-brasilia-na-busca-de-recursos-para-o-municipio","status":"publish","type":"post","link":"https:\/\/www.paudalho.pe.gov.br\/portal\/marcelo-gouveia-volta-a-brasilia-na-busca-de-recursos-para-o-municipio\/","title":{"rendered":"Prefeito volta a Bras\u00edlia na busca de recursos para o munic\u00edpio e regi\u00e3o"},"content":{"rendered":"<p>O prefeito de Paudalho, Marcelo Gouveia, tamb\u00e9m presidente do Cons\u00f3rcio dos Munic\u00edpios da Mata Norte e Agreste Setentrional (COMANAS), desembarcou em Bras\u00edlia na \u00faltima segunda-feira (17), onde foi buscar recursos para a cidade e tamb\u00e9m para os munic\u00edpios pernambucanos.<\/p>\n<p>Por meio do Facebook, Marcelo Gouveia mostrou o momento em que se encontrou com o Deputado Federal Pastor Eurico que prometeu, junto ao prefeito, lutar junto ao Governo Federal por melhorias para a regi\u00e3o. Em sua fala, Pastor Eurico parabenizou a atitude do gestor: \u201cEu quero aproveitar e parabenizar ao nosso amigo presidente do COMANAS que est\u00e1 com a gente aqui em Bras\u00edlia, lutando, buscando recursos\u2026 Lutando em prol desses munic\u00edpios\u201d, destacou.<\/p>\n<p><strong>Veja no v\u00eddeo:<\/strong><\/p>\n<div style=\"width: 400px;\" class=\"wp-video\"><!--[if lt IE 9]><script>document.createElement('video');<\/script><![endif]-->\n<video class=\"wp-video-shortcode\" id=\"video-1609-1\" width=\"400\" height=\"224\" preload=\"metadata\" controls=\"controls\"><source type=\"video\/mp4\" src=\"http:\/\/www.paudalho.pe.gov.br\/portal\/wp-content\/uploads\/2017\/10\/22615247_1960989750891051_5025646425388613632_n.mp4?_=1\" \/><a href=\"http:\/\/www.paudalho.pe.gov.br\/portal\/wp-content\/uploads\/2017\/10\/22615247_1960989750891051_5025646425388613632_n.mp4\">http:\/\/www.paudalho.pe.gov.br\/portal\/wp-content\/uploads\/2017\/10\/22615247_1960989750891051_5025646425388613632_n.mp4<\/a><\/video><\/div>\n<h2>Recursos para a regi\u00e3o<\/h2>\n<p>Outro gabinete visitado foi o do senador Fernando Bezerra Coelho (PMDB). Marcelo anunciou que conseguiu apoio atrav\u00e9s de emenda parlamentar indicada para o Cons\u00f3rcio a fim de enfrentar a crise h\u00eddrica na regi\u00e3o. \u201cVim pedir o apoio ao senador Fernando Bezerra Coelho para que ela consiga ajudar os munic\u00edpios da Mata Norte e do Agreste, porque a gente est\u00e1 passando uma crise h\u00eddrica muito forte. N\u00f3s temos um projeto para perfura\u00e7\u00e3o de po\u00e7os cartesianos, constru\u00e7\u00e3o de a\u00e7udes e micro barragens, onde n\u00f3s estamos pleiteando aos parlamentares da bancada de Pernambuco um apoio e ele prontamente se disponibilizou a nos ajudar e queria nesse momento agradecer ao senador\u201d, disse.<\/p>\n<p>O senador Fernando Bezerra Coelho destacou a import\u00e2ncia de o prefeito ir pleitear recursos no Distrito Federal. \u201cEssa ideia de procurar solu\u00e7\u00f5es de forma associada \u00e9 uma grande ideia, sobretudo no momento de crise fiscal e financeira que os munic\u00edpios brasileiros est\u00e3o enfrentando nos estados\u2026 portanto, Marcelo veio aqui pedir esse apoio e estou aqui assumindo o compromisso de destacar recursos da minha emenda positiva que temos direito como senador\u201d, firmou.<\/p>\n<p><strong>Confira:\u00a0<\/strong><\/p>\n<div style=\"width: 400px;\" class=\"wp-video\"><video class=\"wp-video-shortcode\" id=\"video-1609-2\" width=\"400\" height=\"224\" preload=\"metadata\" controls=\"controls\"><source type=\"video\/mp4\" src=\"http:\/\/www.paudalho.pe.gov.br\/portal\/wp-content\/uploads\/2017\/10\/WhatsApp-Video-2017-10-19-at-12.19.51.mp4?_=2\" \/><a href=\"http:\/\/www.paudalho.pe.gov.br\/portal\/wp-content\/uploads\/2017\/10\/WhatsApp-Video-2017-10-19-at-12.19.51.mp4\">http:\/\/www.paudalho.pe.gov.br\/portal\/wp-content\/uploads\/2017\/10\/WhatsApp-Video-2017-10-19-at-12.19.51.mp4<\/a><\/video><\/div>\n<h2>Mais recursos<\/h2>\n<p>Em v\u00eddeo divulgado em sua rede social, o vice-prefeito de Paudalho, Andr\u00e9 Viana, anunciou que conseguiu recursos por meio de emendas parlamentares assinadas pelos deputados federais, Luciana Santos (PCdoB) e Jo\u00e3o Fernando Coutinho (PSB). Andr\u00e9 Viana est\u00e1 juntamente com o prefeito Marcelo Gouveia, em Bras\u00edlia, nesta quinta-feira (19), onde buscam apoio para o munic\u00edpio. Depois das conquistas, o vice-prefeito agradeceu: \u201cA gente vem de uma cidade humilde, uma cidade com pouco recurso, a gente vem correndo atr\u00e1s e tenha certeza que o povo vai reconhecer isso\u201d, comentou.<\/p>\n<p>Segundo Andr\u00e9 Viana v\u00e3o ser investidos R$ 600 mil reais na \u00e1rea de sa\u00fade, R$ 230 mil na Academia de Sa\u00fade de Ch\u00e3 de Cruz, R$ 100 mil na compra de ambul\u00e2ncia. A aplica\u00e7\u00e3o totalizar\u00e1 R$ 930 mil reais. Jo\u00e3o Fernando Coutinho comentou sobre o apoio ao munic\u00edpio. De acordo com ele, o compromisso est\u00e1 selado: \u201c N\u00f3s vamos fazer uma indica\u00e7\u00e3o no valor de R$ 100 mil para a sa\u00fade do munic\u00edpio\u2026 Eu quero aqui me comprometer com o povo de Paudalho\u201d, disse.<\/p>\n<p><strong>Saiba mais:<\/strong><\/p>\n<div style=\"width: 640px;\" class=\"wp-video\"><video class=\"wp-video-shortcode\" id=\"video-1609-3\" width=\"640\" height=\"352\" preload=\"metadata\" controls=\"controls\"><source type=\"video\/mp4\" src=\"http:\/\/www.paudalho.pe.gov.br\/portal\/wp-content\/uploads\/2017\/10\/WhatsApp-Video-2017-10-19-at-12.37.42.mp4?_=3\" \/><a href=\"http:\/\/www.paudalho.pe.gov.br\/portal\/wp-content\/uploads\/2017\/10\/WhatsApp-Video-2017-10-19-at-12.37.42.mp4\">http:\/\/www.paudalho.pe.gov.br\/portal\/wp-content\/uploads\/2017\/10\/WhatsApp-Video-2017-10-19-at-12.37.42.mp4<\/a><\/video><\/div>\n<h2><strong>Unindo for\u00e7as\u00a0<\/strong><\/h2>\n<p>Acompanhado dos prefeitos Den\u00edlson Gonzaga do PSD (Feira Nova) e Tarc\u00edsio do PSB (Ch\u00e3 de Alegria), Marcelo Gouveia, em nome do COMANAS, visitou tamb\u00e9m o gabinete do Deputado Federal Andr\u00e9 de Paula (PSD). Segundo presidente do Cons\u00f3rcio, a visita tem o objetivo de trazer melhorias para a Mata Norte, principalmente no quesito da falta de \u00e1gua. \u201cEstamos aqui nesse momento em nome do COMANAS, do Cons\u00f3rcio da Mata Norte e do Agreste Setentrional de Pernambuco, estamos pleiteando uma ajuda, um apoio, uma emenda parlamentar do deputado Andr\u00e9 de Paulo para ajudar toda a regi\u00e3o, toda a Mata Norte e Agreste Setentrional\u201d, comentou.<\/p>\n<p><strong>Ou\u00e7a os detalhes no v\u00eddeo:<\/strong><\/p>\n<div style=\"width: 640px;\" class=\"wp-video\"><video class=\"wp-video-shortcode\" id=\"video-1609-4\" width=\"640\" height=\"368\" preload=\"metadata\" controls=\"controls\"><source type=\"video\/mp4\" src=\"http:\/\/www.paudalho.pe.gov.br\/portal\/wp-content\/uploads\/2017\/10\/WhatsApp-Video-2017-10-18-at-16.20.24.mp4?_=4\" \/><a href=\"http:\/\/www.paudalho.pe.gov.br\/portal\/wp-content\/uploads\/2017\/10\/WhatsApp-Video-2017-10-18-at-16.20.24.mp4\">http:\/\/www.paudalho.pe.gov.br\/portal\/wp-content\/uploads\/2017\/10\/WhatsApp-Video-2017-10-18-at-16.20.24.mp4<\/a><\/video><\/div>\n","protected":false},"excerpt":{"rendered":"<p>O prefeito de Paudalho, Marcelo Gouveia, tamb\u00e9m presidente do Cons\u00f3rcio dos Munic\u00edpios da Mata Norte e Agreste Setentrional (COMANAS), desembarcou em Bras\u00edlia na \u00faltima segunda-feira (17), onde foi buscar recursos para a cidade e tamb\u00e9m para os munic\u00edpios pernambucanos. Por meio do Facebook, Marcelo Gouveia mostrou o momento em que se encontrou com o Deputado [&hellip;]<\/p>\n","protected":false},"author":4,"featured_media":1660,"comment_status":"open","ping_status":"open","sticky":false,"template":"","format":"standard","meta":{"_jetpack_newsletter_access":"","_jetpack_dont_email_post_to_subs":false,"_jetpack_newsletter_tier_id":0,"_jetpack_memberships_contains_paywalled_content":false,"_jetpack_memberships_contains_paid_content":false,"footnotes":""},"categories":[2,1],"tags":[171,130,170,22],"class_list":["post-1609","post","type-post","status-publish","format-standard","has-post-thumbnail","hentry","category-destaque","category-noticias","tag-brasilia","tag-comanas","tag-marcelo-gouveia","tag-prefeitura-do-paudalho"],"jetpack_featured_media_url":"https:\/\/www.paudalho.pe.gov.br\/portal\/wp-content\/uploads\/2017\/10\/elizP\u00e1scoa-3.png","jetpack_sharing_enabled":true,"jetpack_shortlink":"https:\/\/wp.me\/p98mS2-pX","_links":{"self":[{"href":"https:\/\/www.paudalho.pe.gov.br\/portal\/wp-json\/wp\/v2\/posts\/1609","targetHints":{"allow":["GET"]}}],"collection":[{"href":"https:\/\/www.paudalho.pe.gov.br\/portal\/wp-json\/wp\/v2\/posts"}],"about":[{"href":"https:\/\/www.paudalho.pe.gov.br\/portal\/wp-json\/wp\/v2\/types\/post"}],"author":[{"embeddable":true,"href":"https:\/\/www.paudalho.pe.gov.br\/portal\/wp-json\/wp\/v2\/users\/4"}],"replies":[{"embeddable":true,"href":"https:\/\/www.paudalho.pe.gov.br\/portal\/wp-json\/wp\/v2\/comments?post=1609"}],"version-history":[{"count":6,"href":"https:\/\/www.paudalho.pe.gov.br\/portal\/wp-json\/wp\/v2\/posts\/1609\/revisions"}],"predecessor-version":[{"id":1662,"href":"https:\/\/www.paudalho.pe.gov.br\/portal\/wp-json\/wp\/v2\/posts\/1609\/revisions\/1662"}],"wp:featuredmedia":[{"embeddable":true,"href":"https:\/\/www.paudalho.pe.gov.br\/portal\/wp-json\/wp\/v2\/media\/1660"}],"wp:attachment":[{"href":"https:\/\/www.paudalho.pe.gov.br\/portal\/wp-json\/wp\/v2\/media?parent=1609"}],"wp:term":[{"taxonomy":"category","embeddable":true,"href":"https:\/\/www.paudalho.pe.gov.br\/portal\/wp-json\/wp\/v2\/categories?post=1609"},{"taxonomy":"post_tag","embeddable":true,"href":"https:\/\/www.paudalho.pe.gov.br\/portal\/wp-json\/wp\/v2\/tags?post=1609"}],"curies":[{"name":"wp","href":"https:\/\/api.w.org\/{rel}","templated":true}]}}