{"id":16046,"date":"2021-06-26T13:16:25","date_gmt":"2021-06-26T16:16:25","guid":{"rendered":"https:\/\/www.paudalho.pe.gov.br\/portal\/?p=16046"},"modified":"2025-01-08T00:39:32","modified_gmt":"2025-01-08T03:39:32","slug":"paudalho-inicia-vacinacao-contra-a-covid-19-para-pessoas-a-partir-dos-40-anos-de-idade","status":"publish","type":"post","link":"https:\/\/www.paudalho.pe.gov.br\/portal\/paudalho-inicia-vacinacao-contra-a-covid-19-para-pessoas-a-partir-dos-40-anos-de-idade\/","title":{"rendered":"Paudalho inicia vacina\u00e7\u00e3o contra a Covid-19 para pessoas a partir dos 40 anos de idade"},"content":{"rendered":"\n<p>A Prefeitura do Paudalho, por meio da Secretaria Municipal de Sa\u00fade, iniciou hoje (26) a vacina\u00e7\u00e3o contra a covid-19 para pessoas a partir dos 40 anos de idade. Para receber o imunizante, o paudalhense deve realizar o pr\u00e9-cadastro por meio do <strong><a rel=\"noreferrer noopener\" href=\"https:\/\/paudalho.basemunicipal.com\/saude\/covid\/vacinacao\/pre-cadastro\" target=\"_blank\">portal eletr\u00f4nico<\/a><\/strong> da Prefeitura. <\/p>\n\n\n\n<p>O atendimento foi iniciado \u00e0s 8h e prosseguir\u00e1 at\u00e9 \u00e0s 16h. As doses est\u00e3o sendo aplicadas no ponto drive-thru em frente a Pra\u00e7a Pedro Coutinho, no centro da cidade. No ato da vacina\u00e7\u00e3o, \u00e9 obrigat\u00f3rio apresentar um documento com foto, CPF e comprovante de resid\u00eancia. Caso o cidad\u00e3o possua alguma comorbidade tamb\u00e9m ser\u00e1 preciso levar um atestado da doen\u00e7a.<\/p>\n\n\n\n<figure class=\"wp-block-image size-large\"><img loading=\"lazy\" decoding=\"async\" width=\"800\" height=\"450\" data-attachment-id=\"16062\" data-permalink=\"https:\/\/www.paudalho.pe.gov.br\/portal\/paudalho-inicia-vacinacao-contra-a-covid-19-para-pessoas-a-partir-dos-40-anos-de-idade\/whatsapp-image-2021-06-26-at-12-34-09\/\" data-orig-file=\"https:\/\/www.paudalho.pe.gov.br\/portal\/wp-content\/uploads\/2021\/06\/WhatsApp-Image-2021-06-26-at-12.34.09.jpeg\" data-orig-size=\"960,1280\" data-comments-opened=\"1\" data-image-meta=\"{&quot;aperture&quot;:&quot;0&quot;,&quot;credit&quot;:&quot;&quot;,&quot;camera&quot;:&quot;&quot;,&quot;caption&quot;:&quot;&quot;,&quot;created_timestamp&quot;:&quot;0&quot;,&quot;copyright&quot;:&quot;&quot;,&quot;focal_length&quot;:&quot;0&quot;,&quot;iso&quot;:&quot;0&quot;,&quot;shutter_speed&quot;:&quot;0&quot;,&quot;title&quot;:&quot;&quot;,&quot;orientation&quot;:&quot;0&quot;}\" data-image-title=\"Vacina\u00e7\u00e3o contra a Covid-19 para pessoas a partir dos 40 anos.\" data-image-description=\"\" data-image-caption=\"&lt;p&gt;Foto: Isak de Castro\/PMP.&lt;\/p&gt;\n\" data-medium-file=\"https:\/\/www.paudalho.pe.gov.br\/portal\/wp-content\/uploads\/2021\/06\/WhatsApp-Image-2021-06-26-at-12.34.09-350x230.jpeg\" data-large-file=\"https:\/\/www.paudalho.pe.gov.br\/portal\/wp-content\/uploads\/2021\/06\/WhatsApp-Image-2021-06-26-at-12.34.09-800x450.jpeg\" src=\"https:\/\/www.paudalho.pe.gov.br\/portal\/wp-content\/uploads\/2021\/06\/WhatsApp-Image-2021-06-26-at-12.34.09-800x450.jpeg\" alt=\"\" class=\"wp-image-16062\"\/><figcaption><em>Paudalhenses a partir dos 40 anos j\u00e1 podem receber a primeira dose da vacina contra a covid-19 no munic\u00edpio. Foto: Isak de Castro\/PMP.<\/em><\/figcaption><\/figure>\n\n\n\n<p>&#8220;Estou muito feliz por estar sendo imunizado para continuar com o trabalho normal. A gente fica mais seguro com isso&#8221;, comemorou Jivanildo Ferreira, que foi imunizado na manh\u00e3 deste s\u00e1bado. Com 42 anos de idade, o paudalhense se sente positivo em rela\u00e7\u00e3o a campanha de imuniza\u00e7\u00e3o no munic\u00edpio e destaca a import\u00e2ncia desse avan\u00e7o. &#8220;Eu estou achando muito importante porque todas as faixas et\u00e1rias s\u00e3o ideais. Tem que se prevenir todo mundo e Paudalho est\u00e1 ficando em primeiro lugar. Eu acredito que a tend\u00eancia \u00e9 s\u00f3 melhorar&#8221;, comentou.<\/p>\n\n\n\n<figure class=\"wp-block-gallery columns-2 is-cropped wp-block-gallery-1 is-layout-flex wp-block-gallery-is-layout-flex\"><ul class=\"blocks-gallery-grid\"><li class=\"blocks-gallery-item\"><figure><img loading=\"lazy\" decoding=\"async\" width=\"784\" height=\"450\" data-attachment-id=\"16064\" data-permalink=\"https:\/\/www.paudalho.pe.gov.br\/portal\/paudalho-inicia-vacinacao-contra-a-covid-19-para-pessoas-a-partir-dos-40-anos-de-idade\/whatsapp-image-2021-06-26-at-12-43-52\/\" data-orig-file=\"https:\/\/www.paudalho.pe.gov.br\/portal\/wp-content\/uploads\/2021\/06\/WhatsApp-Image-2021-06-26-at-12.43.52.jpeg\" data-orig-size=\"784,531\" data-comments-opened=\"1\" data-image-meta=\"{&quot;aperture&quot;:&quot;0&quot;,&quot;credit&quot;:&quot;&quot;,&quot;camera&quot;:&quot;&quot;,&quot;caption&quot;:&quot;&quot;,&quot;created_timestamp&quot;:&quot;0&quot;,&quot;copyright&quot;:&quot;&quot;,&quot;focal_length&quot;:&quot;0&quot;,&quot;iso&quot;:&quot;0&quot;,&quot;shutter_speed&quot;:&quot;0&quot;,&quot;title&quot;:&quot;&quot;,&quot;orientation&quot;:&quot;0&quot;}\" data-image-title=\"Vacina\u00e7\u00e3o contra a Covid-19 para pessoas a partir dos 40 anos.\" data-image-description=\"\" data-image-caption=\"&lt;p&gt;Foto: Isak de Castro\/PMP.&lt;\/p&gt;\n\" data-medium-file=\"https:\/\/www.paudalho.pe.gov.br\/portal\/wp-content\/uploads\/2021\/06\/WhatsApp-Image-2021-06-26-at-12.43.52-350x230.jpeg\" data-large-file=\"https:\/\/www.paudalho.pe.gov.br\/portal\/wp-content\/uploads\/2021\/06\/WhatsApp-Image-2021-06-26-at-12.43.52-784x450.jpeg\" src=\"https:\/\/www.paudalho.pe.gov.br\/portal\/wp-content\/uploads\/2021\/06\/WhatsApp-Image-2021-06-26-at-12.43.52-784x450.jpeg\" alt=\"\" data-id=\"16064\" data-full-url=\"https:\/\/www.paudalho.pe.gov.br\/portal\/wp-content\/uploads\/2021\/06\/WhatsApp-Image-2021-06-26-at-12.43.52.jpeg\" data-link=\"https:\/\/www.paudalho.pe.gov.br\/portal\/?attachment_id=16064\" class=\"wp-image-16064\"\/><figcaption class=\"blocks-gallery-item__caption\"><em>Foto: Divulga\u00e7\u00e3o\/PMP.<\/em><\/figcaption><\/figure><\/li><li class=\"blocks-gallery-item\"><figure><img loading=\"lazy\" decoding=\"async\" width=\"800\" height=\"450\" data-attachment-id=\"16063\" data-permalink=\"https:\/\/www.paudalho.pe.gov.br\/portal\/paudalho-inicia-vacinacao-contra-a-covid-19-para-pessoas-a-partir-dos-40-anos-de-idade\/whatsapp-image-2021-06-26-at-12-34-10\/\" data-orig-file=\"https:\/\/www.paudalho.pe.gov.br\/portal\/wp-content\/uploads\/2021\/06\/WhatsApp-Image-2021-06-26-at-12.34.10.jpeg\" data-orig-size=\"960,1280\" data-comments-opened=\"1\" data-image-meta=\"{&quot;aperture&quot;:&quot;0&quot;,&quot;credit&quot;:&quot;&quot;,&quot;camera&quot;:&quot;&quot;,&quot;caption&quot;:&quot;&quot;,&quot;created_timestamp&quot;:&quot;0&quot;,&quot;copyright&quot;:&quot;&quot;,&quot;focal_length&quot;:&quot;0&quot;,&quot;iso&quot;:&quot;0&quot;,&quot;shutter_speed&quot;:&quot;0&quot;,&quot;title&quot;:&quot;&quot;,&quot;orientation&quot;:&quot;0&quot;}\" data-image-title=\"Vacina\u00e7\u00e3o contra a Covid-19 para pessoas a partir dos 40 anos.\" data-image-description=\"\" data-image-caption=\"&lt;p&gt;Foto: Isak de Castro\/PMP.&lt;\/p&gt;\n\" data-medium-file=\"https:\/\/www.paudalho.pe.gov.br\/portal\/wp-content\/uploads\/2021\/06\/WhatsApp-Image-2021-06-26-at-12.34.10-350x230.jpeg\" data-large-file=\"https:\/\/www.paudalho.pe.gov.br\/portal\/wp-content\/uploads\/2021\/06\/WhatsApp-Image-2021-06-26-at-12.34.10-800x450.jpeg\" src=\"https:\/\/www.paudalho.pe.gov.br\/portal\/wp-content\/uploads\/2021\/06\/WhatsApp-Image-2021-06-26-at-12.34.10-800x450.jpeg\" alt=\"\" data-id=\"16063\" data-full-url=\"https:\/\/www.paudalho.pe.gov.br\/portal\/wp-content\/uploads\/2021\/06\/WhatsApp-Image-2021-06-26-at-12.34.10.jpeg\" data-link=\"https:\/\/www.paudalho.pe.gov.br\/portal\/?attachment_id=16063\" class=\"wp-image-16063\"\/><figcaption class=\"blocks-gallery-item__caption\"><em>Foto: Isak de Castro\/PMP.<\/em><\/figcaption><\/figure><\/li><\/ul><\/figure>\n\n\n\n<p>Com o intuito de completar o esquema de imuniza\u00e7\u00e3o da popula\u00e7\u00e3o e assim assegurar a prote\u00e7\u00e3o contra o coronav\u00edrus, a Secretaria Municipal de Sa\u00fade tamb\u00e9m est\u00e1 priorizando a vacina\u00e7\u00e3o dos mun\u00edcipes em atraso com a segunda dose das vacinas. Os cidad\u00e3os que se encontrem nesse grupo devem levar o cart\u00e3o de vacina\u00e7\u00e3o e um documento oficial de identifica\u00e7\u00e3o com foto durante o momento. <\/p>\n\n\n\n<p>Quem necessita receber a primeira dose ser\u00e1 imunizado com a vacina Pfizer. J\u00e1 os imunizantes da AstraZeneca e Coronavac ser\u00e3o destinados apenas para a vacina\u00e7\u00e3o do p\u00fablico que necessita da segunda dose.<\/p>\n\n\n\n<p>De acordo com dados divulgados pela pasta atrav\u00e9s da ferramenta on-line <a rel=\"noreferrer noopener\" href=\"https:\/\/paudalho.basemunicipal.com\/saude\/vacinometro\" target=\"_blank\"><strong>Vacin\u00f4metro<\/strong><\/a>, do in\u00edcio da campanha, em janeiro de 2021, at\u00e9 a manh\u00e3 de hoje, 20.846 doses dos imunizantes foram aplicadas na popula\u00e7\u00e3o. Desse total, 16.037 (76.9%) foram da primeira dose e 4.809 (23.1%) da segunda.<\/p>\n\n\n\n<p><a rel=\"noreferrer noopener\" href=\"https:\/\/paudalho.basemunicipal.com\/saude\/covid\/vacinacao\/pre-cadastro\" target=\"_blank\"><strong>&gt;&gt;&gt; REALIZE O SEU PR\u00c9-CADASTRO AQUI!<\/strong><\/a><\/p>\n\n\n\n<p>Confira abaixo a lista com os grupos que podem ser imunizados em Paudalho:<\/p>\n\n\n\n<figure class=\"wp-block-table\"><table><tbody><tr><td><strong>GRUPOS INCLU\u00cdDOS NA CAMPANHA DE VACINA\u00c7\u00c3O CONTRA A COVID-19 EM PAUDALHO<\/strong><\/td><\/tr><tr><td>\u2022 Trabalhadores da \u00e1rea de Sa\u00fade;<\/td><\/tr><tr><td>\u2022 Idosos institucionalizados;<\/td><\/tr><tr><td>\u2022 Pessoas de 85 anos ou mais;<\/td><\/tr><tr><td>\u2022 Pessoas de 60 a 85 anos;<\/td><\/tr><tr><td>\u2022 Pessoas de 50 a 59 anos;&nbsp;<\/td><\/tr><tr><td>\u2022 Pessoas de 45 a 49 anos;&nbsp;<\/td><\/tr><tr><td>\u2022 Pessoas de 40 a 45 anos;&nbsp;<\/td><\/tr><tr><td>\u2022 Pessoas com comorbidades e defici\u00eancias permanentes;&nbsp;<\/td><\/tr><tr><td>\u2022 Gestantes e pu\u00e9rperas;<\/td><\/tr><tr><td>\u2022 Trabalhadores de transporte coletivo, industriais, de limpeza urbana e caminhoneiros;&nbsp;<\/td><\/tr><tr><td>\u2022 Trabalhadores da \u00e1rea de Educa\u00e7\u00e3o;<\/td><\/tr><tr><td>\u2022 Trabalhadores da Assist\u00eancia Social;<\/td><\/tr><tr><td>\u2022 For\u00e7as de Seguran\u00e7a e Salvamento.<\/td><\/tr><\/tbody><\/table><\/figure>\n\n\n\n<p><\/p>\n","protected":false},"excerpt":{"rendered":"<p>A Prefeitura do Paudalho, por meio da Secretaria Municipal de Sa\u00fade, iniciou hoje (26) a vacina\u00e7\u00e3o contra a covid-19 para pessoas a partir dos 40 anos de idade. Para receber o imunizante, o paudalhense deve realizar o pr\u00e9-cadastro por meio do portal eletr\u00f4nico da Prefeitura. O atendimento foi iniciado \u00e0s 8h e prosseguir\u00e1 at\u00e9 \u00e0s [&hellip;]<\/p>\n","protected":false},"author":6,"featured_media":16055,"comment_status":"open","ping_status":"open","sticky":false,"template":"","format":"standard","meta":{"_jetpack_newsletter_access":"","_jetpack_dont_email_post_to_subs":false,"_jetpack_newsletter_tier_id":0,"_jetpack_memberships_contains_paywalled_content":false,"_jetpack_memberships_contains_paid_content":false,"footnotes":""},"categories":[732,2,1,3],"tags":[622,22,168,738],"class_list":["post-16046","post","type-post","status-publish","format-standard","has-post-thumbnail","hentry","category-covid-19","category-destaque","category-noticias","category-saude","tag-covid-19","tag-prefeitura-do-paudalho","tag-secretaria-de-saude","tag-vacinacao-contra-a-covid-19"],"jetpack_featured_media_url":"https:\/\/www.paudalho.pe.gov.br\/portal\/wp-content\/uploads\/2021\/06\/WhatsApp-Image-2021-06-26-at-11.47.32.jpeg","jetpack_sharing_enabled":true,"jetpack_shortlink":"https:\/\/wp.me\/p98mS2-4aO","_links":{"self":[{"href":"https:\/\/www.paudalho.pe.gov.br\/portal\/wp-json\/wp\/v2\/posts\/16046","targetHints":{"allow":["GET"]}}],"collection":[{"href":"https:\/\/www.paudalho.pe.gov.br\/portal\/wp-json\/wp\/v2\/posts"}],"about":[{"href":"https:\/\/www.paudalho.pe.gov.br\/portal\/wp-json\/wp\/v2\/types\/post"}],"author":[{"embeddable":true,"href":"https:\/\/www.paudalho.pe.gov.br\/portal\/wp-json\/wp\/v2\/users\/6"}],"replies":[{"embeddable":true,"href":"https:\/\/www.paudalho.pe.gov.br\/portal\/wp-json\/wp\/v2\/comments?post=16046"}],"version-history":[{"count":24,"href":"https:\/\/www.paudalho.pe.gov.br\/portal\/wp-json\/wp\/v2\/posts\/16046\/revisions"}],"predecessor-version":[{"id":16075,"href":"https:\/\/www.paudalho.pe.gov.br\/portal\/wp-json\/wp\/v2\/posts\/16046\/revisions\/16075"}],"wp:featuredmedia":[{"embeddable":true,"href":"https:\/\/www.paudalho.pe.gov.br\/portal\/wp-json\/wp\/v2\/media\/16055"}],"wp:attachment":[{"href":"https:\/\/www.paudalho.pe.gov.br\/portal\/wp-json\/wp\/v2\/media?parent=16046"}],"wp:term":[{"taxonomy":"category","embeddable":true,"href":"https:\/\/www.paudalho.pe.gov.br\/portal\/wp-json\/wp\/v2\/categories?post=16046"},{"taxonomy":"post_tag","embeddable":true,"href":"https:\/\/www.paudalho.pe.gov.br\/portal\/wp-json\/wp\/v2\/tags?post=16046"}],"curies":[{"name":"wp","href":"https:\/\/api.w.org\/{rel}","templated":true}]}}