{"id":1590,"date":"2017-10-17T22:09:16","date_gmt":"2017-10-18T01:09:16","guid":{"rendered":"http:\/\/www.paudalho.pe.gov.br\/portal\/?p=1590"},"modified":"2017-10-19T13:24:10","modified_gmt":"2017-10-19T16:24:10","slug":"prefeitura-divulga-lista-dos-calouros-que-se-apresentam-na-1o-eliminatoria-do-canta-paudalho","status":"publish","type":"post","link":"https:\/\/www.paudalho.pe.gov.br\/portal\/prefeitura-divulga-lista-dos-calouros-que-se-apresentam-na-1o-eliminatoria-do-canta-paudalho\/","title":{"rendered":"Prefeitura divulga lista dos calouros que se apresentam na 1\u00ba eliminat\u00f3ria do Canta Paudalho"},"content":{"rendered":"<p>A not\u00edcia de que o 1\u00ba Canta Paudalho ser\u00e1 realizado no munic\u00edpio se espalhou pela cidade e diversas inscri\u00e7\u00f5es foram realizadas para a competi\u00e7\u00e3o que vai revelar a nova voz da cidade. A primeira eliminat\u00f3ria ocorre na pr\u00f3xima sexta-feira (20) e s\u00e1bado (21), a partir das 20h, e no domingo (22) \u00e0s 18h. O concurso ser\u00e1 realizado no Parque de Eventos Beira-Rio, no Centro da Cidade. E a Prefeitura do Paudalho divulgou por meio da Secretaria de Cultura a lista dos candidatos que v\u00e3o se apresentar em cada um desses dias.<\/p>\n<p  style=\" margin: 12px auto 6px auto; font-family: Helvetica,Arial,Sans-serif; font-style: normal; font-variant: normal; font-weight: normal; font-size: 14px; line-height: normal; font-size-adjust: none; font-stretch: normal; -x-system-font: none; display: block;\">   <a title=\"View Rela\u00e7\u00e3o Dos Calouros Canta Paudalho on Scribd\" href=\"https:\/\/www.scribd.com\/document\/362040419\/Relacao-Dos-Calouros-Canta-Paudalho#from_embed\"  style=\"text-decoration: underline;\" >Rela\u00e7\u00e3o Dos Calouros Canta Paudalho<\/a> by <a title=\"View IsakdeCastro's profile on Scribd\" href=\"https:\/\/www.scribd.com\/user\/262878981\/IsakdeCastro#from_embed\"  style=\"text-decoration: underline;\" >IsakdeCastro<\/a> on Scribd<\/p>\n<p><iframe loading=\"lazy\" class=\"scribd_iframe_embed\" title=\"Rela\u00e7\u00e3o Dos Calouros Canta Paudalho\" src=\"https:\/\/www.scribd.com\/embeds\/362040419\/content?start_page=1&#038;view_mode=scroll&#038;access_key=key-vnD4WfIWhhbD1Nyp07zi&#038;show_recommendations=true\" data-auto-height=\"false\" data-aspect-ratio=\"0.707221350078493\" scrolling=\"no\" id=\"doc_19687\" width=\"600\" height=\"800\" frameborder=\"0\"><\/iframe><\/p>\n<p>A segunda ocorre entre os dias 17 e 18 de novembro. No dia 23 de dezembro, grande final, Paudalho conhecer\u00e1 a primeira voz do Canta Paudalho. \u00c9 a Prefeitura do Paudalho,l atrav\u00e9s da arte proporcionando o bem-estar da popula\u00e7\u00e3o e incentivando os sonhos dos paudalhenses.<\/p>\n<p><\/p>\n<p><iframe loading=\"lazy\" src=\"https:\/\/www.facebook.com\/plugins\/video.php?href=https%3A%2F%2Fwww.facebook.com%2FPrefeituraPaudalho%2Fvideos%2F804388339684917%2F&#038;show_text=0&#038;width=560\" width=\"560\" height=\"315\" style=\"border:none;overflow:hidden\" scrolling=\"no\" frameborder=\"0\" allowTransparency=\"true\" allowFullScreen=\"true\"><\/iframe><\/p>\n","protected":false},"excerpt":{"rendered":"<p>A not\u00edcia de que o 1\u00ba Canta Paudalho ser\u00e1 realizado no munic\u00edpio se espalhou pela cidade e diversas inscri\u00e7\u00f5es foram realizadas para a competi\u00e7\u00e3o que vai revelar a nova voz da cidade. A primeira eliminat\u00f3ria ocorre na pr\u00f3xima sexta-feira (20) e s\u00e1bado (21), a partir das 20h, e no domingo (22) \u00e0s 18h. O concurso [&hellip;]<\/p>\n","protected":false},"author":4,"featured_media":1597,"comment_status":"open","ping_status":"open","sticky":false,"template":"","format":"standard","meta":{"_jetpack_newsletter_access":"","_jetpack_dont_email_post_to_subs":false,"_jetpack_newsletter_tier_id":0,"_jetpack_memberships_contains_paywalled_content":false,"_jetpack_memberships_contains_paid_content":false,"footnotes":""},"categories":[2,1],"tags":[169,22],"class_list":["post-1590","post","type-post","status-publish","format-standard","has-post-thumbnail","hentry","category-destaque","category-noticias","tag-1o-canta-paudalho","tag-prefeitura-do-paudalho"],"jetpack_featured_media_url":"https:\/\/www.paudalho.pe.gov.br\/portal\/wp-content\/uploads\/2017\/10\/entra.jpg","jetpack_sharing_enabled":true,"jetpack_shortlink":"https:\/\/wp.me\/p98mS2-pE","_links":{"self":[{"href":"https:\/\/www.paudalho.pe.gov.br\/portal\/wp-json\/wp\/v2\/posts\/1590","targetHints":{"allow":["GET"]}}],"collection":[{"href":"https:\/\/www.paudalho.pe.gov.br\/portal\/wp-json\/wp\/v2\/posts"}],"about":[{"href":"https:\/\/www.paudalho.pe.gov.br\/portal\/wp-json\/wp\/v2\/types\/post"}],"author":[{"embeddable":true,"href":"https:\/\/www.paudalho.pe.gov.br\/portal\/wp-json\/wp\/v2\/users\/4"}],"replies":[{"embeddable":true,"href":"https:\/\/www.paudalho.pe.gov.br\/portal\/wp-json\/wp\/v2\/comments?post=1590"}],"version-history":[{"count":21,"href":"https:\/\/www.paudalho.pe.gov.br\/portal\/wp-json\/wp\/v2\/posts\/1590\/revisions"}],"predecessor-version":[{"id":1643,"href":"https:\/\/www.paudalho.pe.gov.br\/portal\/wp-json\/wp\/v2\/posts\/1590\/revisions\/1643"}],"wp:featuredmedia":[{"embeddable":true,"href":"https:\/\/www.paudalho.pe.gov.br\/portal\/wp-json\/wp\/v2\/media\/1597"}],"wp:attachment":[{"href":"https:\/\/www.paudalho.pe.gov.br\/portal\/wp-json\/wp\/v2\/media?parent=1590"}],"wp:term":[{"taxonomy":"category","embeddable":true,"href":"https:\/\/www.paudalho.pe.gov.br\/portal\/wp-json\/wp\/v2\/categories?post=1590"},{"taxonomy":"post_tag","embeddable":true,"href":"https:\/\/www.paudalho.pe.gov.br\/portal\/wp-json\/wp\/v2\/tags?post=1590"}],"curies":[{"name":"wp","href":"https:\/\/api.w.org\/{rel}","templated":true}]}}