{"id":15855,"date":"2021-06-24T10:24:12","date_gmt":"2021-06-24T13:24:12","guid":{"rendered":"https:\/\/www.paudalho.pe.gov.br\/portal\/?p=15855"},"modified":"2025-01-08T00:39:43","modified_gmt":"2025-01-08T03:39:43","slug":"em-ritmo-de-festa-junina-paudalho-celebra-primeira-noite-do-sao-joao-virtual-2021","status":"publish","type":"post","link":"https:\/\/www.paudalho.pe.gov.br\/portal\/em-ritmo-de-festa-junina-paudalho-celebra-primeira-noite-do-sao-joao-virtual-2021\/","title":{"rendered":"Em ritmo de festa junina, Paudalho celebra primeira noite do S\u00e3o Jo\u00e3o Virtual 2021"},"content":{"rendered":"\n<p>Nesta quarta-feira (23), a Prefeitura do Paudalho, por meio da Secretaria Municipal de Cultura, Turismo, Esporte, Juventude e Lazer, realizou o primeiro dia de transmiss\u00e3o do S\u00e3o Jo\u00e3o Virtual 2021. A festividade contou com uma s\u00e9rie de apresenta\u00e7\u00f5es art\u00edsticas e culturais que tem como finalidade preservar a tradi\u00e7\u00e3o junina do munic\u00edpio, mesmo de forma remota. <\/p>\n\n\n\n<figure class=\"wp-block-image size-large\"><img loading=\"lazy\" decoding=\"async\" width=\"800\" height=\"450\" data-attachment-id=\"15905\" data-permalink=\"https:\/\/www.paudalho.pe.gov.br\/portal\/em-ritmo-de-festa-junina-paudalho-celebra-primeira-noite-do-sao-joao-virtual-2021\/photo5089590306969594288\/\" data-orig-file=\"https:\/\/www.paudalho.pe.gov.br\/portal\/wp-content\/uploads\/2021\/06\/photo5089590306969594288.jpg\" data-orig-size=\"1280,853\" data-comments-opened=\"1\" data-image-meta=\"{&quot;aperture&quot;:&quot;0&quot;,&quot;credit&quot;:&quot;&quot;,&quot;camera&quot;:&quot;&quot;,&quot;caption&quot;:&quot;&quot;,&quot;created_timestamp&quot;:&quot;0&quot;,&quot;copyright&quot;:&quot;&quot;,&quot;focal_length&quot;:&quot;0&quot;,&quot;iso&quot;:&quot;0&quot;,&quot;shutter_speed&quot;:&quot;0&quot;,&quot;title&quot;:&quot;&quot;,&quot;orientation&quot;:&quot;0&quot;}\" data-image-title=\"photo5089590306969594288\" data-image-description=\"\" data-image-caption=\"\" data-medium-file=\"https:\/\/www.paudalho.pe.gov.br\/portal\/wp-content\/uploads\/2021\/06\/photo5089590306969594288-350x230.jpg\" data-large-file=\"https:\/\/www.paudalho.pe.gov.br\/portal\/wp-content\/uploads\/2021\/06\/photo5089590306969594288-800x450.jpg\" src=\"https:\/\/www.paudalho.pe.gov.br\/portal\/wp-content\/uploads\/2021\/06\/photo5089590306969594288-800x450.jpg\" alt=\"\" class=\"wp-image-15905\"\/><figcaption><em>Com decora\u00e7\u00e3o t\u00edpica composta por bandeirinhas e bal\u00f5es, o evento foi realizado no Engenho S\u00e3o Bernardo, na zona rural do munic\u00edpio. Foto: Josu\u00e9 J\u00fanior\/PMP.<\/em><\/figcaption><\/figure>\n\n\n\n<p>O evento teve in\u00edcio \u00e0s 18h, e ocorreu no Engenho S\u00e3o Bernardo, localizado na zona rural da cidade. As lives musicais foram veiculadas atrav\u00e9s dos canais de comunica\u00e7\u00e3o da Prefeitura, <a rel=\"noreferrer noopener\" href=\"https:\/\/www.instagram.com\/prefeituradopaudalho\/\" target=\"_blank\"><strong>Instagram<\/strong><\/a>&nbsp;(@prefeituradopaudalho) e <a rel=\"noreferrer noopener\" href=\"https:\/\/www.facebook.com\/PrefeituraPaudalho\/\" target=\"_blank\"><strong>Facebook<\/strong><\/a>, pela R\u00e1dio Paudalho FM 98,5 MHz, e tamb\u00e9m pelo <a rel=\"noreferrer noopener\" href=\"https:\/\/www.youtube.com\/watch?v=S1NyTMSgsAY&amp;ab_channel=GiroMataNorte\" target=\"_blank\"><strong>Youtube<\/strong><\/a>. <\/p>\n\n\n\n<figure class=\"wp-block-gallery columns-3 is-cropped wp-block-gallery-1 is-layout-flex wp-block-gallery-is-layout-flex\"><ul class=\"blocks-gallery-grid\"><li class=\"blocks-gallery-item\"><figure><img loading=\"lazy\" decoding=\"async\" width=\"800\" height=\"450\" data-attachment-id=\"15900\" data-permalink=\"https:\/\/www.paudalho.pe.gov.br\/portal\/em-ritmo-de-festa-junina-paudalho-celebra-primeira-noite-do-sao-joao-virtual-2021\/photo5089590306969594293\/\" data-orig-file=\"https:\/\/www.paudalho.pe.gov.br\/portal\/wp-content\/uploads\/2021\/06\/photo5089590306969594293.jpg\" data-orig-size=\"1280,853\" data-comments-opened=\"1\" data-image-meta=\"{&quot;aperture&quot;:&quot;0&quot;,&quot;credit&quot;:&quot;&quot;,&quot;camera&quot;:&quot;&quot;,&quot;caption&quot;:&quot;&quot;,&quot;created_timestamp&quot;:&quot;0&quot;,&quot;copyright&quot;:&quot;&quot;,&quot;focal_length&quot;:&quot;0&quot;,&quot;iso&quot;:&quot;0&quot;,&quot;shutter_speed&quot;:&quot;0&quot;,&quot;title&quot;:&quot;&quot;,&quot;orientation&quot;:&quot;0&quot;}\" data-image-title=\"photo5089590306969594293\" data-image-description=\"\" data-image-caption=\"\" data-medium-file=\"https:\/\/www.paudalho.pe.gov.br\/portal\/wp-content\/uploads\/2021\/06\/photo5089590306969594293-350x230.jpg\" data-large-file=\"https:\/\/www.paudalho.pe.gov.br\/portal\/wp-content\/uploads\/2021\/06\/photo5089590306969594293-800x450.jpg\" src=\"https:\/\/www.paudalho.pe.gov.br\/portal\/wp-content\/uploads\/2021\/06\/photo5089590306969594293-800x450.jpg\" alt=\"\" data-id=\"15900\" data-full-url=\"https:\/\/www.paudalho.pe.gov.br\/portal\/wp-content\/uploads\/2021\/06\/photo5089590306969594293.jpg\" data-link=\"https:\/\/www.paudalho.pe.gov.br\/portal\/?attachment_id=15900\" class=\"wp-image-15900\"\/><figcaption class=\"blocks-gallery-item__caption\"><em>Foto: Josu\u00e9 J\u00fanior\/PMP.<\/em><\/figcaption><\/figure><\/li><li class=\"blocks-gallery-item\"><figure><img loading=\"lazy\" decoding=\"async\" width=\"800\" height=\"450\" data-attachment-id=\"15899\" data-permalink=\"https:\/\/www.paudalho.pe.gov.br\/portal\/em-ritmo-de-festa-junina-paudalho-celebra-primeira-noite-do-sao-joao-virtual-2021\/photo5089590306969594294\/\" data-orig-file=\"https:\/\/www.paudalho.pe.gov.br\/portal\/wp-content\/uploads\/2021\/06\/photo5089590306969594294.jpg\" data-orig-size=\"1280,853\" data-comments-opened=\"1\" data-image-meta=\"{&quot;aperture&quot;:&quot;0&quot;,&quot;credit&quot;:&quot;&quot;,&quot;camera&quot;:&quot;&quot;,&quot;caption&quot;:&quot;&quot;,&quot;created_timestamp&quot;:&quot;0&quot;,&quot;copyright&quot;:&quot;&quot;,&quot;focal_length&quot;:&quot;0&quot;,&quot;iso&quot;:&quot;0&quot;,&quot;shutter_speed&quot;:&quot;0&quot;,&quot;title&quot;:&quot;&quot;,&quot;orientation&quot;:&quot;0&quot;}\" data-image-title=\"photo5089590306969594294\" data-image-description=\"\" data-image-caption=\"\" data-medium-file=\"https:\/\/www.paudalho.pe.gov.br\/portal\/wp-content\/uploads\/2021\/06\/photo5089590306969594294-350x230.jpg\" data-large-file=\"https:\/\/www.paudalho.pe.gov.br\/portal\/wp-content\/uploads\/2021\/06\/photo5089590306969594294-800x450.jpg\" src=\"https:\/\/www.paudalho.pe.gov.br\/portal\/wp-content\/uploads\/2021\/06\/photo5089590306969594294-800x450.jpg\" alt=\"\" data-id=\"15899\" data-full-url=\"https:\/\/www.paudalho.pe.gov.br\/portal\/wp-content\/uploads\/2021\/06\/photo5089590306969594294.jpg\" data-link=\"https:\/\/www.paudalho.pe.gov.br\/portal\/?attachment_id=15899\" class=\"wp-image-15899\"\/><figcaption class=\"blocks-gallery-item__caption\"><em>Foto: Josu\u00e9 J\u00fanior\/PMP.<\/em><\/figcaption><\/figure><\/li><li class=\"blocks-gallery-item\"><figure><img loading=\"lazy\" decoding=\"async\" width=\"800\" height=\"450\" data-attachment-id=\"15898\" data-permalink=\"https:\/\/www.paudalho.pe.gov.br\/portal\/em-ritmo-de-festa-junina-paudalho-celebra-primeira-noite-do-sao-joao-virtual-2021\/photo5089590306969594295\/\" data-orig-file=\"https:\/\/www.paudalho.pe.gov.br\/portal\/wp-content\/uploads\/2021\/06\/photo5089590306969594295.jpg\" data-orig-size=\"1280,853\" data-comments-opened=\"1\" data-image-meta=\"{&quot;aperture&quot;:&quot;0&quot;,&quot;credit&quot;:&quot;&quot;,&quot;camera&quot;:&quot;&quot;,&quot;caption&quot;:&quot;&quot;,&quot;created_timestamp&quot;:&quot;0&quot;,&quot;copyright&quot;:&quot;&quot;,&quot;focal_length&quot;:&quot;0&quot;,&quot;iso&quot;:&quot;0&quot;,&quot;shutter_speed&quot;:&quot;0&quot;,&quot;title&quot;:&quot;&quot;,&quot;orientation&quot;:&quot;0&quot;}\" data-image-title=\"photo5089590306969594295\" data-image-description=\"\" data-image-caption=\"\" data-medium-file=\"https:\/\/www.paudalho.pe.gov.br\/portal\/wp-content\/uploads\/2021\/06\/photo5089590306969594295-350x230.jpg\" data-large-file=\"https:\/\/www.paudalho.pe.gov.br\/portal\/wp-content\/uploads\/2021\/06\/photo5089590306969594295-800x450.jpg\" src=\"https:\/\/www.paudalho.pe.gov.br\/portal\/wp-content\/uploads\/2021\/06\/photo5089590306969594295-800x450.jpg\" alt=\"\" data-id=\"15898\" data-full-url=\"https:\/\/www.paudalho.pe.gov.br\/portal\/wp-content\/uploads\/2021\/06\/photo5089590306969594295.jpg\" data-link=\"https:\/\/www.paudalho.pe.gov.br\/portal\/?attachment_id=15898\" class=\"wp-image-15898\"\/><figcaption class=\"blocks-gallery-item__caption\"><em>Foto: Josu\u00e9 J\u00fanior\/PMP.<\/em><\/figcaption><\/figure><\/li><\/ul><\/figure>\n\n\n\n<p>A primeira apresenta\u00e7\u00e3o do festejo foi a dupla Zominho Soares e Biu Caboclo, artistas que entoaram poesias em forma de can\u00e7\u00f5es. Em seguida, a celebra\u00e7\u00e3o prosseguiu com o espet\u00e1culo da Quadrilha Junina na Emenda Infantil, da Quadrilha Junina Balanc\u00ea e da Quadrilha Junina Rosa dos Ventos, que abrilhantaram o festejo com encena\u00e7\u00f5es e dan\u00e7as. <\/p>\n\n\n\n<figure class=\"wp-block-gallery columns-1 is-cropped wp-block-gallery-2 is-layout-flex wp-block-gallery-is-layout-flex\"><ul class=\"blocks-gallery-grid\"><li class=\"blocks-gallery-item\"><figure><img loading=\"lazy\" decoding=\"async\" width=\"800\" height=\"450\" data-attachment-id=\"15892\" data-permalink=\"https:\/\/www.paudalho.pe.gov.br\/portal\/em-ritmo-de-festa-junina-paudalho-celebra-primeira-noite-do-sao-joao-virtual-2021\/photo5089590306969594301\/\" data-orig-file=\"https:\/\/www.paudalho.pe.gov.br\/portal\/wp-content\/uploads\/2021\/06\/photo5089590306969594301.jpg\" data-orig-size=\"1280,853\" data-comments-opened=\"1\" data-image-meta=\"{&quot;aperture&quot;:&quot;0&quot;,&quot;credit&quot;:&quot;&quot;,&quot;camera&quot;:&quot;&quot;,&quot;caption&quot;:&quot;&quot;,&quot;created_timestamp&quot;:&quot;0&quot;,&quot;copyright&quot;:&quot;&quot;,&quot;focal_length&quot;:&quot;0&quot;,&quot;iso&quot;:&quot;0&quot;,&quot;shutter_speed&quot;:&quot;0&quot;,&quot;title&quot;:&quot;&quot;,&quot;orientation&quot;:&quot;0&quot;}\" data-image-title=\"photo5089590306969594301\" data-image-description=\"\" data-image-caption=\"\" data-medium-file=\"https:\/\/www.paudalho.pe.gov.br\/portal\/wp-content\/uploads\/2021\/06\/photo5089590306969594301-350x230.jpg\" data-large-file=\"https:\/\/www.paudalho.pe.gov.br\/portal\/wp-content\/uploads\/2021\/06\/photo5089590306969594301-800x450.jpg\" src=\"https:\/\/www.paudalho.pe.gov.br\/portal\/wp-content\/uploads\/2021\/06\/photo5089590306969594301-800x450.jpg\" alt=\"\" data-id=\"15892\" data-full-url=\"https:\/\/www.paudalho.pe.gov.br\/portal\/wp-content\/uploads\/2021\/06\/photo5089590306969594301.jpg\" data-link=\"https:\/\/www.paudalho.pe.gov.br\/portal\/?attachment_id=15892\" class=\"wp-image-15892\"\/><figcaption class=\"blocks-gallery-item__caption\"><em>As quadrilhas abrilhantaram o festejo em um espet\u00e1culo de tradi\u00e7\u00e3o nordestina. Foto: Josu\u00e9 J\u00fanior\/PMP.<\/em><\/figcaption><\/figure><\/li><\/ul><\/figure>\n\n\n\n<p>A programa\u00e7\u00e3o seguiu com o show do Coletivo Banco Encantado, grupo que cantou toadas tradicionais do folguedo folcl\u00f3rico Cavalo Marinho. Logo ap\u00f3s, foi a vez da banda Forr\u00f3 da Babilaka, que animou o encontro com m\u00fasicas do repert\u00f3rio popular nordestino. Com muita alegria e forr\u00f3 das antigas, a \u00faltima atra\u00e7\u00e3o da noite foi o artista Biu Sanfoneiro. <\/p>\n\n\n\n<figure class=\"wp-block-gallery columns-2 is-cropped wp-block-gallery-3 is-layout-flex wp-block-gallery-is-layout-flex\"><ul class=\"blocks-gallery-grid\"><li class=\"blocks-gallery-item\"><figure><img loading=\"lazy\" decoding=\"async\" width=\"800\" height=\"450\" data-attachment-id=\"15881\" data-permalink=\"https:\/\/www.paudalho.pe.gov.br\/portal\/em-ritmo-de-festa-junina-paudalho-celebra-primeira-noite-do-sao-joao-virtual-2021\/photo5089590306969594313\/\" data-orig-file=\"https:\/\/www.paudalho.pe.gov.br\/portal\/wp-content\/uploads\/2021\/06\/photo5089590306969594313.jpg\" data-orig-size=\"1280,853\" data-comments-opened=\"1\" data-image-meta=\"{&quot;aperture&quot;:&quot;0&quot;,&quot;credit&quot;:&quot;&quot;,&quot;camera&quot;:&quot;&quot;,&quot;caption&quot;:&quot;&quot;,&quot;created_timestamp&quot;:&quot;0&quot;,&quot;copyright&quot;:&quot;&quot;,&quot;focal_length&quot;:&quot;0&quot;,&quot;iso&quot;:&quot;0&quot;,&quot;shutter_speed&quot;:&quot;0&quot;,&quot;title&quot;:&quot;&quot;,&quot;orientation&quot;:&quot;0&quot;}\" data-image-title=\"S\u00e3o Jo\u00e3o Virtual 2021 do Paudalho-PE\" data-image-description=\"\" data-image-caption=\"&lt;p&gt;Foto: Josu\u00e9 J\u00fanior\/PMP.&lt;\/p&gt;\n\" data-medium-file=\"https:\/\/www.paudalho.pe.gov.br\/portal\/wp-content\/uploads\/2021\/06\/photo5089590306969594313-350x230.jpg\" data-large-file=\"https:\/\/www.paudalho.pe.gov.br\/portal\/wp-content\/uploads\/2021\/06\/photo5089590306969594313-800x450.jpg\" src=\"https:\/\/www.paudalho.pe.gov.br\/portal\/wp-content\/uploads\/2021\/06\/photo5089590306969594313-800x450.jpg\" alt=\"\" data-id=\"15881\" data-full-url=\"https:\/\/www.paudalho.pe.gov.br\/portal\/wp-content\/uploads\/2021\/06\/photo5089590306969594313.jpg\" data-link=\"https:\/\/www.paudalho.pe.gov.br\/portal\/?attachment_id=15881\" class=\"wp-image-15881\"\/><figcaption class=\"blocks-gallery-item__caption\"><em>Foto: Josu\u00e9 J\u00fanior\/PMP.<\/em><\/figcaption><\/figure><\/li><li class=\"blocks-gallery-item\"><figure><img loading=\"lazy\" decoding=\"async\" width=\"800\" height=\"450\" data-attachment-id=\"15886\" data-permalink=\"https:\/\/www.paudalho.pe.gov.br\/portal\/em-ritmo-de-festa-junina-paudalho-celebra-primeira-noite-do-sao-joao-virtual-2021\/photo5089590306969594306\/\" data-orig-file=\"https:\/\/www.paudalho.pe.gov.br\/portal\/wp-content\/uploads\/2021\/06\/photo5089590306969594306.jpg\" data-orig-size=\"1280,853\" data-comments-opened=\"1\" data-image-meta=\"{&quot;aperture&quot;:&quot;0&quot;,&quot;credit&quot;:&quot;&quot;,&quot;camera&quot;:&quot;&quot;,&quot;caption&quot;:&quot;&quot;,&quot;created_timestamp&quot;:&quot;0&quot;,&quot;copyright&quot;:&quot;&quot;,&quot;focal_length&quot;:&quot;0&quot;,&quot;iso&quot;:&quot;0&quot;,&quot;shutter_speed&quot;:&quot;0&quot;,&quot;title&quot;:&quot;&quot;,&quot;orientation&quot;:&quot;0&quot;}\" data-image-title=\"photo5089590306969594306\" data-image-description=\"\" data-image-caption=\"&lt;p&gt;Foto: Josu\u00e9 J\u00fanior\/PMP.&lt;\/p&gt;\n\" data-medium-file=\"https:\/\/www.paudalho.pe.gov.br\/portal\/wp-content\/uploads\/2021\/06\/photo5089590306969594306-350x230.jpg\" data-large-file=\"https:\/\/www.paudalho.pe.gov.br\/portal\/wp-content\/uploads\/2021\/06\/photo5089590306969594306-800x450.jpg\" src=\"https:\/\/www.paudalho.pe.gov.br\/portal\/wp-content\/uploads\/2021\/06\/photo5089590306969594306-800x450.jpg\" alt=\"\" data-id=\"15886\" data-full-url=\"https:\/\/www.paudalho.pe.gov.br\/portal\/wp-content\/uploads\/2021\/06\/photo5089590306969594306.jpg\" data-link=\"https:\/\/www.paudalho.pe.gov.br\/portal\/?attachment_id=15886\" class=\"wp-image-15886\"\/><figcaption class=\"blocks-gallery-item__caption\"><em>Foto: Josu\u00e9 J\u00fanior\/PMP.<\/em><\/figcaption><\/figure><\/li><\/ul><\/figure>\n\n\n\n<p>Durante os intervalos do evento, costumes t\u00edpicos da temporada junina foram interpretados com teatralidade pelos apresentadores da festa. As encena\u00e7\u00f5es inclu\u00edam, por exemplo, as simpatias para Santo Ant\u00f4nio e a mesa farta de comidas t\u00edpicas, tais como canjica, pamonha, arroz doce, mungunz\u00e1, entre outros pratos da culin\u00e1ria local. As refer\u00eancias n\u00e3o acabaram por a\u00ed, o local contou com uma decora\u00e7\u00e3o cheia de bal\u00f5es, bandeiras e barraquinhas, tudo organizado para resgatar a tradi\u00e7\u00e3o do S\u00e3o Jo\u00e3o.<\/p>\n\n\n\n<figure class=\"wp-block-image size-large\"><img loading=\"lazy\" decoding=\"async\" width=\"800\" height=\"450\" data-attachment-id=\"15912\" data-permalink=\"https:\/\/www.paudalho.pe.gov.br\/portal\/em-ritmo-de-festa-junina-paudalho-celebra-primeira-noite-do-sao-joao-virtual-2021\/206179755_390292045754087_6245827364362936358_n\/\" data-orig-file=\"https:\/\/www.paudalho.pe.gov.br\/portal\/wp-content\/uploads\/2021\/06\/206179755_390292045754087_6245827364362936358_n.jpg\" data-orig-size=\"853,568\" data-comments-opened=\"1\" data-image-meta=\"{&quot;aperture&quot;:&quot;0&quot;,&quot;credit&quot;:&quot;&quot;,&quot;camera&quot;:&quot;&quot;,&quot;caption&quot;:&quot;&quot;,&quot;created_timestamp&quot;:&quot;0&quot;,&quot;copyright&quot;:&quot;&quot;,&quot;focal_length&quot;:&quot;0&quot;,&quot;iso&quot;:&quot;0&quot;,&quot;shutter_speed&quot;:&quot;0&quot;,&quot;title&quot;:&quot;&quot;,&quot;orientation&quot;:&quot;0&quot;}\" data-image-title=\"206179755_390292045754087_6245827364362936358_n\" data-image-description=\"\" data-image-caption=\"\" data-medium-file=\"https:\/\/www.paudalho.pe.gov.br\/portal\/wp-content\/uploads\/2021\/06\/206179755_390292045754087_6245827364362936358_n-350x230.jpg\" data-large-file=\"https:\/\/www.paudalho.pe.gov.br\/portal\/wp-content\/uploads\/2021\/06\/206179755_390292045754087_6245827364362936358_n-800x450.jpg\" src=\"https:\/\/www.paudalho.pe.gov.br\/portal\/wp-content\/uploads\/2021\/06\/206179755_390292045754087_6245827364362936358_n-800x450.jpg\" alt=\"\" class=\"wp-image-15912\"\/><figcaption><em>A \u00faltima atra\u00e7\u00e3o da primeira noite do S\u00e3o Jo\u00e3o Virtual 2021 foi o artista Biu Sanfoneiro. Foto: Josu\u00e9 J\u00fanior\/PMP.<\/em><\/figcaption><\/figure>\n\n\n\n<p>Hoje (24), o S\u00e3o Jo\u00e3o Virtual da Prefeitura do Paudalho segue com mais entretenimento para o p\u00fablico. Confira abaixo a programa\u00e7\u00e3o completa: <\/p>\n\n\n\n<h3 class=\"wp-block-heading\"><strong>Programa\u00e7\u00e3o do S\u00e3o Jo\u00e3o Virtual 2021<\/strong><\/h3>\n\n\n\n<p><strong>Quinta-feira, 24 de junho<\/strong><\/p>\n\n\n\n<p>A quinta-feira (24) ser\u00e1 iniciada com uma apresenta\u00e7\u00e3o rica em cultura popular, o Coco de Il\u00fa. Logo ap\u00f3s ser\u00e1 a vez de Thomaz Playboyzinho. Rosimar Lima e banda tamb\u00e9m animar\u00e3o a noite e, para finalizar, ganham a cena os cantores Fagner Dias e Amandinha. A Quadrilha Junina Infantil Meu Nome \u00c9 chega \u00e0s 19h, em seguida, o p\u00fablico prestigiar\u00e1 a Quadrilha Junina Fogo no P\u00e9 e, \u00e0s 19h40, a Quadrilha Junina Forr\u00f3 Bai\u00e3o Nordestino.<\/p>\n\n\n\n<p><strong>Sexta-feira, 25 de junho<\/strong><\/p>\n\n\n\n<p>No \u00faltimo dia da festividade, sexta-feira (25), a noite ser\u00e1 embalada pelas apresenta\u00e7\u00f5es de Zeca Cirandeiro, da cantora Lili Mariscares e sua banda, de Ninho Pernambucano e Ricardinho do Forr\u00f3. O espet\u00e1culo n\u00e3o para por a\u00ed, para animar a crian\u00e7ada, a Quadrilha Junina Infantil Ra\u00edzes de Paudalho se apresentar\u00e1 \u00e0s 19h. Logo ap\u00f3s, conquistam espa\u00e7o no palco virtual a Quadrilha Junina Mastruz com Leite e, em seguida, a Quadrilha Junina Na Emenda Show.<\/p>\n\n\n\n<p><strong>Confira mais registros da noite na galeria abaixo:<\/strong><\/p>\n\n\n\n<figure class=\"wp-block-gallery columns-3 is-cropped wp-block-gallery-4 is-layout-flex wp-block-gallery-is-layout-flex\"><ul class=\"blocks-gallery-grid\"><li class=\"blocks-gallery-item\"><figure><img loading=\"lazy\" decoding=\"async\" width=\"800\" height=\"450\" data-attachment-id=\"15903\" data-permalink=\"https:\/\/www.paudalho.pe.gov.br\/portal\/em-ritmo-de-festa-junina-paudalho-celebra-primeira-noite-do-sao-joao-virtual-2021\/photo5089590306969594290\/\" data-orig-file=\"https:\/\/www.paudalho.pe.gov.br\/portal\/wp-content\/uploads\/2021\/06\/photo5089590306969594290.jpg\" data-orig-size=\"1280,853\" data-comments-opened=\"1\" data-image-meta=\"{&quot;aperture&quot;:&quot;0&quot;,&quot;credit&quot;:&quot;&quot;,&quot;camera&quot;:&quot;&quot;,&quot;caption&quot;:&quot;&quot;,&quot;created_timestamp&quot;:&quot;0&quot;,&quot;copyright&quot;:&quot;&quot;,&quot;focal_length&quot;:&quot;0&quot;,&quot;iso&quot;:&quot;0&quot;,&quot;shutter_speed&quot;:&quot;0&quot;,&quot;title&quot;:&quot;&quot;,&quot;orientation&quot;:&quot;0&quot;}\" data-image-title=\"S\u00e3o Jo\u00e3o Virtual 2021 do Paudalho-PE\" data-image-description=\"\" data-image-caption=\"\" data-medium-file=\"https:\/\/www.paudalho.pe.gov.br\/portal\/wp-content\/uploads\/2021\/06\/photo5089590306969594290-350x230.jpg\" data-large-file=\"https:\/\/www.paudalho.pe.gov.br\/portal\/wp-content\/uploads\/2021\/06\/photo5089590306969594290-800x450.jpg\" src=\"https:\/\/www.paudalho.pe.gov.br\/portal\/wp-content\/uploads\/2021\/06\/photo5089590306969594290-800x450.jpg\" alt=\"\" data-id=\"15903\" data-full-url=\"https:\/\/www.paudalho.pe.gov.br\/portal\/wp-content\/uploads\/2021\/06\/photo5089590306969594290.jpg\" data-link=\"https:\/\/www.paudalho.pe.gov.br\/portal\/?attachment_id=15903\" class=\"wp-image-15903\"\/><figcaption class=\"blocks-gallery-item__caption\"><em>Foto: Josu\u00e9 J\u00fanior\/PMP.<\/em><\/figcaption><\/figure><\/li><li class=\"blocks-gallery-item\"><figure><img loading=\"lazy\" decoding=\"async\" width=\"800\" height=\"450\" data-attachment-id=\"15896\" data-permalink=\"https:\/\/www.paudalho.pe.gov.br\/portal\/em-ritmo-de-festa-junina-paudalho-celebra-primeira-noite-do-sao-joao-virtual-2021\/photo5089590306969594297\/\" data-orig-file=\"https:\/\/www.paudalho.pe.gov.br\/portal\/wp-content\/uploads\/2021\/06\/photo5089590306969594297.jpg\" data-orig-size=\"1280,853\" data-comments-opened=\"1\" data-image-meta=\"{&quot;aperture&quot;:&quot;0&quot;,&quot;credit&quot;:&quot;&quot;,&quot;camera&quot;:&quot;&quot;,&quot;caption&quot;:&quot;&quot;,&quot;created_timestamp&quot;:&quot;0&quot;,&quot;copyright&quot;:&quot;&quot;,&quot;focal_length&quot;:&quot;0&quot;,&quot;iso&quot;:&quot;0&quot;,&quot;shutter_speed&quot;:&quot;0&quot;,&quot;title&quot;:&quot;&quot;,&quot;orientation&quot;:&quot;0&quot;}\" data-image-title=\"S\u00e3o Jo\u00e3o Virtual 2021 do Paudalho-PE\" data-image-description=\"\" data-image-caption=\"\" data-medium-file=\"https:\/\/www.paudalho.pe.gov.br\/portal\/wp-content\/uploads\/2021\/06\/photo5089590306969594297-350x230.jpg\" data-large-file=\"https:\/\/www.paudalho.pe.gov.br\/portal\/wp-content\/uploads\/2021\/06\/photo5089590306969594297-800x450.jpg\" src=\"https:\/\/www.paudalho.pe.gov.br\/portal\/wp-content\/uploads\/2021\/06\/photo5089590306969594297-800x450.jpg\" alt=\"\" data-id=\"15896\" data-full-url=\"https:\/\/www.paudalho.pe.gov.br\/portal\/wp-content\/uploads\/2021\/06\/photo5089590306969594297.jpg\" data-link=\"https:\/\/www.paudalho.pe.gov.br\/portal\/?attachment_id=15896\" class=\"wp-image-15896\"\/><figcaption class=\"blocks-gallery-item__caption\"><em>Foto: Josu\u00e9 J\u00fanior\/PMP.<\/em><\/figcaption><\/figure><\/li><li class=\"blocks-gallery-item\"><figure><img loading=\"lazy\" decoding=\"async\" width=\"800\" height=\"450\" data-attachment-id=\"15897\" data-permalink=\"https:\/\/www.paudalho.pe.gov.br\/portal\/em-ritmo-de-festa-junina-paudalho-celebra-primeira-noite-do-sao-joao-virtual-2021\/photo5089590306969594296\/\" data-orig-file=\"https:\/\/www.paudalho.pe.gov.br\/portal\/wp-content\/uploads\/2021\/06\/photo5089590306969594296.jpg\" data-orig-size=\"1280,853\" data-comments-opened=\"1\" data-image-meta=\"{&quot;aperture&quot;:&quot;0&quot;,&quot;credit&quot;:&quot;&quot;,&quot;camera&quot;:&quot;&quot;,&quot;caption&quot;:&quot;&quot;,&quot;created_timestamp&quot;:&quot;0&quot;,&quot;copyright&quot;:&quot;&quot;,&quot;focal_length&quot;:&quot;0&quot;,&quot;iso&quot;:&quot;0&quot;,&quot;shutter_speed&quot;:&quot;0&quot;,&quot;title&quot;:&quot;&quot;,&quot;orientation&quot;:&quot;0&quot;}\" data-image-title=\"S\u00e3o Jo\u00e3o Virtual 2021 do Paudalho-PE\" data-image-description=\"\" data-image-caption=\"\" data-medium-file=\"https:\/\/www.paudalho.pe.gov.br\/portal\/wp-content\/uploads\/2021\/06\/photo5089590306969594296-350x230.jpg\" data-large-file=\"https:\/\/www.paudalho.pe.gov.br\/portal\/wp-content\/uploads\/2021\/06\/photo5089590306969594296-800x450.jpg\" src=\"https:\/\/www.paudalho.pe.gov.br\/portal\/wp-content\/uploads\/2021\/06\/photo5089590306969594296-800x450.jpg\" alt=\"\" data-id=\"15897\" data-full-url=\"https:\/\/www.paudalho.pe.gov.br\/portal\/wp-content\/uploads\/2021\/06\/photo5089590306969594296.jpg\" data-link=\"https:\/\/www.paudalho.pe.gov.br\/portal\/?attachment_id=15897\" class=\"wp-image-15897\"\/><figcaption class=\"blocks-gallery-item__caption\"><em>Foto: Josu\u00e9 J\u00fanior\/PMP.<\/em><\/figcaption><\/figure><\/li><li class=\"blocks-gallery-item\"><figure><img loading=\"lazy\" decoding=\"async\" width=\"800\" height=\"450\" data-attachment-id=\"15895\" data-permalink=\"https:\/\/www.paudalho.pe.gov.br\/portal\/em-ritmo-de-festa-junina-paudalho-celebra-primeira-noite-do-sao-joao-virtual-2021\/photo5089590306969594298\/\" data-orig-file=\"https:\/\/www.paudalho.pe.gov.br\/portal\/wp-content\/uploads\/2021\/06\/photo5089590306969594298.jpg\" data-orig-size=\"1280,853\" data-comments-opened=\"1\" data-image-meta=\"{&quot;aperture&quot;:&quot;0&quot;,&quot;credit&quot;:&quot;&quot;,&quot;camera&quot;:&quot;&quot;,&quot;caption&quot;:&quot;&quot;,&quot;created_timestamp&quot;:&quot;0&quot;,&quot;copyright&quot;:&quot;&quot;,&quot;focal_length&quot;:&quot;0&quot;,&quot;iso&quot;:&quot;0&quot;,&quot;shutter_speed&quot;:&quot;0&quot;,&quot;title&quot;:&quot;&quot;,&quot;orientation&quot;:&quot;0&quot;}\" data-image-title=\"S\u00e3o Jo\u00e3o Virtual 2021 do Paudalho-PE\" data-image-description=\"\" data-image-caption=\"\" data-medium-file=\"https:\/\/www.paudalho.pe.gov.br\/portal\/wp-content\/uploads\/2021\/06\/photo5089590306969594298-350x230.jpg\" data-large-file=\"https:\/\/www.paudalho.pe.gov.br\/portal\/wp-content\/uploads\/2021\/06\/photo5089590306969594298-800x450.jpg\" src=\"https:\/\/www.paudalho.pe.gov.br\/portal\/wp-content\/uploads\/2021\/06\/photo5089590306969594298-800x450.jpg\" alt=\"\" data-id=\"15895\" data-full-url=\"https:\/\/www.paudalho.pe.gov.br\/portal\/wp-content\/uploads\/2021\/06\/photo5089590306969594298.jpg\" data-link=\"https:\/\/www.paudalho.pe.gov.br\/portal\/?attachment_id=15895\" class=\"wp-image-15895\"\/><figcaption class=\"blocks-gallery-item__caption\"><em>Foto: Josu\u00e9 J\u00fanior\/PMP.<\/em><\/figcaption><\/figure><\/li><li class=\"blocks-gallery-item\"><figure><img loading=\"lazy\" decoding=\"async\" width=\"800\" height=\"450\" data-attachment-id=\"15894\" data-permalink=\"https:\/\/www.paudalho.pe.gov.br\/portal\/em-ritmo-de-festa-junina-paudalho-celebra-primeira-noite-do-sao-joao-virtual-2021\/photo5089590306969594299\/\" data-orig-file=\"https:\/\/www.paudalho.pe.gov.br\/portal\/wp-content\/uploads\/2021\/06\/photo5089590306969594299.jpg\" data-orig-size=\"1280,853\" data-comments-opened=\"1\" data-image-meta=\"{&quot;aperture&quot;:&quot;0&quot;,&quot;credit&quot;:&quot;&quot;,&quot;camera&quot;:&quot;&quot;,&quot;caption&quot;:&quot;&quot;,&quot;created_timestamp&quot;:&quot;0&quot;,&quot;copyright&quot;:&quot;&quot;,&quot;focal_length&quot;:&quot;0&quot;,&quot;iso&quot;:&quot;0&quot;,&quot;shutter_speed&quot;:&quot;0&quot;,&quot;title&quot;:&quot;&quot;,&quot;orientation&quot;:&quot;0&quot;}\" data-image-title=\"S\u00e3o Jo\u00e3o Virtual 2021 do Paudalho-PE\" data-image-description=\"\" data-image-caption=\"\" data-medium-file=\"https:\/\/www.paudalho.pe.gov.br\/portal\/wp-content\/uploads\/2021\/06\/photo5089590306969594299-350x230.jpg\" data-large-file=\"https:\/\/www.paudalho.pe.gov.br\/portal\/wp-content\/uploads\/2021\/06\/photo5089590306969594299-800x450.jpg\" src=\"https:\/\/www.paudalho.pe.gov.br\/portal\/wp-content\/uploads\/2021\/06\/photo5089590306969594299-800x450.jpg\" alt=\"\" data-id=\"15894\" data-full-url=\"https:\/\/www.paudalho.pe.gov.br\/portal\/wp-content\/uploads\/2021\/06\/photo5089590306969594299.jpg\" data-link=\"https:\/\/www.paudalho.pe.gov.br\/portal\/?attachment_id=15894\" class=\"wp-image-15894\"\/><figcaption class=\"blocks-gallery-item__caption\"><em>Foto: Josu\u00e9 J\u00fanior\/PMP.<\/em><\/figcaption><\/figure><\/li><li class=\"blocks-gallery-item\"><figure><img loading=\"lazy\" decoding=\"async\" width=\"800\" height=\"450\" data-attachment-id=\"15893\" data-permalink=\"https:\/\/www.paudalho.pe.gov.br\/portal\/em-ritmo-de-festa-junina-paudalho-celebra-primeira-noite-do-sao-joao-virtual-2021\/photo5089590306969594300\/\" data-orig-file=\"https:\/\/www.paudalho.pe.gov.br\/portal\/wp-content\/uploads\/2021\/06\/photo5089590306969594300.jpg\" data-orig-size=\"1280,853\" data-comments-opened=\"1\" data-image-meta=\"{&quot;aperture&quot;:&quot;0&quot;,&quot;credit&quot;:&quot;&quot;,&quot;camera&quot;:&quot;&quot;,&quot;caption&quot;:&quot;&quot;,&quot;created_timestamp&quot;:&quot;0&quot;,&quot;copyright&quot;:&quot;&quot;,&quot;focal_length&quot;:&quot;0&quot;,&quot;iso&quot;:&quot;0&quot;,&quot;shutter_speed&quot;:&quot;0&quot;,&quot;title&quot;:&quot;&quot;,&quot;orientation&quot;:&quot;0&quot;}\" data-image-title=\"S\u00e3o Jo\u00e3o Virtual 2021 do Paudalho-PE\" data-image-description=\"\" data-image-caption=\"\" data-medium-file=\"https:\/\/www.paudalho.pe.gov.br\/portal\/wp-content\/uploads\/2021\/06\/photo5089590306969594300-350x230.jpg\" data-large-file=\"https:\/\/www.paudalho.pe.gov.br\/portal\/wp-content\/uploads\/2021\/06\/photo5089590306969594300-800x450.jpg\" src=\"https:\/\/www.paudalho.pe.gov.br\/portal\/wp-content\/uploads\/2021\/06\/photo5089590306969594300-800x450.jpg\" alt=\"\" data-id=\"15893\" data-full-url=\"https:\/\/www.paudalho.pe.gov.br\/portal\/wp-content\/uploads\/2021\/06\/photo5089590306969594300.jpg\" data-link=\"https:\/\/www.paudalho.pe.gov.br\/portal\/?attachment_id=15893\" class=\"wp-image-15893\"\/><figcaption class=\"blocks-gallery-item__caption\"><em>Foto: Josu\u00e9 J\u00fanior\/PMP.<\/em><\/figcaption><\/figure><\/li><li class=\"blocks-gallery-item\"><figure><img loading=\"lazy\" decoding=\"async\" width=\"800\" height=\"450\" data-attachment-id=\"15890\" data-permalink=\"https:\/\/www.paudalho.pe.gov.br\/portal\/em-ritmo-de-festa-junina-paudalho-celebra-primeira-noite-do-sao-joao-virtual-2021\/photo5089590306969594302\/\" data-orig-file=\"https:\/\/www.paudalho.pe.gov.br\/portal\/wp-content\/uploads\/2021\/06\/photo5089590306969594302.jpg\" data-orig-size=\"1280,853\" data-comments-opened=\"1\" data-image-meta=\"{&quot;aperture&quot;:&quot;0&quot;,&quot;credit&quot;:&quot;&quot;,&quot;camera&quot;:&quot;&quot;,&quot;caption&quot;:&quot;&quot;,&quot;created_timestamp&quot;:&quot;0&quot;,&quot;copyright&quot;:&quot;&quot;,&quot;focal_length&quot;:&quot;0&quot;,&quot;iso&quot;:&quot;0&quot;,&quot;shutter_speed&quot;:&quot;0&quot;,&quot;title&quot;:&quot;&quot;,&quot;orientation&quot;:&quot;0&quot;}\" data-image-title=\"S\u00e3o Jo\u00e3o Virtual 2021 do Paudalho-PE\" data-image-description=\"\" data-image-caption=\"\" data-medium-file=\"https:\/\/www.paudalho.pe.gov.br\/portal\/wp-content\/uploads\/2021\/06\/photo5089590306969594302-350x230.jpg\" data-large-file=\"https:\/\/www.paudalho.pe.gov.br\/portal\/wp-content\/uploads\/2021\/06\/photo5089590306969594302-800x450.jpg\" src=\"https:\/\/www.paudalho.pe.gov.br\/portal\/wp-content\/uploads\/2021\/06\/photo5089590306969594302-800x450.jpg\" alt=\"\" data-id=\"15890\" data-full-url=\"https:\/\/www.paudalho.pe.gov.br\/portal\/wp-content\/uploads\/2021\/06\/photo5089590306969594302.jpg\" data-link=\"https:\/\/www.paudalho.pe.gov.br\/portal\/?attachment_id=15890\" class=\"wp-image-15890\"\/><figcaption class=\"blocks-gallery-item__caption\"><em>Foto: Josu\u00e9 J\u00fanior\/PMP.<\/em><\/figcaption><\/figure><\/li><li class=\"blocks-gallery-item\"><figure><img loading=\"lazy\" decoding=\"async\" width=\"800\" height=\"450\" data-attachment-id=\"15889\" data-permalink=\"https:\/\/www.paudalho.pe.gov.br\/portal\/em-ritmo-de-festa-junina-paudalho-celebra-primeira-noite-do-sao-joao-virtual-2021\/photo5089590306969594303\/\" data-orig-file=\"https:\/\/www.paudalho.pe.gov.br\/portal\/wp-content\/uploads\/2021\/06\/photo5089590306969594303.jpg\" data-orig-size=\"853,1280\" data-comments-opened=\"1\" data-image-meta=\"{&quot;aperture&quot;:&quot;0&quot;,&quot;credit&quot;:&quot;&quot;,&quot;camera&quot;:&quot;&quot;,&quot;caption&quot;:&quot;&quot;,&quot;created_timestamp&quot;:&quot;0&quot;,&quot;copyright&quot;:&quot;&quot;,&quot;focal_length&quot;:&quot;0&quot;,&quot;iso&quot;:&quot;0&quot;,&quot;shutter_speed&quot;:&quot;0&quot;,&quot;title&quot;:&quot;&quot;,&quot;orientation&quot;:&quot;0&quot;}\" data-image-title=\"S\u00e3o Jo\u00e3o Virtual 2021 do Paudalho-PE\" data-image-description=\"\" data-image-caption=\"\" data-medium-file=\"https:\/\/www.paudalho.pe.gov.br\/portal\/wp-content\/uploads\/2021\/06\/photo5089590306969594303-350x230.jpg\" data-large-file=\"https:\/\/www.paudalho.pe.gov.br\/portal\/wp-content\/uploads\/2021\/06\/photo5089590306969594303-800x450.jpg\" src=\"https:\/\/www.paudalho.pe.gov.br\/portal\/wp-content\/uploads\/2021\/06\/photo5089590306969594303-800x450.jpg\" alt=\"\" data-id=\"15889\" data-full-url=\"https:\/\/www.paudalho.pe.gov.br\/portal\/wp-content\/uploads\/2021\/06\/photo5089590306969594303.jpg\" data-link=\"https:\/\/www.paudalho.pe.gov.br\/portal\/?attachment_id=15889\" class=\"wp-image-15889\"\/><figcaption class=\"blocks-gallery-item__caption\"><em>Foto: Josu\u00e9 J\u00fanior\/PMP.<\/em><\/figcaption><\/figure><\/li><li class=\"blocks-gallery-item\"><figure><img loading=\"lazy\" decoding=\"async\" width=\"800\" height=\"450\" data-attachment-id=\"15888\" data-permalink=\"https:\/\/www.paudalho.pe.gov.br\/portal\/em-ritmo-de-festa-junina-paudalho-celebra-primeira-noite-do-sao-joao-virtual-2021\/photo5089590306969594304\/\" data-orig-file=\"https:\/\/www.paudalho.pe.gov.br\/portal\/wp-content\/uploads\/2021\/06\/photo5089590306969594304.jpg\" data-orig-size=\"1280,853\" data-comments-opened=\"1\" data-image-meta=\"{&quot;aperture&quot;:&quot;0&quot;,&quot;credit&quot;:&quot;&quot;,&quot;camera&quot;:&quot;&quot;,&quot;caption&quot;:&quot;&quot;,&quot;created_timestamp&quot;:&quot;0&quot;,&quot;copyright&quot;:&quot;&quot;,&quot;focal_length&quot;:&quot;0&quot;,&quot;iso&quot;:&quot;0&quot;,&quot;shutter_speed&quot;:&quot;0&quot;,&quot;title&quot;:&quot;&quot;,&quot;orientation&quot;:&quot;0&quot;}\" data-image-title=\"S\u00e3o Jo\u00e3o Virtual 2021 do Paudalho-PE\" data-image-description=\"\" data-image-caption=\"\" data-medium-file=\"https:\/\/www.paudalho.pe.gov.br\/portal\/wp-content\/uploads\/2021\/06\/photo5089590306969594304-350x230.jpg\" data-large-file=\"https:\/\/www.paudalho.pe.gov.br\/portal\/wp-content\/uploads\/2021\/06\/photo5089590306969594304-800x450.jpg\" src=\"https:\/\/www.paudalho.pe.gov.br\/portal\/wp-content\/uploads\/2021\/06\/photo5089590306969594304-800x450.jpg\" alt=\"\" data-id=\"15888\" data-full-url=\"https:\/\/www.paudalho.pe.gov.br\/portal\/wp-content\/uploads\/2021\/06\/photo5089590306969594304.jpg\" data-link=\"https:\/\/www.paudalho.pe.gov.br\/portal\/?attachment_id=15888\" class=\"wp-image-15888\"\/><figcaption class=\"blocks-gallery-item__caption\"><em>Foto: Josu\u00e9 J\u00fanior\/PMP.<\/em><\/figcaption><\/figure><\/li><li class=\"blocks-gallery-item\"><figure><img loading=\"lazy\" decoding=\"async\" width=\"800\" height=\"450\" data-attachment-id=\"15887\" data-permalink=\"https:\/\/www.paudalho.pe.gov.br\/portal\/em-ritmo-de-festa-junina-paudalho-celebra-primeira-noite-do-sao-joao-virtual-2021\/photo5089590306969594305\/\" data-orig-file=\"https:\/\/www.paudalho.pe.gov.br\/portal\/wp-content\/uploads\/2021\/06\/photo5089590306969594305.jpg\" data-orig-size=\"1280,853\" data-comments-opened=\"1\" data-image-meta=\"{&quot;aperture&quot;:&quot;0&quot;,&quot;credit&quot;:&quot;&quot;,&quot;camera&quot;:&quot;&quot;,&quot;caption&quot;:&quot;&quot;,&quot;created_timestamp&quot;:&quot;0&quot;,&quot;copyright&quot;:&quot;&quot;,&quot;focal_length&quot;:&quot;0&quot;,&quot;iso&quot;:&quot;0&quot;,&quot;shutter_speed&quot;:&quot;0&quot;,&quot;title&quot;:&quot;&quot;,&quot;orientation&quot;:&quot;0&quot;}\" data-image-title=\"S\u00e3o Jo\u00e3o Virtual 2021 do Paudalho-PE\" data-image-description=\"\" data-image-caption=\"\" data-medium-file=\"https:\/\/www.paudalho.pe.gov.br\/portal\/wp-content\/uploads\/2021\/06\/photo5089590306969594305-350x230.jpg\" data-large-file=\"https:\/\/www.paudalho.pe.gov.br\/portal\/wp-content\/uploads\/2021\/06\/photo5089590306969594305-800x450.jpg\" src=\"https:\/\/www.paudalho.pe.gov.br\/portal\/wp-content\/uploads\/2021\/06\/photo5089590306969594305-800x450.jpg\" alt=\"\" data-id=\"15887\" data-full-url=\"https:\/\/www.paudalho.pe.gov.br\/portal\/wp-content\/uploads\/2021\/06\/photo5089590306969594305.jpg\" data-link=\"https:\/\/www.paudalho.pe.gov.br\/portal\/?attachment_id=15887\" class=\"wp-image-15887\"\/><figcaption class=\"blocks-gallery-item__caption\"><em>Foto: Josu\u00e9 J\u00fanior\/PMP.<\/em><\/figcaption><\/figure><\/li><li class=\"blocks-gallery-item\"><figure><img loading=\"lazy\" decoding=\"async\" width=\"800\" height=\"450\" data-attachment-id=\"15885\" data-permalink=\"https:\/\/www.paudalho.pe.gov.br\/portal\/em-ritmo-de-festa-junina-paudalho-celebra-primeira-noite-do-sao-joao-virtual-2021\/photo5089590306969594308\/\" data-orig-file=\"https:\/\/www.paudalho.pe.gov.br\/portal\/wp-content\/uploads\/2021\/06\/photo5089590306969594308.jpg\" data-orig-size=\"1280,853\" data-comments-opened=\"1\" data-image-meta=\"{&quot;aperture&quot;:&quot;0&quot;,&quot;credit&quot;:&quot;&quot;,&quot;camera&quot;:&quot;&quot;,&quot;caption&quot;:&quot;&quot;,&quot;created_timestamp&quot;:&quot;0&quot;,&quot;copyright&quot;:&quot;&quot;,&quot;focal_length&quot;:&quot;0&quot;,&quot;iso&quot;:&quot;0&quot;,&quot;shutter_speed&quot;:&quot;0&quot;,&quot;title&quot;:&quot;&quot;,&quot;orientation&quot;:&quot;0&quot;}\" data-image-title=\"S\u00e3o Jo\u00e3o Virtual 2021 do Paudalho-PE\" data-image-description=\"\" data-image-caption=\"\" data-medium-file=\"https:\/\/www.paudalho.pe.gov.br\/portal\/wp-content\/uploads\/2021\/06\/photo5089590306969594308-350x230.jpg\" data-large-file=\"https:\/\/www.paudalho.pe.gov.br\/portal\/wp-content\/uploads\/2021\/06\/photo5089590306969594308-800x450.jpg\" src=\"https:\/\/www.paudalho.pe.gov.br\/portal\/wp-content\/uploads\/2021\/06\/photo5089590306969594308-800x450.jpg\" alt=\"\" data-id=\"15885\" data-full-url=\"https:\/\/www.paudalho.pe.gov.br\/portal\/wp-content\/uploads\/2021\/06\/photo5089590306969594308.jpg\" data-link=\"https:\/\/www.paudalho.pe.gov.br\/portal\/?attachment_id=15885\" class=\"wp-image-15885\"\/><figcaption class=\"blocks-gallery-item__caption\"><em>Foto: Josu\u00e9 J\u00fanior\/PMP.<\/em><\/figcaption><\/figure><\/li><li class=\"blocks-gallery-item\"><figure><img loading=\"lazy\" decoding=\"async\" width=\"800\" height=\"450\" data-attachment-id=\"15884\" data-permalink=\"https:\/\/www.paudalho.pe.gov.br\/portal\/em-ritmo-de-festa-junina-paudalho-celebra-primeira-noite-do-sao-joao-virtual-2021\/photo5089590306969594310\/\" data-orig-file=\"https:\/\/www.paudalho.pe.gov.br\/portal\/wp-content\/uploads\/2021\/06\/photo5089590306969594310.jpg\" data-orig-size=\"1280,853\" data-comments-opened=\"1\" data-image-meta=\"{&quot;aperture&quot;:&quot;0&quot;,&quot;credit&quot;:&quot;&quot;,&quot;camera&quot;:&quot;&quot;,&quot;caption&quot;:&quot;&quot;,&quot;created_timestamp&quot;:&quot;0&quot;,&quot;copyright&quot;:&quot;&quot;,&quot;focal_length&quot;:&quot;0&quot;,&quot;iso&quot;:&quot;0&quot;,&quot;shutter_speed&quot;:&quot;0&quot;,&quot;title&quot;:&quot;&quot;,&quot;orientation&quot;:&quot;0&quot;}\" data-image-title=\"S\u00e3o Jo\u00e3o Virtual 2021 do Paudalho-PE\" data-image-description=\"\" data-image-caption=\"\" data-medium-file=\"https:\/\/www.paudalho.pe.gov.br\/portal\/wp-content\/uploads\/2021\/06\/photo5089590306969594310-350x230.jpg\" data-large-file=\"https:\/\/www.paudalho.pe.gov.br\/portal\/wp-content\/uploads\/2021\/06\/photo5089590306969594310-800x450.jpg\" src=\"https:\/\/www.paudalho.pe.gov.br\/portal\/wp-content\/uploads\/2021\/06\/photo5089590306969594310-800x450.jpg\" alt=\"\" data-id=\"15884\" data-full-url=\"https:\/\/www.paudalho.pe.gov.br\/portal\/wp-content\/uploads\/2021\/06\/photo5089590306969594310.jpg\" data-link=\"https:\/\/www.paudalho.pe.gov.br\/portal\/?attachment_id=15884\" class=\"wp-image-15884\"\/><figcaption class=\"blocks-gallery-item__caption\"><em>Foto: Josu\u00e9 J\u00fanior\/PMP.<\/em><\/figcaption><\/figure><\/li><li class=\"blocks-gallery-item\"><figure><img loading=\"lazy\" decoding=\"async\" width=\"800\" height=\"450\" data-attachment-id=\"15883\" data-permalink=\"https:\/\/www.paudalho.pe.gov.br\/portal\/em-ritmo-de-festa-junina-paudalho-celebra-primeira-noite-do-sao-joao-virtual-2021\/photo5089590306969594311\/\" data-orig-file=\"https:\/\/www.paudalho.pe.gov.br\/portal\/wp-content\/uploads\/2021\/06\/photo5089590306969594311.jpg\" data-orig-size=\"853,1280\" data-comments-opened=\"1\" data-image-meta=\"{&quot;aperture&quot;:&quot;0&quot;,&quot;credit&quot;:&quot;&quot;,&quot;camera&quot;:&quot;&quot;,&quot;caption&quot;:&quot;&quot;,&quot;created_timestamp&quot;:&quot;0&quot;,&quot;copyright&quot;:&quot;&quot;,&quot;focal_length&quot;:&quot;0&quot;,&quot;iso&quot;:&quot;0&quot;,&quot;shutter_speed&quot;:&quot;0&quot;,&quot;title&quot;:&quot;&quot;,&quot;orientation&quot;:&quot;0&quot;}\" data-image-title=\"S\u00e3o Jo\u00e3o Virtual 2021 do Paudalho-PE\" data-image-description=\"\" data-image-caption=\"\" data-medium-file=\"https:\/\/www.paudalho.pe.gov.br\/portal\/wp-content\/uploads\/2021\/06\/photo5089590306969594311-350x230.jpg\" data-large-file=\"https:\/\/www.paudalho.pe.gov.br\/portal\/wp-content\/uploads\/2021\/06\/photo5089590306969594311-800x450.jpg\" src=\"https:\/\/www.paudalho.pe.gov.br\/portal\/wp-content\/uploads\/2021\/06\/photo5089590306969594311-800x450.jpg\" alt=\"\" data-id=\"15883\" data-full-url=\"https:\/\/www.paudalho.pe.gov.br\/portal\/wp-content\/uploads\/2021\/06\/photo5089590306969594311.jpg\" data-link=\"https:\/\/www.paudalho.pe.gov.br\/portal\/?attachment_id=15883\" class=\"wp-image-15883\"\/><figcaption class=\"blocks-gallery-item__caption\"><em>Foto: Josu\u00e9 J\u00fanior\/PMP.<\/em><\/figcaption><\/figure><\/li><li class=\"blocks-gallery-item\"><figure><img loading=\"lazy\" decoding=\"async\" width=\"800\" height=\"450\" data-attachment-id=\"15882\" data-permalink=\"https:\/\/www.paudalho.pe.gov.br\/portal\/em-ritmo-de-festa-junina-paudalho-celebra-primeira-noite-do-sao-joao-virtual-2021\/photo5089590306969594312\/\" data-orig-file=\"https:\/\/www.paudalho.pe.gov.br\/portal\/wp-content\/uploads\/2021\/06\/photo5089590306969594312.jpg\" data-orig-size=\"853,1280\" data-comments-opened=\"1\" data-image-meta=\"{&quot;aperture&quot;:&quot;0&quot;,&quot;credit&quot;:&quot;&quot;,&quot;camera&quot;:&quot;&quot;,&quot;caption&quot;:&quot;&quot;,&quot;created_timestamp&quot;:&quot;0&quot;,&quot;copyright&quot;:&quot;&quot;,&quot;focal_length&quot;:&quot;0&quot;,&quot;iso&quot;:&quot;0&quot;,&quot;shutter_speed&quot;:&quot;0&quot;,&quot;title&quot;:&quot;&quot;,&quot;orientation&quot;:&quot;0&quot;}\" data-image-title=\"S\u00e3o Jo\u00e3o Virtual 2021 do Paudalho-PE\" data-image-description=\"\" data-image-caption=\"\" data-medium-file=\"https:\/\/www.paudalho.pe.gov.br\/portal\/wp-content\/uploads\/2021\/06\/photo5089590306969594312-350x230.jpg\" data-large-file=\"https:\/\/www.paudalho.pe.gov.br\/portal\/wp-content\/uploads\/2021\/06\/photo5089590306969594312-800x450.jpg\" src=\"https:\/\/www.paudalho.pe.gov.br\/portal\/wp-content\/uploads\/2021\/06\/photo5089590306969594312-800x450.jpg\" alt=\"\" data-id=\"15882\" data-full-url=\"https:\/\/www.paudalho.pe.gov.br\/portal\/wp-content\/uploads\/2021\/06\/photo5089590306969594312.jpg\" data-link=\"https:\/\/www.paudalho.pe.gov.br\/portal\/?attachment_id=15882\" class=\"wp-image-15882\"\/><figcaption class=\"blocks-gallery-item__caption\"><em>Foto: Josu\u00e9 J\u00fanior\/PMP.<\/em><\/figcaption><\/figure><\/li><li class=\"blocks-gallery-item\"><figure><img loading=\"lazy\" decoding=\"async\" width=\"800\" height=\"450\" data-attachment-id=\"15880\" data-permalink=\"https:\/\/www.paudalho.pe.gov.br\/portal\/em-ritmo-de-festa-junina-paudalho-celebra-primeira-noite-do-sao-joao-virtual-2021\/photo5089590306969594314\/\" data-orig-file=\"https:\/\/www.paudalho.pe.gov.br\/portal\/wp-content\/uploads\/2021\/06\/photo5089590306969594314.jpg\" data-orig-size=\"853,1280\" data-comments-opened=\"1\" data-image-meta=\"{&quot;aperture&quot;:&quot;0&quot;,&quot;credit&quot;:&quot;&quot;,&quot;camera&quot;:&quot;&quot;,&quot;caption&quot;:&quot;&quot;,&quot;created_timestamp&quot;:&quot;0&quot;,&quot;copyright&quot;:&quot;&quot;,&quot;focal_length&quot;:&quot;0&quot;,&quot;iso&quot;:&quot;0&quot;,&quot;shutter_speed&quot;:&quot;0&quot;,&quot;title&quot;:&quot;&quot;,&quot;orientation&quot;:&quot;0&quot;}\" data-image-title=\"S\u00e3o Jo\u00e3o Virtual 2021 do Paudalho-PE\" data-image-description=\"\" data-image-caption=\"\" data-medium-file=\"https:\/\/www.paudalho.pe.gov.br\/portal\/wp-content\/uploads\/2021\/06\/photo5089590306969594314-350x230.jpg\" data-large-file=\"https:\/\/www.paudalho.pe.gov.br\/portal\/wp-content\/uploads\/2021\/06\/photo5089590306969594314-800x450.jpg\" src=\"https:\/\/www.paudalho.pe.gov.br\/portal\/wp-content\/uploads\/2021\/06\/photo5089590306969594314-800x450.jpg\" alt=\"\" data-id=\"15880\" data-full-url=\"https:\/\/www.paudalho.pe.gov.br\/portal\/wp-content\/uploads\/2021\/06\/photo5089590306969594314.jpg\" data-link=\"https:\/\/www.paudalho.pe.gov.br\/portal\/?attachment_id=15880\" class=\"wp-image-15880\"\/><figcaption class=\"blocks-gallery-item__caption\"><em>Foto: Josu\u00e9 J\u00fanior\/PMP.<\/em><\/figcaption><\/figure><\/li><li class=\"blocks-gallery-item\"><figure><img loading=\"lazy\" decoding=\"async\" width=\"800\" height=\"450\" data-attachment-id=\"15879\" data-permalink=\"https:\/\/www.paudalho.pe.gov.br\/portal\/em-ritmo-de-festa-junina-paudalho-celebra-primeira-noite-do-sao-joao-virtual-2021\/photo5089590306969594315\/\" data-orig-file=\"https:\/\/www.paudalho.pe.gov.br\/portal\/wp-content\/uploads\/2021\/06\/photo5089590306969594315.jpg\" data-orig-size=\"1280,853\" data-comments-opened=\"1\" data-image-meta=\"{&quot;aperture&quot;:&quot;0&quot;,&quot;credit&quot;:&quot;&quot;,&quot;camera&quot;:&quot;&quot;,&quot;caption&quot;:&quot;&quot;,&quot;created_timestamp&quot;:&quot;0&quot;,&quot;copyright&quot;:&quot;&quot;,&quot;focal_length&quot;:&quot;0&quot;,&quot;iso&quot;:&quot;0&quot;,&quot;shutter_speed&quot;:&quot;0&quot;,&quot;title&quot;:&quot;&quot;,&quot;orientation&quot;:&quot;0&quot;}\" data-image-title=\"S\u00e3o Jo\u00e3o Virtual 2021 do Paudalho-PE\" data-image-description=\"\" data-image-caption=\"\" data-medium-file=\"https:\/\/www.paudalho.pe.gov.br\/portal\/wp-content\/uploads\/2021\/06\/photo5089590306969594315-350x230.jpg\" data-large-file=\"https:\/\/www.paudalho.pe.gov.br\/portal\/wp-content\/uploads\/2021\/06\/photo5089590306969594315-800x450.jpg\" src=\"https:\/\/www.paudalho.pe.gov.br\/portal\/wp-content\/uploads\/2021\/06\/photo5089590306969594315-800x450.jpg\" alt=\"\" data-id=\"15879\" data-full-url=\"https:\/\/www.paudalho.pe.gov.br\/portal\/wp-content\/uploads\/2021\/06\/photo5089590306969594315.jpg\" data-link=\"https:\/\/www.paudalho.pe.gov.br\/portal\/?attachment_id=15879\" class=\"wp-image-15879\"\/><figcaption class=\"blocks-gallery-item__caption\"><em>Foto: Josu\u00e9 J\u00fanior\/PMP.<\/em><\/figcaption><\/figure><\/li><\/ul><\/figure>\n\n\n\n<p><\/p>\n","protected":false},"excerpt":{"rendered":"<p>Nesta quarta-feira (23), a Prefeitura do Paudalho, por meio da Secretaria Municipal de Cultura, Turismo, Esporte, Juventude e Lazer, realizou o primeiro dia de transmiss\u00e3o do S\u00e3o Jo\u00e3o Virtual 2021. A festividade contou com uma s\u00e9rie de apresenta\u00e7\u00f5es art\u00edsticas e culturais que tem como finalidade preservar a tradi\u00e7\u00e3o junina do munic\u00edpio, mesmo de forma remota. [&hellip;]<\/p>\n","protected":false},"author":6,"featured_media":15901,"comment_status":"open","ping_status":"open","sticky":false,"template":"","format":"standard","meta":{"_jetpack_newsletter_access":"","_jetpack_dont_email_post_to_subs":false,"_jetpack_newsletter_tier_id":0,"_jetpack_memberships_contains_paywalled_content":false,"_jetpack_memberships_contains_paid_content":false,"footnotes":""},"categories":[6,2,1,749],"tags":[22,761],"class_list":["post-15855","post","type-post","status-publish","format-standard","has-post-thumbnail","hentry","category-cultura","category-destaque","category-noticias","category-sao-joao","tag-prefeitura-do-paudalho","tag-sao-joao-virtual-2021"],"jetpack_featured_media_url":"https:\/\/www.paudalho.pe.gov.br\/portal\/wp-content\/uploads\/2021\/06\/photo5089590306969594292.jpg","jetpack_sharing_enabled":true,"jetpack_shortlink":"https:\/\/wp.me\/p98mS2-47J","_links":{"self":[{"href":"https:\/\/www.paudalho.pe.gov.br\/portal\/wp-json\/wp\/v2\/posts\/15855","targetHints":{"allow":["GET"]}}],"collection":[{"href":"https:\/\/www.paudalho.pe.gov.br\/portal\/wp-json\/wp\/v2\/posts"}],"about":[{"href":"https:\/\/www.paudalho.pe.gov.br\/portal\/wp-json\/wp\/v2\/types\/post"}],"author":[{"embeddable":true,"href":"https:\/\/www.paudalho.pe.gov.br\/portal\/wp-json\/wp\/v2\/users\/6"}],"replies":[{"embeddable":true,"href":"https:\/\/www.paudalho.pe.gov.br\/portal\/wp-json\/wp\/v2\/comments?post=15855"}],"version-history":[{"count":34,"href":"https:\/\/www.paudalho.pe.gov.br\/portal\/wp-json\/wp\/v2\/posts\/15855\/revisions"}],"predecessor-version":[{"id":16026,"href":"https:\/\/www.paudalho.pe.gov.br\/portal\/wp-json\/wp\/v2\/posts\/15855\/revisions\/16026"}],"wp:featuredmedia":[{"embeddable":true,"href":"https:\/\/www.paudalho.pe.gov.br\/portal\/wp-json\/wp\/v2\/media\/15901"}],"wp:attachment":[{"href":"https:\/\/www.paudalho.pe.gov.br\/portal\/wp-json\/wp\/v2\/media?parent=15855"}],"wp:term":[{"taxonomy":"category","embeddable":true,"href":"https:\/\/www.paudalho.pe.gov.br\/portal\/wp-json\/wp\/v2\/categories?post=15855"},{"taxonomy":"post_tag","embeddable":true,"href":"https:\/\/www.paudalho.pe.gov.br\/portal\/wp-json\/wp\/v2\/tags?post=15855"}],"curies":[{"name":"wp","href":"https:\/\/api.w.org\/{rel}","templated":true}]}}