{"id":1582,"date":"2017-10-16T13:07:09","date_gmt":"2017-10-16T16:07:09","guid":{"rendered":"http:\/\/www.paudalho.pe.gov.br\/portal\/?p=1582"},"modified":"2017-10-16T13:12:54","modified_gmt":"2017-10-16T16:12:54","slug":"secretaria-de-saude-presta-contas-em-audiencia-publica-nesta-terca-feira","status":"publish","type":"post","link":"https:\/\/www.paudalho.pe.gov.br\/portal\/secretaria-de-saude-presta-contas-em-audiencia-publica-nesta-terca-feira\/","title":{"rendered":"Secretaria de Sa\u00fade presta contas em Audi\u00eancia P\u00fablica nesta ter\u00e7a-feira"},"content":{"rendered":"<p>\u00c9 por meio da participa\u00e7\u00e3o popular que pol\u00edticas p\u00fablicas de qualidade s\u00e3o constru\u00eddas. E chegou a hora de voc\u00ea participar e se informar sobre as a\u00e7\u00f5es de sa\u00fade em Paudalho. A Prefeitura do Paudalho atrav\u00e9s da Secretaria de Sa\u00fade realiza, nesta ter\u00e7a-feira (17), \u00e0s 9h, na C\u00e2mara dos Vereadores, uma Audi\u00eancia P\u00fablica. Na programa\u00e7\u00e3o, a Secretaria vai prestar contas dos servi\u00e7os\u00a0 implantados no munic\u00edpio, como tamb\u00e9m recursos aplicados e a\u00e7\u00f5es desenvolvidas.<\/p>\n<p>A presta\u00e7\u00e3o de contas \u00e9 destinada ao povo paudalhense atrav\u00e9s do Conselho Municipal de Sa\u00fade, que \u00e9 um \u00f3rg\u00e3o respons\u00e1vel pela fiscaliza\u00e7\u00e3o e delibera\u00e7\u00e3o das pol\u00edticas p\u00fablicas de sa\u00fade do munic\u00edpio.<\/p>\n<p>O secretario de Sa\u00fade do munic\u00edpio, Orlando Jorge, deixou um convite \u00e0 popula\u00e7\u00e3o. <strong>Ou\u00e7a na mat\u00e9ria de Thales K\u00edrion:<\/strong><\/p>\n<!--[if lt IE 9]><script>document.createElement('audio');<\/script><![endif]-->\n<audio class=\"wp-audio-shortcode\" id=\"audio-1582-1\" preload=\"none\" style=\"width: 100%;\" controls=\"controls\"><source type=\"audio\/mpeg\" src=\"http:\/\/www.paudalho.pe.gov.br\/portal\/wp-content\/uploads\/2017\/10\/MAT\u00c9RIA-SA\u00daDE-P16.10-online-audio-converter.com_.mp3?_=1\" \/><a href=\"http:\/\/www.paudalho.pe.gov.br\/portal\/wp-content\/uploads\/2017\/10\/MAT\u00c9RIA-SA\u00daDE-P16.10-online-audio-converter.com_.mp3\">http:\/\/www.paudalho.pe.gov.br\/portal\/wp-content\/uploads\/2017\/10\/MAT\u00c9RIA-SA\u00daDE-P16.10-online-audio-converter.com_.mp3<\/a><\/audio>\n<h2><strong>O que \u00e9 uma audi\u00eancia p\u00fablica?<\/strong><\/h2>\n<p>\u00c9 uma reuni\u00e3o que qualquer cidad\u00e3o pode participar. Ela \u00e9 transparente e de ampla discuss\u00e3o em que se vislumbra a comunica\u00e7\u00e3o entres os v\u00e1rios setores da sociedade e as autoridades p\u00fablicas.<\/p>\n<h2><strong>Servi\u00e7o:<\/strong><\/h2>\n<p>Audi\u00eancia P\u00fablica da Sa\u00fade<br \/>\nLocal: C\u00e2mara dos Vereadores<br \/>\nData: 17 de outubro de 2017 \/ 9h<\/p>\n","protected":false},"excerpt":{"rendered":"<p>\u00c9 por meio da participa\u00e7\u00e3o popular que pol\u00edticas p\u00fablicas de qualidade s\u00e3o constru\u00eddas. E chegou a hora de voc\u00ea participar e se informar sobre as a\u00e7\u00f5es de sa\u00fade em Paudalho. A Prefeitura do Paudalho atrav\u00e9s da Secretaria de Sa\u00fade realiza, nesta ter\u00e7a-feira (17), \u00e0s 9h, na C\u00e2mara dos Vereadores, uma Audi\u00eancia P\u00fablica. Na programa\u00e7\u00e3o, a [&hellip;]<\/p>\n","protected":false},"author":4,"featured_media":1584,"comment_status":"open","ping_status":"open","sticky":false,"template":"","format":"standard","meta":{"_jetpack_newsletter_access":"","_jetpack_dont_email_post_to_subs":false,"_jetpack_newsletter_tier_id":0,"_jetpack_memberships_contains_paywalled_content":false,"_jetpack_memberships_contains_paid_content":false,"footnotes":""},"categories":[2,1,3],"tags":[45,22,16],"class_list":["post-1582","post","type-post","status-publish","format-standard","has-post-thumbnail","hentry","category-destaque","category-noticias","category-saude","tag-audiencia-publica","tag-prefeitura-do-paudalho","tag-saude"],"jetpack_featured_media_url":"https:\/\/www.paudalho.pe.gov.br\/portal\/wp-content\/uploads\/2017\/10\/Desejamos-a-voc\u00ea-uma.png","jetpack_sharing_enabled":true,"jetpack_shortlink":"https:\/\/wp.me\/p98mS2-pw","_links":{"self":[{"href":"https:\/\/www.paudalho.pe.gov.br\/portal\/wp-json\/wp\/v2\/posts\/1582","targetHints":{"allow":["GET"]}}],"collection":[{"href":"https:\/\/www.paudalho.pe.gov.br\/portal\/wp-json\/wp\/v2\/posts"}],"about":[{"href":"https:\/\/www.paudalho.pe.gov.br\/portal\/wp-json\/wp\/v2\/types\/post"}],"author":[{"embeddable":true,"href":"https:\/\/www.paudalho.pe.gov.br\/portal\/wp-json\/wp\/v2\/users\/4"}],"replies":[{"embeddable":true,"href":"https:\/\/www.paudalho.pe.gov.br\/portal\/wp-json\/wp\/v2\/comments?post=1582"}],"version-history":[{"count":3,"href":"https:\/\/www.paudalho.pe.gov.br\/portal\/wp-json\/wp\/v2\/posts\/1582\/revisions"}],"predecessor-version":[{"id":1587,"href":"https:\/\/www.paudalho.pe.gov.br\/portal\/wp-json\/wp\/v2\/posts\/1582\/revisions\/1587"}],"wp:featuredmedia":[{"embeddable":true,"href":"https:\/\/www.paudalho.pe.gov.br\/portal\/wp-json\/wp\/v2\/media\/1584"}],"wp:attachment":[{"href":"https:\/\/www.paudalho.pe.gov.br\/portal\/wp-json\/wp\/v2\/media?parent=1582"}],"wp:term":[{"taxonomy":"category","embeddable":true,"href":"https:\/\/www.paudalho.pe.gov.br\/portal\/wp-json\/wp\/v2\/categories?post=1582"},{"taxonomy":"post_tag","embeddable":true,"href":"https:\/\/www.paudalho.pe.gov.br\/portal\/wp-json\/wp\/v2\/tags?post=1582"}],"curies":[{"name":"wp","href":"https:\/\/api.w.org\/{rel}","templated":true}]}}