{"id":15791,"date":"2021-06-22T19:41:12","date_gmt":"2021-06-22T22:41:12","guid":{"rendered":"https:\/\/www.paudalho.pe.gov.br\/portal\/?p=15791"},"modified":"2025-01-08T00:39:43","modified_gmt":"2025-01-08T03:39:43","slug":"com-programacao-repleta-de-arte-e-cultura-paudalho-inicia-amanha-23-o-sao-joao-virtual-2021","status":"publish","type":"post","link":"https:\/\/www.paudalho.pe.gov.br\/portal\/com-programacao-repleta-de-arte-e-cultura-paudalho-inicia-amanha-23-o-sao-joao-virtual-2021\/","title":{"rendered":"Com programa\u00e7\u00e3o repleta de arte e cultura, Paudalho inicia amanh\u00e3 (23) o S\u00e3o Jo\u00e3o Virtual 2021"},"content":{"rendered":"\n<p>Com o objetivo de preservar a tradi\u00e7\u00e3o dos festejos juninos, a Prefeitura do Paudalho, por meio da Secretaria Municipal de Cultura, Turismo, Esporte, Juventude e Lazer, iniciar\u00e1 amanh\u00e3 (23) o seu S\u00e3o Jo\u00e3o Virtual 2021. Devido \u00e0s restri\u00e7\u00f5es das festas presenciais, o evento ser\u00e1 realizado de forma remota e transmitido nos canais de comunica\u00e7\u00e3o da Prefeitura entre os dias 23 e 25 de junho. O p\u00fablico poder\u00e1 acompanhar ao vivo atrav\u00e9s do <a rel=\"noreferrer noopener\" href=\"https:\/\/www.instagram.com\/prefeituradopaudalho\/\" target=\"_blank\"><strong>Instagram<\/strong><\/a> (@prefeituradopaudalho), do <a rel=\"noreferrer noopener\" href=\"https:\/\/www.facebook.com\/PrefeituraPaudalho\/\" target=\"_blank\"><strong>Facebook<\/strong><\/a>, e pela R\u00e1dio Paudalho FM 98,5 MHz.<\/p>\n\n\n\n<p>A celebra\u00e7\u00e3o ser\u00e1 composta por uma s\u00e9rie de lives com apresenta\u00e7\u00f5es de artistas locais dos mais variados segmentos art\u00edsticos, tais como a dan\u00e7a, a m\u00fasica, a poesia e o teatro. Durante os tr\u00eas dias de festa, os espet\u00e1culos ser\u00e3o iniciados \u00e0s 18h. De acordo com a Prefeitura, toda a programa\u00e7\u00e3o foi planejada com a finalidade de resgatar os costumes caracter\u00edsticos do munic\u00edpio, o qual \u00e9 fortemente marcado pela religiosidade, pela arte e pela cultura popular. <\/p>\n\n\n\n<figure class=\"wp-block-image size-large\"><img loading=\"lazy\" decoding=\"async\" width=\"800\" height=\"450\" data-attachment-id=\"7328\" data-permalink=\"https:\/\/www.paudalho.pe.gov.br\/portal\/tradicao-e-alegria-marcam-1o-dia-de-apresentacoes-das-quadrilhas-juninas-em-paudalho\/91dd9edf-56a9-411a-839b-761e55853230\/\" data-orig-file=\"https:\/\/www.paudalho.pe.gov.br\/portal\/wp-content\/uploads\/2019\/06\/91dd9edf-56a9-411a-839b-761e55853230.jpg\" data-orig-size=\"1080,720\" data-comments-opened=\"1\" data-image-meta=\"{&quot;aperture&quot;:&quot;0&quot;,&quot;credit&quot;:&quot;&quot;,&quot;camera&quot;:&quot;&quot;,&quot;caption&quot;:&quot;&quot;,&quot;created_timestamp&quot;:&quot;0&quot;,&quot;copyright&quot;:&quot;&quot;,&quot;focal_length&quot;:&quot;0&quot;,&quot;iso&quot;:&quot;0&quot;,&quot;shutter_speed&quot;:&quot;0&quot;,&quot;title&quot;:&quot;&quot;,&quot;orientation&quot;:&quot;0&quot;}\" data-image-title=\"Apresenta\u00e7\u00e3o de quadrilha junina durante o S\u00e3o Jo\u00e3o no munic\u00edpio de Paudalho, em 2019\" data-image-description=\"\" data-image-caption=\"\" data-medium-file=\"https:\/\/www.paudalho.pe.gov.br\/portal\/wp-content\/uploads\/2019\/06\/91dd9edf-56a9-411a-839b-761e55853230-350x230.jpg\" data-large-file=\"https:\/\/www.paudalho.pe.gov.br\/portal\/wp-content\/uploads\/2019\/06\/91dd9edf-56a9-411a-839b-761e55853230-800x450.jpg\" src=\"https:\/\/www.paudalho.pe.gov.br\/portal\/wp-content\/uploads\/2019\/06\/91dd9edf-56a9-411a-839b-761e55853230-800x450.jpg\" alt=\"\" class=\"wp-image-7328\"\/><figcaption><em>Al\u00e9m de shows musicais, a programa\u00e7\u00e3o do S\u00e3o Jo\u00e3o Virtual 2021 tamb\u00e9m contar\u00e1 com apresenta\u00e7\u00f5es das tradicionais quadrilhas juninas do Paudalho. Foto: Josu\u00e9 J\u00fanior\/PMP.<\/em><\/figcaption><\/figure>\n\n\n\n<h3 class=\"wp-block-heading\"><strong>Confira abaixo a programa\u00e7\u00e3o completa:  <\/strong><\/h3>\n\n\n\n<p><strong>Quarta-feira, 23 de junho<\/strong><\/p>\n\n\n\n<p>Amanh\u00e3 (23), o p\u00fablico poder\u00e1 prestigiar o Coletivo Banco Encantado, o grupo Forr\u00f3 da Babilaka e o artista Biu Sanfoneiro. A partir das 19h, ser\u00e1 a vez dos espet\u00e1culos das tradicionais Quadrilha Junina na Emenda Infantil, Quadrilha Junina Balanc\u00ea e Quadrilha Junina Rosa dos Ventos.<\/p>\n\n\n\n<p><strong>Quinta-feira, 24 de junho<\/strong><\/p>\n\n\n\n<p>A quinta-feira (24) ser\u00e1 iniciada com uma apresenta\u00e7\u00e3o rica em cultura popular, o Coco de Il\u00fa. Logo ap\u00f3s ser\u00e1 a vez de Thomaz Playboyzinho. Rosimar Lima e banda tamb\u00e9m animar\u00e3o a noite e, para finalizar, ganham a cena os cantores Fagner Dias e Amandinha. A Quadrilha Junina Infantil Meu Nome \u00c9 chega \u00e0s 19h, em seguida, o p\u00fablico prestigiar\u00e1 a Quadrilha Junina Fogo no P\u00e9 e, \u00e0s 19h40, a Quadrilha Junina Forr\u00f3 Bai\u00e3o Nordestino.<\/p>\n\n\n\n<p><strong>Sexta-feira, 25 de junho<\/strong><\/p>\n\n\n\n<p>No \u00faltimo dia da festividade, sexta-feira (25), a noite ser\u00e1 embalada pelas apresenta\u00e7\u00f5es de Zeca Cirandeiro, da cantora Lili Mariscares e sua banda, de Ninho Pernambucano e Ricardinho do Forr\u00f3. O espet\u00e1culo n\u00e3o para por a\u00ed, para animar a crian\u00e7ada, a Quadrilha Junina Infantil Ra\u00edzes de Paudalho se apresentar\u00e1 \u00e0s 19h. Logo ap\u00f3s, conquistam  espa\u00e7o no palco virtual a Quadrilha Junina Mastruz com Leite e, em seguida, a Quadrilha Junina Na Emenda Show.<\/p>\n","protected":false},"excerpt":{"rendered":"<p>Com o objetivo de preservar a tradi\u00e7\u00e3o dos festejos juninos, a Prefeitura do Paudalho, por meio da Secretaria Municipal de Cultura, Turismo, Esporte, Juventude e Lazer, iniciar\u00e1 amanh\u00e3 (23) o seu S\u00e3o Jo\u00e3o Virtual 2021. Devido \u00e0s restri\u00e7\u00f5es das festas presenciais, o evento ser\u00e1 realizado de forma remota e transmitido nos canais de comunica\u00e7\u00e3o da [&hellip;]<\/p>\n","protected":false},"author":6,"featured_media":7331,"comment_status":"open","ping_status":"open","sticky":false,"template":"","format":"standard","meta":{"_jetpack_newsletter_access":"","_jetpack_dont_email_post_to_subs":false,"_jetpack_newsletter_tier_id":0,"_jetpack_memberships_contains_paywalled_content":false,"_jetpack_memberships_contains_paid_content":false,"footnotes":""},"categories":[6,2,1,749],"tags":[22,761,196],"class_list":["post-15791","post","type-post","status-publish","format-standard","has-post-thumbnail","hentry","category-cultura","category-destaque","category-noticias","category-sao-joao","tag-prefeitura-do-paudalho","tag-sao-joao-virtual-2021","tag-secretaria-de-cultura"],"jetpack_featured_media_url":"https:\/\/www.paudalho.pe.gov.br\/portal\/wp-content\/uploads\/2019\/06\/3094d2a5-7e69-4f9b-ba08-fe6f8731a1a0.jpg","jetpack_sharing_enabled":true,"jetpack_shortlink":"https:\/\/wp.me\/p98mS2-46H","_links":{"self":[{"href":"https:\/\/www.paudalho.pe.gov.br\/portal\/wp-json\/wp\/v2\/posts\/15791","targetHints":{"allow":["GET"]}}],"collection":[{"href":"https:\/\/www.paudalho.pe.gov.br\/portal\/wp-json\/wp\/v2\/posts"}],"about":[{"href":"https:\/\/www.paudalho.pe.gov.br\/portal\/wp-json\/wp\/v2\/types\/post"}],"author":[{"embeddable":true,"href":"https:\/\/www.paudalho.pe.gov.br\/portal\/wp-json\/wp\/v2\/users\/6"}],"replies":[{"embeddable":true,"href":"https:\/\/www.paudalho.pe.gov.br\/portal\/wp-json\/wp\/v2\/comments?post=15791"}],"version-history":[{"count":19,"href":"https:\/\/www.paudalho.pe.gov.br\/portal\/wp-json\/wp\/v2\/posts\/15791\/revisions"}],"predecessor-version":[{"id":15860,"href":"https:\/\/www.paudalho.pe.gov.br\/portal\/wp-json\/wp\/v2\/posts\/15791\/revisions\/15860"}],"wp:featuredmedia":[{"embeddable":true,"href":"https:\/\/www.paudalho.pe.gov.br\/portal\/wp-json\/wp\/v2\/media\/7331"}],"wp:attachment":[{"href":"https:\/\/www.paudalho.pe.gov.br\/portal\/wp-json\/wp\/v2\/media?parent=15791"}],"wp:term":[{"taxonomy":"category","embeddable":true,"href":"https:\/\/www.paudalho.pe.gov.br\/portal\/wp-json\/wp\/v2\/categories?post=15791"},{"taxonomy":"post_tag","embeddable":true,"href":"https:\/\/www.paudalho.pe.gov.br\/portal\/wp-json\/wp\/v2\/tags?post=15791"}],"curies":[{"name":"wp","href":"https:\/\/api.w.org\/{rel}","templated":true}]}}