{"id":15780,"date":"2021-06-23T15:12:24","date_gmt":"2021-06-23T18:12:24","guid":{"rendered":"https:\/\/www.paudalho.pe.gov.br\/portal\/?p=15780"},"modified":"2025-01-08T00:39:43","modified_gmt":"2025-01-08T03:39:43","slug":"prefeitura-do-paudalho-inaugura-castramovel-para-castracoes-de-caes-e-gatos-do-municipio","status":"publish","type":"post","link":"https:\/\/www.paudalho.pe.gov.br\/portal\/prefeitura-do-paudalho-inaugura-castramovel-para-castracoes-de-caes-e-gatos-do-municipio\/","title":{"rendered":"Prefeitura do Paudalho inaugura Castram\u00f3vel para castra\u00e7\u00f5es de c\u00e3es e gatos do munic\u00edpio"},"content":{"rendered":"\n<p>A Prefeitura do Paudalho, atrav\u00e9s da Secretaria Municipal de Sa\u00fade, realizou ontem (22) a inaugura\u00e7\u00e3o do Castram\u00f3vel, ve\u00edculo que ser\u00e1 utilizado para proporcionar cirurgias de castra\u00e7\u00e3o gratuitas em c\u00e3es e gatos do munic\u00edpio. O equipamento funcionar\u00e1 como um ponto itinerante de castra\u00e7\u00e3o e percorrer\u00e1 tanto a \u00e1rea urbana da cidade como a rural. Com essa nova aquisi\u00e7\u00e3o, cerca de 50 c\u00e3es e gatos, f\u00eameas ou machos, poder\u00e3o ser atendidos em um \u00fanico dia.  <\/p>\n\n\n\n<p>Al\u00e9m da diminui\u00e7\u00e3o na taxa de animais abandonados, a cirurgia de castra\u00e7\u00e3o pode prevenir doen\u00e7as nos pets. O m\u00e9dico veterin\u00e1rio F\u00e9lix Alves explica: &#8220;O benef\u00edcio da castra\u00e7\u00e3o nos animais \u00e9 na quest\u00e3o do controle de zoonoses, de enfermidades. O procedimento diminui o risco de doen\u00e7as, tumores de mama, e traz mais qualidade de vida para os pets&#8221;. O m\u00e9dico ainda destacou a iniciativa in\u00e9dita, &#8220;Na regi\u00e3o, apenas Paudalho tem esse servi\u00e7o e serve de exemplo para que outros munic\u00edpios fa\u00e7am a ades\u00e3o tamb\u00e9m.&#8221;<\/p>\n\n\n\n<figure class=\"wp-block-gallery columns-2 is-cropped wp-block-gallery-1 is-layout-flex wp-block-gallery-is-layout-flex\"><ul class=\"blocks-gallery-grid\"><li class=\"blocks-gallery-item\"><figure><img loading=\"lazy\" decoding=\"async\" width=\"800\" height=\"450\" data-attachment-id=\"15840\" data-permalink=\"https:\/\/www.paudalho.pe.gov.br\/portal\/prefeitura-do-paudalho-inaugura-castramovel-para-castracoes-de-caes-e-gatos-do-municipio\/photo5084959825418365398\/\" data-orig-file=\"https:\/\/www.paudalho.pe.gov.br\/portal\/wp-content\/uploads\/2021\/06\/photo5084959825418365398.jpg\" data-orig-size=\"1280,853\" data-comments-opened=\"1\" data-image-meta=\"{&quot;aperture&quot;:&quot;0&quot;,&quot;credit&quot;:&quot;&quot;,&quot;camera&quot;:&quot;&quot;,&quot;caption&quot;:&quot;&quot;,&quot;created_timestamp&quot;:&quot;0&quot;,&quot;copyright&quot;:&quot;&quot;,&quot;focal_length&quot;:&quot;0&quot;,&quot;iso&quot;:&quot;0&quot;,&quot;shutter_speed&quot;:&quot;0&quot;,&quot;title&quot;:&quot;&quot;,&quot;orientation&quot;:&quot;0&quot;}\" data-image-title=\"photo5084959825418365398\" data-image-description=\"\" data-image-caption=\"&lt;p&gt;Foto: Josu\u00e9 J\u00fanior\/PMP.&lt;\/p&gt;\n\" data-medium-file=\"https:\/\/www.paudalho.pe.gov.br\/portal\/wp-content\/uploads\/2021\/06\/photo5084959825418365398-350x230.jpg\" data-large-file=\"https:\/\/www.paudalho.pe.gov.br\/portal\/wp-content\/uploads\/2021\/06\/photo5084959825418365398-800x450.jpg\" src=\"https:\/\/www.paudalho.pe.gov.br\/portal\/wp-content\/uploads\/2021\/06\/photo5084959825418365398-800x450.jpg\" alt=\"\" data-id=\"15840\" data-full-url=\"https:\/\/www.paudalho.pe.gov.br\/portal\/wp-content\/uploads\/2021\/06\/photo5084959825418365398.jpg\" data-link=\"https:\/\/www.paudalho.pe.gov.br\/portal\/?attachment_id=15840\" class=\"wp-image-15840\"\/><figcaption class=\"blocks-gallery-item__caption\"><em>Foto: Josu\u00e9 J\u00fanior\/PMP.<\/em><\/figcaption><\/figure><\/li><li class=\"blocks-gallery-item\"><figure><img loading=\"lazy\" decoding=\"async\" width=\"800\" height=\"450\" data-attachment-id=\"15841\" data-permalink=\"https:\/\/www.paudalho.pe.gov.br\/portal\/prefeitura-do-paudalho-inaugura-castramovel-para-castracoes-de-caes-e-gatos-do-municipio\/photo5084959825418365391\/\" data-orig-file=\"https:\/\/www.paudalho.pe.gov.br\/portal\/wp-content\/uploads\/2021\/06\/photo5084959825418365391.jpg\" data-orig-size=\"1280,853\" data-comments-opened=\"1\" data-image-meta=\"{&quot;aperture&quot;:&quot;0&quot;,&quot;credit&quot;:&quot;&quot;,&quot;camera&quot;:&quot;&quot;,&quot;caption&quot;:&quot;&quot;,&quot;created_timestamp&quot;:&quot;0&quot;,&quot;copyright&quot;:&quot;&quot;,&quot;focal_length&quot;:&quot;0&quot;,&quot;iso&quot;:&quot;0&quot;,&quot;shutter_speed&quot;:&quot;0&quot;,&quot;title&quot;:&quot;&quot;,&quot;orientation&quot;:&quot;0&quot;}\" data-image-title=\"photo5084959825418365391\" data-image-description=\"\" data-image-caption=\"&lt;p&gt;Foto: Josu\u00e9 J\u00fanior\/PMP.&lt;\/p&gt;\n\" data-medium-file=\"https:\/\/www.paudalho.pe.gov.br\/portal\/wp-content\/uploads\/2021\/06\/photo5084959825418365391-350x230.jpg\" data-large-file=\"https:\/\/www.paudalho.pe.gov.br\/portal\/wp-content\/uploads\/2021\/06\/photo5084959825418365391-800x450.jpg\" src=\"https:\/\/www.paudalho.pe.gov.br\/portal\/wp-content\/uploads\/2021\/06\/photo5084959825418365391-800x450.jpg\" alt=\"\" data-id=\"15841\" data-full-url=\"https:\/\/www.paudalho.pe.gov.br\/portal\/wp-content\/uploads\/2021\/06\/photo5084959825418365391.jpg\" data-link=\"https:\/\/www.paudalho.pe.gov.br\/portal\/?attachment_id=15841\" class=\"wp-image-15841\"\/><figcaption class=\"blocks-gallery-item__caption\"><em>Foto: Josu\u00e9 J\u00fanior\/PMP.<\/em><\/figcaption><\/figure><\/li><\/ul><\/figure>\n\n\n\n<p>A ativista e membro da Associa\u00e7\u00e3o Pegadas de Anjo, K\u00e1tia Kaenedy, esteve presente na ocasi\u00e3o e destacou as vantagens para os animais e seus tutores. &#8220;(&#8230;) O animal uma vez castrado vai ter mais qualidade de vida, n\u00e3o vai ter fugas, n\u00e3o vai ter doen\u00e7as, n\u00e3o vai ser atropelado, ele n\u00e3o vai estar o tempo todo exposto em ruas&#8221;. A protetora ainda adicionou, &#8220;O Castram\u00f3vel vem para somar e eu acredito muito nesse trabalho de castra\u00e7\u00e3o em massa na cidade de Paudalho. Espero que as outras cidades tamb\u00e9m fa\u00e7am o mesmo seguindo o exemplo do munic\u00edpio.&#8221;<\/p>\n\n\n\n<p>A primeira parada do Castram\u00f3vel ocorreu no centro da cidade, pr\u00f3ximo as quadras esportivas do Parque Beira Rio. Hoje, dia 23 de junho, a a\u00e7\u00e3o seguiu para a comunidade de Rosarinho. Confira na tabela abaixo o cronograma de atendimentos da pr\u00f3xima semana:<\/p>\n\n\n\n<figure class=\"wp-block-table is-style-stripes\"><table><tbody><tr><td><strong>DIA<\/strong><\/td><td><strong>DATA<\/strong><\/td><td><strong>LOCAL<\/strong><\/td><\/tr><tr><td>Segunda-feira<\/td><td>28\/06<\/td><td>Alto Dois Irm\u00e3os, no posto<\/td><\/tr><tr><td>Ter\u00e7a-feira <\/td><td>29\/06<\/td><td>Ch\u00e3 de Cruz, na Escola Municipal Nossa Senhora F\u00e1tima<\/td><\/tr><tr><td>Quarta-feira <\/td><td>30\/06<\/td><td>Guadalajara<\/td><\/tr><tr><td>Quinta-feira <\/td><td>01\/07<\/td><td>Mussurepe<\/td><\/tr><tr><td>Sexta-feira <\/td><td>02\/07<\/td><td>Primavera<\/td><\/tr><\/tbody><\/table><\/figure>\n\n\n\n<figure class=\"wp-block-gallery columns-2 is-cropped wp-block-gallery-2 is-layout-flex wp-block-gallery-is-layout-flex\"><ul class=\"blocks-gallery-grid\"><li class=\"blocks-gallery-item\"><figure><img loading=\"lazy\" decoding=\"async\" width=\"800\" height=\"450\" data-attachment-id=\"15814\" data-permalink=\"https:\/\/www.paudalho.pe.gov.br\/portal\/prefeitura-do-paudalho-inaugura-castramovel-para-castracoes-de-caes-e-gatos-do-municipio\/img_20210623_064401_732\/\" data-orig-file=\"https:\/\/www.paudalho.pe.gov.br\/portal\/wp-content\/uploads\/2021\/06\/IMG_20210623_064401_732.jpg\" data-orig-size=\"1280,853\" data-comments-opened=\"1\" data-image-meta=\"{&quot;aperture&quot;:&quot;0&quot;,&quot;credit&quot;:&quot;&quot;,&quot;camera&quot;:&quot;&quot;,&quot;caption&quot;:&quot;&quot;,&quot;created_timestamp&quot;:&quot;0&quot;,&quot;copyright&quot;:&quot;&quot;,&quot;focal_length&quot;:&quot;0&quot;,&quot;iso&quot;:&quot;0&quot;,&quot;shutter_speed&quot;:&quot;0&quot;,&quot;title&quot;:&quot;&quot;,&quot;orientation&quot;:&quot;0&quot;}\" data-image-title=\"IMG_20210623_064401_732\" data-image-description=\"\" data-image-caption=\"\" data-medium-file=\"https:\/\/www.paudalho.pe.gov.br\/portal\/wp-content\/uploads\/2021\/06\/IMG_20210623_064401_732-350x230.jpg\" data-large-file=\"https:\/\/www.paudalho.pe.gov.br\/portal\/wp-content\/uploads\/2021\/06\/IMG_20210623_064401_732-800x450.jpg\" src=\"https:\/\/www.paudalho.pe.gov.br\/portal\/wp-content\/uploads\/2021\/06\/IMG_20210623_064401_732-800x450.jpg\" alt=\"\" data-id=\"15814\" data-full-url=\"https:\/\/www.paudalho.pe.gov.br\/portal\/wp-content\/uploads\/2021\/06\/IMG_20210623_064401_732.jpg\" data-link=\"https:\/\/www.paudalho.pe.gov.br\/portal\/?attachment_id=15814\" class=\"wp-image-15814\"\/><figcaption class=\"blocks-gallery-item__caption\"><em>Foto: Josu\u00e9 J\u00fanior\/PMP.<\/em><\/figcaption><\/figure><\/li><li class=\"blocks-gallery-item\"><figure><img loading=\"lazy\" decoding=\"async\" width=\"800\" height=\"450\" data-attachment-id=\"15830\" data-permalink=\"https:\/\/www.paudalho.pe.gov.br\/portal\/prefeitura-do-paudalho-inaugura-castramovel-para-castracoes-de-caes-e-gatos-do-municipio\/photo5084959825418365386\/\" data-orig-file=\"https:\/\/www.paudalho.pe.gov.br\/portal\/wp-content\/uploads\/2021\/06\/photo5084959825418365386.jpg\" data-orig-size=\"1280,853\" data-comments-opened=\"1\" data-image-meta=\"{&quot;aperture&quot;:&quot;0&quot;,&quot;credit&quot;:&quot;&quot;,&quot;camera&quot;:&quot;&quot;,&quot;caption&quot;:&quot;&quot;,&quot;created_timestamp&quot;:&quot;0&quot;,&quot;copyright&quot;:&quot;&quot;,&quot;focal_length&quot;:&quot;0&quot;,&quot;iso&quot;:&quot;0&quot;,&quot;shutter_speed&quot;:&quot;0&quot;,&quot;title&quot;:&quot;&quot;,&quot;orientation&quot;:&quot;0&quot;}\" data-image-title=\"photo5084959825418365386\" data-image-description=\"\" data-image-caption=\"\" data-medium-file=\"https:\/\/www.paudalho.pe.gov.br\/portal\/wp-content\/uploads\/2021\/06\/photo5084959825418365386-350x230.jpg\" data-large-file=\"https:\/\/www.paudalho.pe.gov.br\/portal\/wp-content\/uploads\/2021\/06\/photo5084959825418365386-800x450.jpg\" src=\"https:\/\/www.paudalho.pe.gov.br\/portal\/wp-content\/uploads\/2021\/06\/photo5084959825418365386-800x450.jpg\" alt=\"\" data-id=\"15830\" data-full-url=\"https:\/\/www.paudalho.pe.gov.br\/portal\/wp-content\/uploads\/2021\/06\/photo5084959825418365386.jpg\" data-link=\"https:\/\/www.paudalho.pe.gov.br\/portal\/?attachment_id=15830\" class=\"wp-image-15830\"\/><figcaption class=\"blocks-gallery-item__caption\"><em>Foto: Josu\u00e9 J\u00fanior\/PMP.<\/em><\/figcaption><\/figure><\/li><\/ul><\/figure>\n\n\n\n<h3 class=\"wp-block-heading\"><strong>Crit\u00e9rios para participa\u00e7\u00e3o<\/strong><\/h3>\n\n\n\n<p>Alguns crit\u00e9rios devem ser seguidos para que o animal passe pelo procedimento cir\u00fargico. Podem ser castrados c\u00e3es e gatos de ra\u00e7as indefinidas, entre 6 meses e 5 anos de idade, que tenham at\u00e9 20 kg. \u00c9 recomendado que os mesmos j\u00e1 tenham sido vermifugados e estejam com as vacinas em dia, por\u00e9m, caso n\u00e3o estejam, os donos ainda podem realizar o agendamento. Em um momento inicial, a prioridade para o atendimento ser\u00e1 de cuidadores com baixa renda, tutores que possuam muitos bichos, e protetores de animais.<\/p>\n\n\n\n<figure class=\"wp-block-image size-large\"><img loading=\"lazy\" decoding=\"async\" width=\"800\" height=\"450\" data-attachment-id=\"15813\" data-permalink=\"https:\/\/www.paudalho.pe.gov.br\/portal\/prefeitura-do-paudalho-inaugura-castramovel-para-castracoes-de-caes-e-gatos-do-municipio\/img_20210623_064246_994\/\" data-orig-file=\"https:\/\/www.paudalho.pe.gov.br\/portal\/wp-content\/uploads\/2021\/06\/IMG_20210623_064246_994.jpg\" data-orig-size=\"1280,853\" data-comments-opened=\"1\" data-image-meta=\"{&quot;aperture&quot;:&quot;0&quot;,&quot;credit&quot;:&quot;&quot;,&quot;camera&quot;:&quot;&quot;,&quot;caption&quot;:&quot;&quot;,&quot;created_timestamp&quot;:&quot;0&quot;,&quot;copyright&quot;:&quot;&quot;,&quot;focal_length&quot;:&quot;0&quot;,&quot;iso&quot;:&quot;0&quot;,&quot;shutter_speed&quot;:&quot;0&quot;,&quot;title&quot;:&quot;&quot;,&quot;orientation&quot;:&quot;0&quot;}\" data-image-title=\"IMG_20210623_064246_994\" data-image-description=\"\" data-image-caption=\"\" data-medium-file=\"https:\/\/www.paudalho.pe.gov.br\/portal\/wp-content\/uploads\/2021\/06\/IMG_20210623_064246_994-350x230.jpg\" data-large-file=\"https:\/\/www.paudalho.pe.gov.br\/portal\/wp-content\/uploads\/2021\/06\/IMG_20210623_064246_994-800x450.jpg\" src=\"https:\/\/www.paudalho.pe.gov.br\/portal\/wp-content\/uploads\/2021\/06\/IMG_20210623_064246_994-800x450.jpg\" alt=\"\" class=\"wp-image-15813\"\/><figcaption><em>Antes da cirurgia de castra\u00e7\u00e3o ser realizada \u00e9 necess\u00e1rio examinar a sa\u00fade do pet e conferir se o mesmo est\u00e1 apto a passar pelo procedimento. Foto: Josu\u00e9 J\u00fanior\/PMP.<\/em><\/figcaption><\/figure>\n\n\n\n<h3 class=\"wp-block-heading\"><strong>Como realizar o agendamento<\/strong><\/h3>\n\n\n\n<p>Para realizar o agendamento, o propriet\u00e1rio do animal deve procurar o Centro de Zoonoses, localizado na comunidade Alto Dois Irm\u00e3os, ou entrar em contato com um agente comunit\u00e1rio de sa\u00fade (ACS) da Unidade B\u00e1sica de Sa\u00fade (UBS) mais pr\u00f3xima. Tamb\u00e9m \u00e9 poss\u00edvel agendar o atendimento atrav\u00e9s do telefone <strong>(81) 9 9988-3931<\/strong>. <\/p>\n\n\n\n<p>De acordo com o planejamento da Secretaria Municipal de Sa\u00fade, a partir da pr\u00f3xima semana o agendamento tamb\u00e9m poder\u00e1 ser realizado atrav\u00e9s de um formul\u00e1rio on-line no portal eletr\u00f4nico da Prefeitura do Paudalho. <\/p>\n\n\n\n<p><strong>Confira mais fotografias da a\u00e7\u00e3o na galeria abaixo:<\/strong><\/p>\n\n\n\n<figure class=\"wp-block-gallery columns-3 is-cropped wp-block-gallery-3 is-layout-flex wp-block-gallery-is-layout-flex\"><ul class=\"blocks-gallery-grid\"><li class=\"blocks-gallery-item\"><figure><img loading=\"lazy\" decoding=\"async\" width=\"800\" height=\"450\" data-attachment-id=\"15829\" data-permalink=\"https:\/\/www.paudalho.pe.gov.br\/portal\/prefeitura-do-paudalho-inaugura-castramovel-para-castracoes-de-caes-e-gatos-do-municipio\/photo5084959825418365390\/\" data-orig-file=\"https:\/\/www.paudalho.pe.gov.br\/portal\/wp-content\/uploads\/2021\/06\/photo5084959825418365390.jpg\" data-orig-size=\"1280,853\" data-comments-opened=\"1\" data-image-meta=\"{&quot;aperture&quot;:&quot;0&quot;,&quot;credit&quot;:&quot;&quot;,&quot;camera&quot;:&quot;&quot;,&quot;caption&quot;:&quot;&quot;,&quot;created_timestamp&quot;:&quot;0&quot;,&quot;copyright&quot;:&quot;&quot;,&quot;focal_length&quot;:&quot;0&quot;,&quot;iso&quot;:&quot;0&quot;,&quot;shutter_speed&quot;:&quot;0&quot;,&quot;title&quot;:&quot;&quot;,&quot;orientation&quot;:&quot;0&quot;}\" data-image-title=\"photo5084959825418365390\" data-image-description=\"\" data-image-caption=\"\" data-medium-file=\"https:\/\/www.paudalho.pe.gov.br\/portal\/wp-content\/uploads\/2021\/06\/photo5084959825418365390-350x230.jpg\" data-large-file=\"https:\/\/www.paudalho.pe.gov.br\/portal\/wp-content\/uploads\/2021\/06\/photo5084959825418365390-800x450.jpg\" src=\"https:\/\/www.paudalho.pe.gov.br\/portal\/wp-content\/uploads\/2021\/06\/photo5084959825418365390-800x450.jpg\" alt=\"\" data-id=\"15829\" data-full-url=\"https:\/\/www.paudalho.pe.gov.br\/portal\/wp-content\/uploads\/2021\/06\/photo5084959825418365390.jpg\" data-link=\"https:\/\/www.paudalho.pe.gov.br\/portal\/?attachment_id=15829\" class=\"wp-image-15829\"\/><figcaption class=\"blocks-gallery-item__caption\"><em>Foto: Josu\u00e9 J\u00fanior\/PMP.<\/em><\/figcaption><\/figure><\/li><li class=\"blocks-gallery-item\"><figure><img loading=\"lazy\" decoding=\"async\" width=\"800\" height=\"450\" data-attachment-id=\"15832\" data-permalink=\"https:\/\/www.paudalho.pe.gov.br\/portal\/prefeitura-do-paudalho-inaugura-castramovel-para-castracoes-de-caes-e-gatos-do-municipio\/photo5084959825418365383\/\" data-orig-file=\"https:\/\/www.paudalho.pe.gov.br\/portal\/wp-content\/uploads\/2021\/06\/photo5084959825418365383.jpg\" data-orig-size=\"1280,853\" data-comments-opened=\"1\" data-image-meta=\"{&quot;aperture&quot;:&quot;0&quot;,&quot;credit&quot;:&quot;&quot;,&quot;camera&quot;:&quot;&quot;,&quot;caption&quot;:&quot;&quot;,&quot;created_timestamp&quot;:&quot;0&quot;,&quot;copyright&quot;:&quot;&quot;,&quot;focal_length&quot;:&quot;0&quot;,&quot;iso&quot;:&quot;0&quot;,&quot;shutter_speed&quot;:&quot;0&quot;,&quot;title&quot;:&quot;&quot;,&quot;orientation&quot;:&quot;0&quot;}\" data-image-title=\"photo5084959825418365383\" data-image-description=\"\" data-image-caption=\"\" data-medium-file=\"https:\/\/www.paudalho.pe.gov.br\/portal\/wp-content\/uploads\/2021\/06\/photo5084959825418365383-350x230.jpg\" data-large-file=\"https:\/\/www.paudalho.pe.gov.br\/portal\/wp-content\/uploads\/2021\/06\/photo5084959825418365383-800x450.jpg\" src=\"https:\/\/www.paudalho.pe.gov.br\/portal\/wp-content\/uploads\/2021\/06\/photo5084959825418365383-800x450.jpg\" alt=\"\" data-id=\"15832\" data-full-url=\"https:\/\/www.paudalho.pe.gov.br\/portal\/wp-content\/uploads\/2021\/06\/photo5084959825418365383.jpg\" data-link=\"https:\/\/www.paudalho.pe.gov.br\/portal\/?attachment_id=15832\" class=\"wp-image-15832\"\/><figcaption class=\"blocks-gallery-item__caption\"><em>Foto: Josu\u00e9 J\u00fanior\/PMP.<\/em><\/figcaption><\/figure><\/li><li class=\"blocks-gallery-item\"><figure><img loading=\"lazy\" decoding=\"async\" width=\"800\" height=\"450\" data-attachment-id=\"15842\" data-permalink=\"https:\/\/www.paudalho.pe.gov.br\/portal\/prefeitura-do-paudalho-inaugura-castramovel-para-castracoes-de-caes-e-gatos-do-municipio\/photo5084959825418365392\/\" data-orig-file=\"https:\/\/www.paudalho.pe.gov.br\/portal\/wp-content\/uploads\/2021\/06\/photo5084959825418365392.jpg\" data-orig-size=\"1280,853\" data-comments-opened=\"1\" data-image-meta=\"{&quot;aperture&quot;:&quot;0&quot;,&quot;credit&quot;:&quot;&quot;,&quot;camera&quot;:&quot;&quot;,&quot;caption&quot;:&quot;&quot;,&quot;created_timestamp&quot;:&quot;0&quot;,&quot;copyright&quot;:&quot;&quot;,&quot;focal_length&quot;:&quot;0&quot;,&quot;iso&quot;:&quot;0&quot;,&quot;shutter_speed&quot;:&quot;0&quot;,&quot;title&quot;:&quot;&quot;,&quot;orientation&quot;:&quot;0&quot;}\" data-image-title=\"photo5084959825418365392\" data-image-description=\"\" data-image-caption=\"\" data-medium-file=\"https:\/\/www.paudalho.pe.gov.br\/portal\/wp-content\/uploads\/2021\/06\/photo5084959825418365392-350x230.jpg\" data-large-file=\"https:\/\/www.paudalho.pe.gov.br\/portal\/wp-content\/uploads\/2021\/06\/photo5084959825418365392-800x450.jpg\" src=\"https:\/\/www.paudalho.pe.gov.br\/portal\/wp-content\/uploads\/2021\/06\/photo5084959825418365392-800x450.jpg\" alt=\"\" data-id=\"15842\" data-full-url=\"https:\/\/www.paudalho.pe.gov.br\/portal\/wp-content\/uploads\/2021\/06\/photo5084959825418365392.jpg\" data-link=\"https:\/\/www.paudalho.pe.gov.br\/portal\/?attachment_id=15842\" class=\"wp-image-15842\"\/><figcaption class=\"blocks-gallery-item__caption\"><em>Foto: Josu\u00e9 J\u00fanior\/PMP.<\/em><\/figcaption><\/figure><\/li><li class=\"blocks-gallery-item\"><figure><img loading=\"lazy\" decoding=\"async\" width=\"800\" height=\"450\" data-attachment-id=\"15843\" data-permalink=\"https:\/\/www.paudalho.pe.gov.br\/portal\/prefeitura-do-paudalho-inaugura-castramovel-para-castracoes-de-caes-e-gatos-do-municipio\/photo5084959825418365410\/\" data-orig-file=\"https:\/\/www.paudalho.pe.gov.br\/portal\/wp-content\/uploads\/2021\/06\/photo5084959825418365410.jpg\" data-orig-size=\"1280,853\" data-comments-opened=\"1\" data-image-meta=\"{&quot;aperture&quot;:&quot;0&quot;,&quot;credit&quot;:&quot;&quot;,&quot;camera&quot;:&quot;&quot;,&quot;caption&quot;:&quot;&quot;,&quot;created_timestamp&quot;:&quot;0&quot;,&quot;copyright&quot;:&quot;&quot;,&quot;focal_length&quot;:&quot;0&quot;,&quot;iso&quot;:&quot;0&quot;,&quot;shutter_speed&quot;:&quot;0&quot;,&quot;title&quot;:&quot;&quot;,&quot;orientation&quot;:&quot;0&quot;}\" data-image-title=\"photo5084959825418365410\" data-image-description=\"\" data-image-caption=\"\" data-medium-file=\"https:\/\/www.paudalho.pe.gov.br\/portal\/wp-content\/uploads\/2021\/06\/photo5084959825418365410-350x230.jpg\" data-large-file=\"https:\/\/www.paudalho.pe.gov.br\/portal\/wp-content\/uploads\/2021\/06\/photo5084959825418365410-800x450.jpg\" src=\"https:\/\/www.paudalho.pe.gov.br\/portal\/wp-content\/uploads\/2021\/06\/photo5084959825418365410-800x450.jpg\" alt=\"\" data-id=\"15843\" data-full-url=\"https:\/\/www.paudalho.pe.gov.br\/portal\/wp-content\/uploads\/2021\/06\/photo5084959825418365410.jpg\" data-link=\"https:\/\/www.paudalho.pe.gov.br\/portal\/?attachment_id=15843\" class=\"wp-image-15843\"\/><figcaption class=\"blocks-gallery-item__caption\"><em>Foto: Josu\u00e9 J\u00fanior\/PMP.<\/em><\/figcaption><\/figure><\/li><li class=\"blocks-gallery-item\"><figure><img loading=\"lazy\" decoding=\"async\" width=\"800\" height=\"450\" data-attachment-id=\"15833\" data-permalink=\"https:\/\/www.paudalho.pe.gov.br\/portal\/prefeitura-do-paudalho-inaugura-castramovel-para-castracoes-de-caes-e-gatos-do-municipio\/photo5084959825418365408\/\" data-orig-file=\"https:\/\/www.paudalho.pe.gov.br\/portal\/wp-content\/uploads\/2021\/06\/photo5084959825418365408.jpg\" data-orig-size=\"1280,853\" data-comments-opened=\"1\" data-image-meta=\"{&quot;aperture&quot;:&quot;0&quot;,&quot;credit&quot;:&quot;&quot;,&quot;camera&quot;:&quot;&quot;,&quot;caption&quot;:&quot;&quot;,&quot;created_timestamp&quot;:&quot;0&quot;,&quot;copyright&quot;:&quot;&quot;,&quot;focal_length&quot;:&quot;0&quot;,&quot;iso&quot;:&quot;0&quot;,&quot;shutter_speed&quot;:&quot;0&quot;,&quot;title&quot;:&quot;&quot;,&quot;orientation&quot;:&quot;0&quot;}\" data-image-title=\"photo5084959825418365408\" data-image-description=\"\" data-image-caption=\"\" data-medium-file=\"https:\/\/www.paudalho.pe.gov.br\/portal\/wp-content\/uploads\/2021\/06\/photo5084959825418365408-350x230.jpg\" data-large-file=\"https:\/\/www.paudalho.pe.gov.br\/portal\/wp-content\/uploads\/2021\/06\/photo5084959825418365408-800x450.jpg\" src=\"https:\/\/www.paudalho.pe.gov.br\/portal\/wp-content\/uploads\/2021\/06\/photo5084959825418365408-800x450.jpg\" alt=\"\" data-id=\"15833\" data-full-url=\"https:\/\/www.paudalho.pe.gov.br\/portal\/wp-content\/uploads\/2021\/06\/photo5084959825418365408.jpg\" data-link=\"https:\/\/www.paudalho.pe.gov.br\/portal\/?attachment_id=15833\" class=\"wp-image-15833\"\/><figcaption class=\"blocks-gallery-item__caption\"><em>Foto: Josu\u00e9 J\u00fanior\/PMP.<\/em><\/figcaption><\/figure><\/li><li class=\"blocks-gallery-item\"><figure><img loading=\"lazy\" decoding=\"async\" width=\"800\" height=\"450\" data-attachment-id=\"15826\" data-permalink=\"https:\/\/www.paudalho.pe.gov.br\/portal\/prefeitura-do-paudalho-inaugura-castramovel-para-castracoes-de-caes-e-gatos-do-municipio\/photo5084959825418365389\/\" data-orig-file=\"https:\/\/www.paudalho.pe.gov.br\/portal\/wp-content\/uploads\/2021\/06\/photo5084959825418365389.jpg\" data-orig-size=\"1280,853\" data-comments-opened=\"1\" data-image-meta=\"{&quot;aperture&quot;:&quot;0&quot;,&quot;credit&quot;:&quot;&quot;,&quot;camera&quot;:&quot;&quot;,&quot;caption&quot;:&quot;&quot;,&quot;created_timestamp&quot;:&quot;0&quot;,&quot;copyright&quot;:&quot;&quot;,&quot;focal_length&quot;:&quot;0&quot;,&quot;iso&quot;:&quot;0&quot;,&quot;shutter_speed&quot;:&quot;0&quot;,&quot;title&quot;:&quot;&quot;,&quot;orientation&quot;:&quot;0&quot;}\" data-image-title=\"photo5084959825418365389\" data-image-description=\"\" data-image-caption=\"\" data-medium-file=\"https:\/\/www.paudalho.pe.gov.br\/portal\/wp-content\/uploads\/2021\/06\/photo5084959825418365389-350x230.jpg\" data-large-file=\"https:\/\/www.paudalho.pe.gov.br\/portal\/wp-content\/uploads\/2021\/06\/photo5084959825418365389-800x450.jpg\" src=\"https:\/\/www.paudalho.pe.gov.br\/portal\/wp-content\/uploads\/2021\/06\/photo5084959825418365389-800x450.jpg\" alt=\"\" data-id=\"15826\" data-full-url=\"https:\/\/www.paudalho.pe.gov.br\/portal\/wp-content\/uploads\/2021\/06\/photo5084959825418365389.jpg\" data-link=\"https:\/\/www.paudalho.pe.gov.br\/portal\/?attachment_id=15826\" class=\"wp-image-15826\"\/><figcaption class=\"blocks-gallery-item__caption\"><em>Foto: Josu\u00e9 J\u00fanior\/PMP.<\/em><\/figcaption><\/figure><\/li><li class=\"blocks-gallery-item\"><figure><img loading=\"lazy\" decoding=\"async\" width=\"800\" height=\"450\" data-attachment-id=\"15828\" data-permalink=\"https:\/\/www.paudalho.pe.gov.br\/portal\/prefeitura-do-paudalho-inaugura-castramovel-para-castracoes-de-caes-e-gatos-do-municipio\/photo5084959825418365393\/\" data-orig-file=\"https:\/\/www.paudalho.pe.gov.br\/portal\/wp-content\/uploads\/2021\/06\/photo5084959825418365393.jpg\" data-orig-size=\"1280,853\" data-comments-opened=\"1\" data-image-meta=\"{&quot;aperture&quot;:&quot;0&quot;,&quot;credit&quot;:&quot;&quot;,&quot;camera&quot;:&quot;&quot;,&quot;caption&quot;:&quot;&quot;,&quot;created_timestamp&quot;:&quot;0&quot;,&quot;copyright&quot;:&quot;&quot;,&quot;focal_length&quot;:&quot;0&quot;,&quot;iso&quot;:&quot;0&quot;,&quot;shutter_speed&quot;:&quot;0&quot;,&quot;title&quot;:&quot;&quot;,&quot;orientation&quot;:&quot;0&quot;}\" data-image-title=\"photo5084959825418365393\" data-image-description=\"\" data-image-caption=\"\" data-medium-file=\"https:\/\/www.paudalho.pe.gov.br\/portal\/wp-content\/uploads\/2021\/06\/photo5084959825418365393-350x230.jpg\" data-large-file=\"https:\/\/www.paudalho.pe.gov.br\/portal\/wp-content\/uploads\/2021\/06\/photo5084959825418365393-800x450.jpg\" src=\"https:\/\/www.paudalho.pe.gov.br\/portal\/wp-content\/uploads\/2021\/06\/photo5084959825418365393-800x450.jpg\" alt=\"\" data-id=\"15828\" data-full-url=\"https:\/\/www.paudalho.pe.gov.br\/portal\/wp-content\/uploads\/2021\/06\/photo5084959825418365393.jpg\" data-link=\"https:\/\/www.paudalho.pe.gov.br\/portal\/?attachment_id=15828\" class=\"wp-image-15828\"\/><figcaption class=\"blocks-gallery-item__caption\"><em>Foto: Josu\u00e9 J\u00fanior\/PMP.<\/em><\/figcaption><\/figure><\/li><li class=\"blocks-gallery-item\"><figure><img loading=\"lazy\" decoding=\"async\" width=\"800\" height=\"450\" data-attachment-id=\"15827\" data-permalink=\"https:\/\/www.paudalho.pe.gov.br\/portal\/prefeitura-do-paudalho-inaugura-castramovel-para-castracoes-de-caes-e-gatos-do-municipio\/photo5084959825418365394\/\" data-orig-file=\"https:\/\/www.paudalho.pe.gov.br\/portal\/wp-content\/uploads\/2021\/06\/photo5084959825418365394.jpg\" data-orig-size=\"1280,853\" data-comments-opened=\"1\" data-image-meta=\"{&quot;aperture&quot;:&quot;0&quot;,&quot;credit&quot;:&quot;&quot;,&quot;camera&quot;:&quot;&quot;,&quot;caption&quot;:&quot;&quot;,&quot;created_timestamp&quot;:&quot;0&quot;,&quot;copyright&quot;:&quot;&quot;,&quot;focal_length&quot;:&quot;0&quot;,&quot;iso&quot;:&quot;0&quot;,&quot;shutter_speed&quot;:&quot;0&quot;,&quot;title&quot;:&quot;&quot;,&quot;orientation&quot;:&quot;0&quot;}\" data-image-title=\"photo5084959825418365394\" data-image-description=\"\" data-image-caption=\"\" data-medium-file=\"https:\/\/www.paudalho.pe.gov.br\/portal\/wp-content\/uploads\/2021\/06\/photo5084959825418365394-350x230.jpg\" data-large-file=\"https:\/\/www.paudalho.pe.gov.br\/portal\/wp-content\/uploads\/2021\/06\/photo5084959825418365394-800x450.jpg\" src=\"https:\/\/www.paudalho.pe.gov.br\/portal\/wp-content\/uploads\/2021\/06\/photo5084959825418365394-800x450.jpg\" alt=\"\" data-id=\"15827\" data-full-url=\"https:\/\/www.paudalho.pe.gov.br\/portal\/wp-content\/uploads\/2021\/06\/photo5084959825418365394.jpg\" data-link=\"https:\/\/www.paudalho.pe.gov.br\/portal\/?attachment_id=15827\" class=\"wp-image-15827\"\/><figcaption class=\"blocks-gallery-item__caption\"><em>Foto: Josu\u00e9 J\u00fanior\/PMP.<\/em><\/figcaption><\/figure><\/li><li class=\"blocks-gallery-item\"><figure><img loading=\"lazy\" decoding=\"async\" width=\"800\" height=\"450\" data-attachment-id=\"15831\" data-permalink=\"https:\/\/www.paudalho.pe.gov.br\/portal\/prefeitura-do-paudalho-inaugura-castramovel-para-castracoes-de-caes-e-gatos-do-municipio\/photo5084959825418365385\/\" data-orig-file=\"https:\/\/www.paudalho.pe.gov.br\/portal\/wp-content\/uploads\/2021\/06\/photo5084959825418365385.jpg\" data-orig-size=\"1280,853\" data-comments-opened=\"1\" data-image-meta=\"{&quot;aperture&quot;:&quot;0&quot;,&quot;credit&quot;:&quot;&quot;,&quot;camera&quot;:&quot;&quot;,&quot;caption&quot;:&quot;&quot;,&quot;created_timestamp&quot;:&quot;0&quot;,&quot;copyright&quot;:&quot;&quot;,&quot;focal_length&quot;:&quot;0&quot;,&quot;iso&quot;:&quot;0&quot;,&quot;shutter_speed&quot;:&quot;0&quot;,&quot;title&quot;:&quot;&quot;,&quot;orientation&quot;:&quot;0&quot;}\" data-image-title=\"photo5084959825418365385\" data-image-description=\"\" data-image-caption=\"\" data-medium-file=\"https:\/\/www.paudalho.pe.gov.br\/portal\/wp-content\/uploads\/2021\/06\/photo5084959825418365385-350x230.jpg\" data-large-file=\"https:\/\/www.paudalho.pe.gov.br\/portal\/wp-content\/uploads\/2021\/06\/photo5084959825418365385-800x450.jpg\" src=\"https:\/\/www.paudalho.pe.gov.br\/portal\/wp-content\/uploads\/2021\/06\/photo5084959825418365385-800x450.jpg\" alt=\"\" data-id=\"15831\" data-full-url=\"https:\/\/www.paudalho.pe.gov.br\/portal\/wp-content\/uploads\/2021\/06\/photo5084959825418365385.jpg\" data-link=\"https:\/\/www.paudalho.pe.gov.br\/portal\/?attachment_id=15831\" class=\"wp-image-15831\"\/><figcaption class=\"blocks-gallery-item__caption\"><em>Foto: Josu\u00e9 J\u00fanior\/PMP.<\/em><\/figcaption><\/figure><\/li><li class=\"blocks-gallery-item\"><figure><img loading=\"lazy\" decoding=\"async\" width=\"800\" height=\"450\" data-attachment-id=\"15838\" data-permalink=\"https:\/\/www.paudalho.pe.gov.br\/portal\/prefeitura-do-paudalho-inaugura-castramovel-para-castracoes-de-caes-e-gatos-do-municipio\/photo5084959825418365396\/\" data-orig-file=\"https:\/\/www.paudalho.pe.gov.br\/portal\/wp-content\/uploads\/2021\/06\/photo5084959825418365396.jpg\" data-orig-size=\"1280,853\" data-comments-opened=\"1\" data-image-meta=\"{&quot;aperture&quot;:&quot;0&quot;,&quot;credit&quot;:&quot;&quot;,&quot;camera&quot;:&quot;&quot;,&quot;caption&quot;:&quot;&quot;,&quot;created_timestamp&quot;:&quot;0&quot;,&quot;copyright&quot;:&quot;&quot;,&quot;focal_length&quot;:&quot;0&quot;,&quot;iso&quot;:&quot;0&quot;,&quot;shutter_speed&quot;:&quot;0&quot;,&quot;title&quot;:&quot;&quot;,&quot;orientation&quot;:&quot;0&quot;}\" data-image-title=\"photo5084959825418365396\" data-image-description=\"\" data-image-caption=\"\" data-medium-file=\"https:\/\/www.paudalho.pe.gov.br\/portal\/wp-content\/uploads\/2021\/06\/photo5084959825418365396-350x230.jpg\" data-large-file=\"https:\/\/www.paudalho.pe.gov.br\/portal\/wp-content\/uploads\/2021\/06\/photo5084959825418365396-800x450.jpg\" src=\"https:\/\/www.paudalho.pe.gov.br\/portal\/wp-content\/uploads\/2021\/06\/photo5084959825418365396-800x450.jpg\" alt=\"\" data-id=\"15838\" data-full-url=\"https:\/\/www.paudalho.pe.gov.br\/portal\/wp-content\/uploads\/2021\/06\/photo5084959825418365396.jpg\" data-link=\"https:\/\/www.paudalho.pe.gov.br\/portal\/?attachment_id=15838\" class=\"wp-image-15838\"\/><figcaption class=\"blocks-gallery-item__caption\"><em>Foto: Josu\u00e9 J\u00fanior\/PMP.<\/em><\/figcaption><\/figure><\/li><li class=\"blocks-gallery-item\"><figure><img loading=\"lazy\" decoding=\"async\" width=\"800\" height=\"450\" data-attachment-id=\"15839\" data-permalink=\"https:\/\/www.paudalho.pe.gov.br\/portal\/prefeitura-do-paudalho-inaugura-castramovel-para-castracoes-de-caes-e-gatos-do-municipio\/photo5084959825418365405\/\" data-orig-file=\"https:\/\/www.paudalho.pe.gov.br\/portal\/wp-content\/uploads\/2021\/06\/photo5084959825418365405.jpg\" data-orig-size=\"1280,853\" data-comments-opened=\"1\" data-image-meta=\"{&quot;aperture&quot;:&quot;0&quot;,&quot;credit&quot;:&quot;&quot;,&quot;camera&quot;:&quot;&quot;,&quot;caption&quot;:&quot;&quot;,&quot;created_timestamp&quot;:&quot;0&quot;,&quot;copyright&quot;:&quot;&quot;,&quot;focal_length&quot;:&quot;0&quot;,&quot;iso&quot;:&quot;0&quot;,&quot;shutter_speed&quot;:&quot;0&quot;,&quot;title&quot;:&quot;&quot;,&quot;orientation&quot;:&quot;0&quot;}\" data-image-title=\"photo5084959825418365405\" data-image-description=\"\" data-image-caption=\"\" data-medium-file=\"https:\/\/www.paudalho.pe.gov.br\/portal\/wp-content\/uploads\/2021\/06\/photo5084959825418365405-350x230.jpg\" data-large-file=\"https:\/\/www.paudalho.pe.gov.br\/portal\/wp-content\/uploads\/2021\/06\/photo5084959825418365405-800x450.jpg\" src=\"https:\/\/www.paudalho.pe.gov.br\/portal\/wp-content\/uploads\/2021\/06\/photo5084959825418365405-800x450.jpg\" alt=\"\" data-id=\"15839\" data-full-url=\"https:\/\/www.paudalho.pe.gov.br\/portal\/wp-content\/uploads\/2021\/06\/photo5084959825418365405.jpg\" data-link=\"https:\/\/www.paudalho.pe.gov.br\/portal\/?attachment_id=15839\" class=\"wp-image-15839\"\/><figcaption class=\"blocks-gallery-item__caption\"><em>Foto: Josu\u00e9 J\u00fanior\/PMP.<\/em><\/figcaption><\/figure><\/li><\/ul><\/figure>\n\n\n\n<p><\/p>\n","protected":false},"excerpt":{"rendered":"<p>A Prefeitura do Paudalho, atrav\u00e9s da Secretaria Municipal de Sa\u00fade, realizou ontem (22) a inaugura\u00e7\u00e3o do Castram\u00f3vel, ve\u00edculo que ser\u00e1 utilizado para proporcionar cirurgias de castra\u00e7\u00e3o gratuitas em c\u00e3es e gatos do munic\u00edpio. O equipamento funcionar\u00e1 como um ponto itinerante de castra\u00e7\u00e3o e percorrer\u00e1 tanto a \u00e1rea urbana da cidade como a rural. Com essa [&hellip;]<\/p>\n","protected":false},"author":6,"featured_media":15810,"comment_status":"open","ping_status":"open","sticky":false,"template":"","format":"standard","meta":{"_jetpack_newsletter_access":"","_jetpack_dont_email_post_to_subs":false,"_jetpack_newsletter_tier_id":0,"_jetpack_memberships_contains_paywalled_content":false,"_jetpack_memberships_contains_paid_content":false,"footnotes":""},"categories":[2,1,3],"tags":[760,22,168],"class_list":["post-15780","post","type-post","status-publish","format-standard","has-post-thumbnail","hentry","category-destaque","category-noticias","category-saude","tag-castramovel","tag-prefeitura-do-paudalho","tag-secretaria-de-saude"],"jetpack_featured_media_url":"https:\/\/www.paudalho.pe.gov.br\/portal\/wp-content\/uploads\/2021\/06\/IMG_20210623_064334_904.jpg","jetpack_sharing_enabled":true,"jetpack_shortlink":"https:\/\/wp.me\/p98mS2-46w","_links":{"self":[{"href":"https:\/\/www.paudalho.pe.gov.br\/portal\/wp-json\/wp\/v2\/posts\/15780","targetHints":{"allow":["GET"]}}],"collection":[{"href":"https:\/\/www.paudalho.pe.gov.br\/portal\/wp-json\/wp\/v2\/posts"}],"about":[{"href":"https:\/\/www.paudalho.pe.gov.br\/portal\/wp-json\/wp\/v2\/types\/post"}],"author":[{"embeddable":true,"href":"https:\/\/www.paudalho.pe.gov.br\/portal\/wp-json\/wp\/v2\/users\/6"}],"replies":[{"embeddable":true,"href":"https:\/\/www.paudalho.pe.gov.br\/portal\/wp-json\/wp\/v2\/comments?post=15780"}],"version-history":[{"count":30,"href":"https:\/\/www.paudalho.pe.gov.br\/portal\/wp-json\/wp\/v2\/posts\/15780\/revisions"}],"predecessor-version":[{"id":15857,"href":"https:\/\/www.paudalho.pe.gov.br\/portal\/wp-json\/wp\/v2\/posts\/15780\/revisions\/15857"}],"wp:featuredmedia":[{"embeddable":true,"href":"https:\/\/www.paudalho.pe.gov.br\/portal\/wp-json\/wp\/v2\/media\/15810"}],"wp:attachment":[{"href":"https:\/\/www.paudalho.pe.gov.br\/portal\/wp-json\/wp\/v2\/media?parent=15780"}],"wp:term":[{"taxonomy":"category","embeddable":true,"href":"https:\/\/www.paudalho.pe.gov.br\/portal\/wp-json\/wp\/v2\/categories?post=15780"},{"taxonomy":"post_tag","embeddable":true,"href":"https:\/\/www.paudalho.pe.gov.br\/portal\/wp-json\/wp\/v2\/tags?post=15780"}],"curies":[{"name":"wp","href":"https:\/\/api.w.org\/{rel}","templated":true}]}}