{"id":15718,"date":"2021-06-21T13:46:25","date_gmt":"2021-06-21T16:46:25","guid":{"rendered":"https:\/\/www.paudalho.pe.gov.br\/portal\/?p=15718"},"modified":"2025-01-08T00:39:43","modified_gmt":"2025-01-08T03:39:43","slug":"paudalho-proporciona-coleta-de-residuos-solidos-em-guadalajara-por-meio-da-acao-dia-do-descarte-consciente","status":"publish","type":"post","link":"https:\/\/www.paudalho.pe.gov.br\/portal\/paudalho-proporciona-coleta-de-residuos-solidos-em-guadalajara-por-meio-da-acao-dia-do-descarte-consciente\/","title":{"rendered":"Paudalho proporciona coleta de res\u00edduos s\u00f3lidos em Guadalajara por meio da a\u00e7\u00e3o Dia do Descarte Consciente"},"content":{"rendered":"\n<p>Cuidar do meio ambiente \u00e9 uma responsabilidade que todos devem assumir. Como forma de incentivar o descarte ambientalmente correto de res\u00edduos s\u00f3lidos dom\u00e9sticos, no \u00faltimo s\u00e1bado (19), a Prefeitura do Paudalho realizou  o Dia do Descarte Consciente na comunidade de Guadalajara. Com in\u00edcio \u00e0s 8h e t\u00e9rmino \u00e0s 16h, o encontro ocorreu em dois pontos do bairro, o Col\u00e9gio Municipal de Guadalajara (CMG) e a Escola Municipal Gilda Barbosa. <\/p>\n\n\n\n<p>Durante o evento foram coletados 1.279 kg de materiais recicl\u00e1veis e 294 unidades de pilhas e baterias. Entre os res\u00edduos s\u00f3lidos recolhidos estavam pl\u00e1stico, papel, papel\u00e3o, metais, alum\u00ednio, ferro, eletroeletr\u00f4nicos quebrados, m\u00f3veis danificados e \u00f3leo de cozinha. A Prefeitura ressalta que durante a ocasi\u00e3o todos os protocolos de preven\u00e7\u00e3o e seguran\u00e7a contra a Covid-19 foram seguidos, como o distanciamento social, o uso de m\u00e1scara e \u00e1lcool em gel.<\/p>\n\n\n\n<figure class=\"wp-block-gallery columns-2 is-cropped wp-block-gallery-1 is-layout-flex wp-block-gallery-is-layout-flex\"><ul class=\"blocks-gallery-grid\"><li class=\"blocks-gallery-item\"><figure><img loading=\"lazy\" decoding=\"async\" width=\"800\" height=\"450\" data-attachment-id=\"15732\" data-permalink=\"https:\/\/www.paudalho.pe.gov.br\/portal\/paudalho-proporciona-coleta-de-residuos-solidos-em-guadalajara-por-meio-da-acao-dia-do-descarte-consciente\/whatsapp-image-2021-06-19-at-16-55-27\/\" data-orig-file=\"https:\/\/www.paudalho.pe.gov.br\/portal\/wp-content\/uploads\/2021\/06\/WhatsApp-Image-2021-06-19-at-16.55.27.jpeg\" data-orig-size=\"1280,960\" data-comments-opened=\"1\" data-image-meta=\"{&quot;aperture&quot;:&quot;0&quot;,&quot;credit&quot;:&quot;&quot;,&quot;camera&quot;:&quot;&quot;,&quot;caption&quot;:&quot;&quot;,&quot;created_timestamp&quot;:&quot;0&quot;,&quot;copyright&quot;:&quot;&quot;,&quot;focal_length&quot;:&quot;0&quot;,&quot;iso&quot;:&quot;0&quot;,&quot;shutter_speed&quot;:&quot;0&quot;,&quot;title&quot;:&quot;&quot;,&quot;orientation&quot;:&quot;0&quot;}\" data-image-title=\"Dia do Descarte Consciente em Guadalajara\" data-image-description=\"\" data-image-caption=\"&lt;p&gt;Foto: Divulga\u00e7\u00e3o\/SEDEMAQ.&lt;\/p&gt;\n\" data-medium-file=\"https:\/\/www.paudalho.pe.gov.br\/portal\/wp-content\/uploads\/2021\/06\/WhatsApp-Image-2021-06-19-at-16.55.27-350x230.jpeg\" data-large-file=\"https:\/\/www.paudalho.pe.gov.br\/portal\/wp-content\/uploads\/2021\/06\/WhatsApp-Image-2021-06-19-at-16.55.27-800x450.jpeg\" src=\"https:\/\/www.paudalho.pe.gov.br\/portal\/wp-content\/uploads\/2021\/06\/WhatsApp-Image-2021-06-19-at-16.55.27-800x450.jpeg\" alt=\"\" data-id=\"15732\" data-full-url=\"https:\/\/www.paudalho.pe.gov.br\/portal\/wp-content\/uploads\/2021\/06\/WhatsApp-Image-2021-06-19-at-16.55.27.jpeg\" data-link=\"https:\/\/www.paudalho.pe.gov.br\/portal\/?attachment_id=15732\" class=\"wp-image-15732\"\/><figcaption class=\"blocks-gallery-item__caption\"><em>Foto: Divulga\u00e7\u00e3o\/SEDEMAQ.<\/em><\/figcaption><\/figure><\/li><li class=\"blocks-gallery-item\"><figure><img loading=\"lazy\" decoding=\"async\" width=\"800\" height=\"450\" data-attachment-id=\"15733\" data-permalink=\"https:\/\/www.paudalho.pe.gov.br\/portal\/paudalho-proporciona-coleta-de-residuos-solidos-em-guadalajara-por-meio-da-acao-dia-do-descarte-consciente\/whatsapp-image-2021-06-19-at-15-24-13-1\/\" data-orig-file=\"https:\/\/www.paudalho.pe.gov.br\/portal\/wp-content\/uploads\/2021\/06\/WhatsApp-Image-2021-06-19-at-15.24.13-1.jpeg\" data-orig-size=\"1280,960\" data-comments-opened=\"1\" data-image-meta=\"{&quot;aperture&quot;:&quot;0&quot;,&quot;credit&quot;:&quot;&quot;,&quot;camera&quot;:&quot;&quot;,&quot;caption&quot;:&quot;&quot;,&quot;created_timestamp&quot;:&quot;0&quot;,&quot;copyright&quot;:&quot;&quot;,&quot;focal_length&quot;:&quot;0&quot;,&quot;iso&quot;:&quot;0&quot;,&quot;shutter_speed&quot;:&quot;0&quot;,&quot;title&quot;:&quot;&quot;,&quot;orientation&quot;:&quot;0&quot;}\" data-image-title=\"Dia do Descarte Consciente em Guadalajara\" data-image-description=\"\" data-image-caption=\"&lt;p&gt;Foto: Divulga\u00e7\u00e3o\/SEDEMAQ.&lt;\/p&gt;\n\" data-medium-file=\"https:\/\/www.paudalho.pe.gov.br\/portal\/wp-content\/uploads\/2021\/06\/WhatsApp-Image-2021-06-19-at-15.24.13-1-350x230.jpeg\" data-large-file=\"https:\/\/www.paudalho.pe.gov.br\/portal\/wp-content\/uploads\/2021\/06\/WhatsApp-Image-2021-06-19-at-15.24.13-1-800x450.jpeg\" src=\"https:\/\/www.paudalho.pe.gov.br\/portal\/wp-content\/uploads\/2021\/06\/WhatsApp-Image-2021-06-19-at-15.24.13-1-800x450.jpeg\" alt=\"\" data-id=\"15733\" data-full-url=\"https:\/\/www.paudalho.pe.gov.br\/portal\/wp-content\/uploads\/2021\/06\/WhatsApp-Image-2021-06-19-at-15.24.13-1.jpeg\" data-link=\"https:\/\/www.paudalho.pe.gov.br\/portal\/?attachment_id=15733\" class=\"wp-image-15733\"\/><figcaption class=\"blocks-gallery-item__caption\"><em>Foto: Divulga\u00e7\u00e3o\/SEDEMAQ.<\/em><\/figcaption><\/figure><\/li><\/ul><\/figure>\n\n\n\n<p>O evento foi realizado atrav\u00e9s do trabalho conjunto da Secretaria Executiva de Desenvolvimento Econ\u00f4mico, Meio Ambiente e Qualifica\u00e7\u00e3o Profissional (<strong><a rel=\"noreferrer noopener\" href=\"https:\/\/www.instagram.com\/sedemaq\/\" target=\"_blank\">SEDEMAQ<\/a><\/strong>), da Secretaria Municipal de Educa\u00e7\u00e3o (SEDUC), e da Secretaria de Desenvolvimento Urbano e Meio Ambiente. A iniciativa conta tamb\u00e9m com o apoio da Cooperativa de Catadores de Materiais Recicl\u00e1veis de Paudalho (COOPCAPA). Todo o material coletado no dia ser\u00e1 revertido em renda para os cooperados.  <\/p>\n\n\n\n<p>De acordo com o planejamento da SEDEMAQ, no m\u00eas de julho, o Dia do Descarte Consciente ocorrer\u00e1 na comunidade de Ch\u00e3 de Cruz. <\/p>\n\n\n\n<p><strong>Veja mais registros do I Dia do Descarte Consciente em Guadalajara abaixo:<\/strong><\/p>\n\n\n\n<figure class=\"wp-block-gallery columns-3 is-cropped wp-block-gallery-2 is-layout-flex wp-block-gallery-is-layout-flex\"><ul class=\"blocks-gallery-grid\"><li class=\"blocks-gallery-item\"><figure><img loading=\"lazy\" decoding=\"async\" width=\"800\" height=\"450\" data-attachment-id=\"15735\" data-permalink=\"https:\/\/www.paudalho.pe.gov.br\/portal\/paudalho-proporciona-coleta-de-residuos-solidos-em-guadalajara-por-meio-da-acao-dia-do-descarte-consciente\/whatsapp-image-2021-06-19-at-15-24-14\/\" data-orig-file=\"https:\/\/www.paudalho.pe.gov.br\/portal\/wp-content\/uploads\/2021\/06\/WhatsApp-Image-2021-06-19-at-15.24.14.jpeg\" data-orig-size=\"960,1280\" data-comments-opened=\"1\" data-image-meta=\"{&quot;aperture&quot;:&quot;0&quot;,&quot;credit&quot;:&quot;&quot;,&quot;camera&quot;:&quot;&quot;,&quot;caption&quot;:&quot;&quot;,&quot;created_timestamp&quot;:&quot;0&quot;,&quot;copyright&quot;:&quot;&quot;,&quot;focal_length&quot;:&quot;0&quot;,&quot;iso&quot;:&quot;0&quot;,&quot;shutter_speed&quot;:&quot;0&quot;,&quot;title&quot;:&quot;&quot;,&quot;orientation&quot;:&quot;0&quot;}\" data-image-title=\"Dia do Descarte Consciente em Guadalajara, Paudalho &#8211; PE\" data-image-description=\"\" data-image-caption=\"\" data-medium-file=\"https:\/\/www.paudalho.pe.gov.br\/portal\/wp-content\/uploads\/2021\/06\/WhatsApp-Image-2021-06-19-at-15.24.14-350x230.jpeg\" data-large-file=\"https:\/\/www.paudalho.pe.gov.br\/portal\/wp-content\/uploads\/2021\/06\/WhatsApp-Image-2021-06-19-at-15.24.14-800x450.jpeg\" src=\"https:\/\/www.paudalho.pe.gov.br\/portal\/wp-content\/uploads\/2021\/06\/WhatsApp-Image-2021-06-19-at-15.24.14-800x450.jpeg\" alt=\"\" data-id=\"15735\" data-full-url=\"https:\/\/www.paudalho.pe.gov.br\/portal\/wp-content\/uploads\/2021\/06\/WhatsApp-Image-2021-06-19-at-15.24.14.jpeg\" data-link=\"https:\/\/www.paudalho.pe.gov.br\/portal\/?attachment_id=15735\" class=\"wp-image-15735\"\/><figcaption class=\"blocks-gallery-item__caption\"><em>Foto: Divulga\u00e7\u00e3o\/SEDEMAQ.<\/em><\/figcaption><\/figure><\/li><li class=\"blocks-gallery-item\"><figure><img loading=\"lazy\" decoding=\"async\" width=\"800\" height=\"450\" data-attachment-id=\"15736\" data-permalink=\"https:\/\/www.paudalho.pe.gov.br\/portal\/paudalho-proporciona-coleta-de-residuos-solidos-em-guadalajara-por-meio-da-acao-dia-do-descarte-consciente\/whatsapp-image-2021-06-19-at-15-24-13-4\/\" data-orig-file=\"https:\/\/www.paudalho.pe.gov.br\/portal\/wp-content\/uploads\/2021\/06\/WhatsApp-Image-2021-06-19-at-15.24.13-4.jpeg\" data-orig-size=\"960,1280\" data-comments-opened=\"1\" data-image-meta=\"{&quot;aperture&quot;:&quot;0&quot;,&quot;credit&quot;:&quot;&quot;,&quot;camera&quot;:&quot;&quot;,&quot;caption&quot;:&quot;&quot;,&quot;created_timestamp&quot;:&quot;0&quot;,&quot;copyright&quot;:&quot;&quot;,&quot;focal_length&quot;:&quot;0&quot;,&quot;iso&quot;:&quot;0&quot;,&quot;shutter_speed&quot;:&quot;0&quot;,&quot;title&quot;:&quot;&quot;,&quot;orientation&quot;:&quot;0&quot;}\" data-image-title=\"Dia do Descarte Consciente em Guadalajara, Paudalho &#8211; PE\" data-image-description=\"\" data-image-caption=\"\" data-medium-file=\"https:\/\/www.paudalho.pe.gov.br\/portal\/wp-content\/uploads\/2021\/06\/WhatsApp-Image-2021-06-19-at-15.24.13-4-350x230.jpeg\" data-large-file=\"https:\/\/www.paudalho.pe.gov.br\/portal\/wp-content\/uploads\/2021\/06\/WhatsApp-Image-2021-06-19-at-15.24.13-4-800x450.jpeg\" src=\"https:\/\/www.paudalho.pe.gov.br\/portal\/wp-content\/uploads\/2021\/06\/WhatsApp-Image-2021-06-19-at-15.24.13-4-800x450.jpeg\" alt=\"\" data-id=\"15736\" data-full-url=\"https:\/\/www.paudalho.pe.gov.br\/portal\/wp-content\/uploads\/2021\/06\/WhatsApp-Image-2021-06-19-at-15.24.13-4.jpeg\" data-link=\"https:\/\/www.paudalho.pe.gov.br\/portal\/?attachment_id=15736\" class=\"wp-image-15736\"\/><figcaption class=\"blocks-gallery-item__caption\"><em>Foto: Divulga\u00e7\u00e3o\/SEDEMAQ.<\/em><\/figcaption><\/figure><\/li><li class=\"blocks-gallery-item\"><figure><img loading=\"lazy\" decoding=\"async\" width=\"800\" height=\"450\" data-attachment-id=\"15737\" data-permalink=\"https:\/\/www.paudalho.pe.gov.br\/portal\/paudalho-proporciona-coleta-de-residuos-solidos-em-guadalajara-por-meio-da-acao-dia-do-descarte-consciente\/whatsapp-image-2021-06-19-at-15-24-13-3\/\" data-orig-file=\"https:\/\/www.paudalho.pe.gov.br\/portal\/wp-content\/uploads\/2021\/06\/WhatsApp-Image-2021-06-19-at-15.24.13-3.jpeg\" data-orig-size=\"960,1280\" data-comments-opened=\"1\" data-image-meta=\"{&quot;aperture&quot;:&quot;0&quot;,&quot;credit&quot;:&quot;&quot;,&quot;camera&quot;:&quot;&quot;,&quot;caption&quot;:&quot;&quot;,&quot;created_timestamp&quot;:&quot;0&quot;,&quot;copyright&quot;:&quot;&quot;,&quot;focal_length&quot;:&quot;0&quot;,&quot;iso&quot;:&quot;0&quot;,&quot;shutter_speed&quot;:&quot;0&quot;,&quot;title&quot;:&quot;&quot;,&quot;orientation&quot;:&quot;0&quot;}\" data-image-title=\"Dia do Descarte Consciente em Guadalajara, Paudalho &#8211; PE\" data-image-description=\"\" data-image-caption=\"\" data-medium-file=\"https:\/\/www.paudalho.pe.gov.br\/portal\/wp-content\/uploads\/2021\/06\/WhatsApp-Image-2021-06-19-at-15.24.13-3-350x230.jpeg\" data-large-file=\"https:\/\/www.paudalho.pe.gov.br\/portal\/wp-content\/uploads\/2021\/06\/WhatsApp-Image-2021-06-19-at-15.24.13-3-800x450.jpeg\" src=\"https:\/\/www.paudalho.pe.gov.br\/portal\/wp-content\/uploads\/2021\/06\/WhatsApp-Image-2021-06-19-at-15.24.13-3-800x450.jpeg\" alt=\"\" data-id=\"15737\" data-full-url=\"https:\/\/www.paudalho.pe.gov.br\/portal\/wp-content\/uploads\/2021\/06\/WhatsApp-Image-2021-06-19-at-15.24.13-3.jpeg\" data-link=\"https:\/\/www.paudalho.pe.gov.br\/portal\/?attachment_id=15737\" class=\"wp-image-15737\"\/><figcaption class=\"blocks-gallery-item__caption\"><em>Foto: Divulga\u00e7\u00e3o\/SEDEMAQ.<\/em><\/figcaption><\/figure><\/li><li class=\"blocks-gallery-item\"><figure><img loading=\"lazy\" decoding=\"async\" width=\"800\" height=\"450\" data-attachment-id=\"15742\" data-permalink=\"https:\/\/www.paudalho.pe.gov.br\/portal\/paudalho-proporciona-coleta-de-residuos-solidos-em-guadalajara-por-meio-da-acao-dia-do-descarte-consciente\/whatsapp-image-2021-06-19-at-15-24-12-4\/\" data-orig-file=\"https:\/\/www.paudalho.pe.gov.br\/portal\/wp-content\/uploads\/2021\/06\/WhatsApp-Image-2021-06-19-at-15.24.12-4.jpeg\" data-orig-size=\"960,1280\" data-comments-opened=\"1\" data-image-meta=\"{&quot;aperture&quot;:&quot;0&quot;,&quot;credit&quot;:&quot;&quot;,&quot;camera&quot;:&quot;&quot;,&quot;caption&quot;:&quot;&quot;,&quot;created_timestamp&quot;:&quot;0&quot;,&quot;copyright&quot;:&quot;&quot;,&quot;focal_length&quot;:&quot;0&quot;,&quot;iso&quot;:&quot;0&quot;,&quot;shutter_speed&quot;:&quot;0&quot;,&quot;title&quot;:&quot;&quot;,&quot;orientation&quot;:&quot;0&quot;}\" data-image-title=\"WhatsApp-Image-2021-06-19-at-15.24.12-4\" data-image-description=\"\" data-image-caption=\"\" data-medium-file=\"https:\/\/www.paudalho.pe.gov.br\/portal\/wp-content\/uploads\/2021\/06\/WhatsApp-Image-2021-06-19-at-15.24.12-4-350x230.jpeg\" data-large-file=\"https:\/\/www.paudalho.pe.gov.br\/portal\/wp-content\/uploads\/2021\/06\/WhatsApp-Image-2021-06-19-at-15.24.12-4-800x450.jpeg\" src=\"https:\/\/www.paudalho.pe.gov.br\/portal\/wp-content\/uploads\/2021\/06\/WhatsApp-Image-2021-06-19-at-15.24.12-4-800x450.jpeg\" alt=\"\" data-id=\"15742\" data-full-url=\"https:\/\/www.paudalho.pe.gov.br\/portal\/wp-content\/uploads\/2021\/06\/WhatsApp-Image-2021-06-19-at-15.24.12-4.jpeg\" data-link=\"https:\/\/www.paudalho.pe.gov.br\/portal\/?attachment_id=15742\" class=\"wp-image-15742\"\/><figcaption class=\"blocks-gallery-item__caption\"><em>Foto: Divulga\u00e7\u00e3o\/SEDEMAQ.<\/em><\/figcaption><\/figure><\/li><li class=\"blocks-gallery-item\"><figure><img loading=\"lazy\" decoding=\"async\" width=\"800\" height=\"450\" data-attachment-id=\"15745\" data-permalink=\"https:\/\/www.paudalho.pe.gov.br\/portal\/paudalho-proporciona-coleta-de-residuos-solidos-em-guadalajara-por-meio-da-acao-dia-do-descarte-consciente\/whatsapp-image-2021-06-19-at-15-24-12-1\/\" data-orig-file=\"https:\/\/www.paudalho.pe.gov.br\/portal\/wp-content\/uploads\/2021\/06\/WhatsApp-Image-2021-06-19-at-15.24.12-1.jpeg\" data-orig-size=\"1280,960\" data-comments-opened=\"1\" data-image-meta=\"{&quot;aperture&quot;:&quot;0&quot;,&quot;credit&quot;:&quot;&quot;,&quot;camera&quot;:&quot;&quot;,&quot;caption&quot;:&quot;&quot;,&quot;created_timestamp&quot;:&quot;0&quot;,&quot;copyright&quot;:&quot;&quot;,&quot;focal_length&quot;:&quot;0&quot;,&quot;iso&quot;:&quot;0&quot;,&quot;shutter_speed&quot;:&quot;0&quot;,&quot;title&quot;:&quot;&quot;,&quot;orientation&quot;:&quot;0&quot;}\" data-image-title=\"WhatsApp-Image-2021-06-19-at-15.24.12-1\" data-image-description=\"\" data-image-caption=\"\" data-medium-file=\"https:\/\/www.paudalho.pe.gov.br\/portal\/wp-content\/uploads\/2021\/06\/WhatsApp-Image-2021-06-19-at-15.24.12-1-350x230.jpeg\" data-large-file=\"https:\/\/www.paudalho.pe.gov.br\/portal\/wp-content\/uploads\/2021\/06\/WhatsApp-Image-2021-06-19-at-15.24.12-1-800x450.jpeg\" src=\"https:\/\/www.paudalho.pe.gov.br\/portal\/wp-content\/uploads\/2021\/06\/WhatsApp-Image-2021-06-19-at-15.24.12-1-800x450.jpeg\" alt=\"\" data-id=\"15745\" data-full-url=\"https:\/\/www.paudalho.pe.gov.br\/portal\/wp-content\/uploads\/2021\/06\/WhatsApp-Image-2021-06-19-at-15.24.12-1.jpeg\" data-link=\"https:\/\/www.paudalho.pe.gov.br\/portal\/?attachment_id=15745\" class=\"wp-image-15745\"\/><figcaption class=\"blocks-gallery-item__caption\"><em>Foto: Divulga\u00e7\u00e3o\/SEDEMAQ.<\/em><\/figcaption><\/figure><\/li><li class=\"blocks-gallery-item\"><figure><img loading=\"lazy\" decoding=\"async\" width=\"800\" height=\"450\" data-attachment-id=\"15747\" data-permalink=\"https:\/\/www.paudalho.pe.gov.br\/portal\/paudalho-proporciona-coleta-de-residuos-solidos-em-guadalajara-por-meio-da-acao-dia-do-descarte-consciente\/whatsapp-image-2021-06-19-at-15-24-11-5\/\" data-orig-file=\"https:\/\/www.paudalho.pe.gov.br\/portal\/wp-content\/uploads\/2021\/06\/WhatsApp-Image-2021-06-19-at-15.24.11-5.jpeg\" data-orig-size=\"1280,960\" data-comments-opened=\"1\" data-image-meta=\"{&quot;aperture&quot;:&quot;0&quot;,&quot;credit&quot;:&quot;&quot;,&quot;camera&quot;:&quot;&quot;,&quot;caption&quot;:&quot;&quot;,&quot;created_timestamp&quot;:&quot;0&quot;,&quot;copyright&quot;:&quot;&quot;,&quot;focal_length&quot;:&quot;0&quot;,&quot;iso&quot;:&quot;0&quot;,&quot;shutter_speed&quot;:&quot;0&quot;,&quot;title&quot;:&quot;&quot;,&quot;orientation&quot;:&quot;0&quot;}\" data-image-title=\"Dia do Descarte Consciente em Guadalajara, Paudalho &#8211; PE\" data-image-description=\"\" data-image-caption=\"\" data-medium-file=\"https:\/\/www.paudalho.pe.gov.br\/portal\/wp-content\/uploads\/2021\/06\/WhatsApp-Image-2021-06-19-at-15.24.11-5-350x230.jpeg\" data-large-file=\"https:\/\/www.paudalho.pe.gov.br\/portal\/wp-content\/uploads\/2021\/06\/WhatsApp-Image-2021-06-19-at-15.24.11-5-800x450.jpeg\" src=\"https:\/\/www.paudalho.pe.gov.br\/portal\/wp-content\/uploads\/2021\/06\/WhatsApp-Image-2021-06-19-at-15.24.11-5-800x450.jpeg\" alt=\"\" data-id=\"15747\" data-full-url=\"https:\/\/www.paudalho.pe.gov.br\/portal\/wp-content\/uploads\/2021\/06\/WhatsApp-Image-2021-06-19-at-15.24.11-5.jpeg\" data-link=\"https:\/\/www.paudalho.pe.gov.br\/portal\/?attachment_id=15747\" class=\"wp-image-15747\"\/><\/figure><\/li><li class=\"blocks-gallery-item\"><figure><img loading=\"lazy\" decoding=\"async\" width=\"800\" height=\"450\" data-attachment-id=\"15750\" data-permalink=\"https:\/\/www.paudalho.pe.gov.br\/portal\/paudalho-proporciona-coleta-de-residuos-solidos-em-guadalajara-por-meio-da-acao-dia-do-descarte-consciente\/whatsapp-image-2021-06-19-at-15-24-11-3\/\" data-orig-file=\"https:\/\/www.paudalho.pe.gov.br\/portal\/wp-content\/uploads\/2021\/06\/WhatsApp-Image-2021-06-19-at-15.24.11-3.jpeg\" data-orig-size=\"960,1280\" data-comments-opened=\"1\" data-image-meta=\"{&quot;aperture&quot;:&quot;0&quot;,&quot;credit&quot;:&quot;&quot;,&quot;camera&quot;:&quot;&quot;,&quot;caption&quot;:&quot;&quot;,&quot;created_timestamp&quot;:&quot;0&quot;,&quot;copyright&quot;:&quot;&quot;,&quot;focal_length&quot;:&quot;0&quot;,&quot;iso&quot;:&quot;0&quot;,&quot;shutter_speed&quot;:&quot;0&quot;,&quot;title&quot;:&quot;&quot;,&quot;orientation&quot;:&quot;0&quot;}\" data-image-title=\"Dia do Descarte Consciente em Guadalajara, Paudalho &#8211; PE\" data-image-description=\"\" data-image-caption=\"\" data-medium-file=\"https:\/\/www.paudalho.pe.gov.br\/portal\/wp-content\/uploads\/2021\/06\/WhatsApp-Image-2021-06-19-at-15.24.11-3-350x230.jpeg\" data-large-file=\"https:\/\/www.paudalho.pe.gov.br\/portal\/wp-content\/uploads\/2021\/06\/WhatsApp-Image-2021-06-19-at-15.24.11-3-800x450.jpeg\" src=\"https:\/\/www.paudalho.pe.gov.br\/portal\/wp-content\/uploads\/2021\/06\/WhatsApp-Image-2021-06-19-at-15.24.11-3-800x450.jpeg\" alt=\"\" data-id=\"15750\" data-full-url=\"https:\/\/www.paudalho.pe.gov.br\/portal\/wp-content\/uploads\/2021\/06\/WhatsApp-Image-2021-06-19-at-15.24.11-3.jpeg\" data-link=\"https:\/\/www.paudalho.pe.gov.br\/portal\/?attachment_id=15750\" class=\"wp-image-15750\"\/><figcaption class=\"blocks-gallery-item__caption\"><em>Foto: Divulga\u00e7\u00e3o\/SEDEMAQ.<\/em><\/figcaption><\/figure><\/li><li class=\"blocks-gallery-item\"><figure><img loading=\"lazy\" decoding=\"async\" width=\"800\" height=\"450\" data-attachment-id=\"15752\" data-permalink=\"https:\/\/www.paudalho.pe.gov.br\/portal\/paudalho-proporciona-coleta-de-residuos-solidos-em-guadalajara-por-meio-da-acao-dia-do-descarte-consciente\/whatsapp-image-2021-06-19-at-15-24-11-2\/\" data-orig-file=\"https:\/\/www.paudalho.pe.gov.br\/portal\/wp-content\/uploads\/2021\/06\/WhatsApp-Image-2021-06-19-at-15.24.11-2.jpeg\" data-orig-size=\"1280,960\" data-comments-opened=\"1\" data-image-meta=\"{&quot;aperture&quot;:&quot;0&quot;,&quot;credit&quot;:&quot;&quot;,&quot;camera&quot;:&quot;&quot;,&quot;caption&quot;:&quot;&quot;,&quot;created_timestamp&quot;:&quot;0&quot;,&quot;copyright&quot;:&quot;&quot;,&quot;focal_length&quot;:&quot;0&quot;,&quot;iso&quot;:&quot;0&quot;,&quot;shutter_speed&quot;:&quot;0&quot;,&quot;title&quot;:&quot;&quot;,&quot;orientation&quot;:&quot;0&quot;}\" data-image-title=\"Dia do Descarte Consciente em Guadalajara, Paudalho &#8211; PE\" data-image-description=\"\" data-image-caption=\"\" data-medium-file=\"https:\/\/www.paudalho.pe.gov.br\/portal\/wp-content\/uploads\/2021\/06\/WhatsApp-Image-2021-06-19-at-15.24.11-2-350x230.jpeg\" data-large-file=\"https:\/\/www.paudalho.pe.gov.br\/portal\/wp-content\/uploads\/2021\/06\/WhatsApp-Image-2021-06-19-at-15.24.11-2-800x450.jpeg\" src=\"https:\/\/www.paudalho.pe.gov.br\/portal\/wp-content\/uploads\/2021\/06\/WhatsApp-Image-2021-06-19-at-15.24.11-2-800x450.jpeg\" alt=\"\" data-id=\"15752\" data-full-url=\"https:\/\/www.paudalho.pe.gov.br\/portal\/wp-content\/uploads\/2021\/06\/WhatsApp-Image-2021-06-19-at-15.24.11-2.jpeg\" data-link=\"https:\/\/www.paudalho.pe.gov.br\/portal\/?attachment_id=15752\" class=\"wp-image-15752\"\/><figcaption class=\"blocks-gallery-item__caption\"><em>Foto: Divulga\u00e7\u00e3o\/SEDEMAQ.<\/em><\/figcaption><\/figure><\/li><li class=\"blocks-gallery-item\"><figure><img loading=\"lazy\" decoding=\"async\" width=\"800\" height=\"450\" data-attachment-id=\"15756\" data-permalink=\"https:\/\/www.paudalho.pe.gov.br\/portal\/paudalho-proporciona-coleta-de-residuos-solidos-em-guadalajara-por-meio-da-acao-dia-do-descarte-consciente\/whatsapp-image-2021-06-19-at-10-12-51\/\" data-orig-file=\"https:\/\/www.paudalho.pe.gov.br\/portal\/wp-content\/uploads\/2021\/06\/WhatsApp-Image-2021-06-19-at-10.12.51.jpeg\" data-orig-size=\"895,1280\" data-comments-opened=\"1\" data-image-meta=\"{&quot;aperture&quot;:&quot;0&quot;,&quot;credit&quot;:&quot;&quot;,&quot;camera&quot;:&quot;&quot;,&quot;caption&quot;:&quot;&quot;,&quot;created_timestamp&quot;:&quot;0&quot;,&quot;copyright&quot;:&quot;&quot;,&quot;focal_length&quot;:&quot;0&quot;,&quot;iso&quot;:&quot;0&quot;,&quot;shutter_speed&quot;:&quot;0&quot;,&quot;title&quot;:&quot;&quot;,&quot;orientation&quot;:&quot;0&quot;}\" data-image-title=\"Dia do Descarte Consciente em Guadalajara, Paudalho &#8211; PE\" data-image-description=\"\" data-image-caption=\"\" data-medium-file=\"https:\/\/www.paudalho.pe.gov.br\/portal\/wp-content\/uploads\/2021\/06\/WhatsApp-Image-2021-06-19-at-10.12.51-350x230.jpeg\" data-large-file=\"https:\/\/www.paudalho.pe.gov.br\/portal\/wp-content\/uploads\/2021\/06\/WhatsApp-Image-2021-06-19-at-10.12.51-800x450.jpeg\" src=\"https:\/\/www.paudalho.pe.gov.br\/portal\/wp-content\/uploads\/2021\/06\/WhatsApp-Image-2021-06-19-at-10.12.51-800x450.jpeg\" alt=\"\" data-id=\"15756\" data-full-url=\"https:\/\/www.paudalho.pe.gov.br\/portal\/wp-content\/uploads\/2021\/06\/WhatsApp-Image-2021-06-19-at-10.12.51.jpeg\" data-link=\"https:\/\/www.paudalho.pe.gov.br\/portal\/?attachment_id=15756\" class=\"wp-image-15756\"\/><figcaption class=\"blocks-gallery-item__caption\"><em>Foto: Divulga\u00e7\u00e3o\/SEDEMAQ.<\/em><\/figcaption><\/figure><\/li><li class=\"blocks-gallery-item\"><figure><img loading=\"lazy\" decoding=\"async\" width=\"800\" height=\"450\" data-attachment-id=\"15757\" data-permalink=\"https:\/\/www.paudalho.pe.gov.br\/portal\/paudalho-proporciona-coleta-de-residuos-solidos-em-guadalajara-por-meio-da-acao-dia-do-descarte-consciente\/whatsapp-image-2021-06-19-at-10-12-50-1\/\" data-orig-file=\"https:\/\/www.paudalho.pe.gov.br\/portal\/wp-content\/uploads\/2021\/06\/WhatsApp-Image-2021-06-19-at-10.12.50-1.jpeg\" data-orig-size=\"1280,960\" data-comments-opened=\"1\" data-image-meta=\"{&quot;aperture&quot;:&quot;0&quot;,&quot;credit&quot;:&quot;&quot;,&quot;camera&quot;:&quot;&quot;,&quot;caption&quot;:&quot;&quot;,&quot;created_timestamp&quot;:&quot;0&quot;,&quot;copyright&quot;:&quot;&quot;,&quot;focal_length&quot;:&quot;0&quot;,&quot;iso&quot;:&quot;0&quot;,&quot;shutter_speed&quot;:&quot;0&quot;,&quot;title&quot;:&quot;&quot;,&quot;orientation&quot;:&quot;0&quot;}\" data-image-title=\"Dia do Descarte Consciente em Guadalajara, Paudalho &#8211; PE\" data-image-description=\"\" data-image-caption=\"\" data-medium-file=\"https:\/\/www.paudalho.pe.gov.br\/portal\/wp-content\/uploads\/2021\/06\/WhatsApp-Image-2021-06-19-at-10.12.50-1-350x230.jpeg\" data-large-file=\"https:\/\/www.paudalho.pe.gov.br\/portal\/wp-content\/uploads\/2021\/06\/WhatsApp-Image-2021-06-19-at-10.12.50-1-800x450.jpeg\" src=\"https:\/\/www.paudalho.pe.gov.br\/portal\/wp-content\/uploads\/2021\/06\/WhatsApp-Image-2021-06-19-at-10.12.50-1-800x450.jpeg\" alt=\"\" data-id=\"15757\" data-full-url=\"https:\/\/www.paudalho.pe.gov.br\/portal\/wp-content\/uploads\/2021\/06\/WhatsApp-Image-2021-06-19-at-10.12.50-1.jpeg\" data-link=\"https:\/\/www.paudalho.pe.gov.br\/portal\/?attachment_id=15757\" class=\"wp-image-15757\"\/><figcaption class=\"blocks-gallery-item__caption\"><em>Foto: Divulga\u00e7\u00e3o\/SEDEMAQ.<\/em><\/figcaption><\/figure><\/li><li class=\"blocks-gallery-item\"><figure><img loading=\"lazy\" decoding=\"async\" width=\"800\" height=\"450\" data-attachment-id=\"15758\" data-permalink=\"https:\/\/www.paudalho.pe.gov.br\/portal\/paudalho-proporciona-coleta-de-residuos-solidos-em-guadalajara-por-meio-da-acao-dia-do-descarte-consciente\/whatsapp-image-2021-06-19-at-10-12-50\/\" data-orig-file=\"https:\/\/www.paudalho.pe.gov.br\/portal\/wp-content\/uploads\/2021\/06\/WhatsApp-Image-2021-06-19-at-10.12.50.jpeg\" data-orig-size=\"960,1280\" data-comments-opened=\"1\" data-image-meta=\"{&quot;aperture&quot;:&quot;0&quot;,&quot;credit&quot;:&quot;&quot;,&quot;camera&quot;:&quot;&quot;,&quot;caption&quot;:&quot;&quot;,&quot;created_timestamp&quot;:&quot;0&quot;,&quot;copyright&quot;:&quot;&quot;,&quot;focal_length&quot;:&quot;0&quot;,&quot;iso&quot;:&quot;0&quot;,&quot;shutter_speed&quot;:&quot;0&quot;,&quot;title&quot;:&quot;&quot;,&quot;orientation&quot;:&quot;0&quot;}\" data-image-title=\"Dia do Descarte Consciente em Guadalajara, Paudalho &#8211; PE\" data-image-description=\"\" data-image-caption=\"\" data-medium-file=\"https:\/\/www.paudalho.pe.gov.br\/portal\/wp-content\/uploads\/2021\/06\/WhatsApp-Image-2021-06-19-at-10.12.50-350x230.jpeg\" data-large-file=\"https:\/\/www.paudalho.pe.gov.br\/portal\/wp-content\/uploads\/2021\/06\/WhatsApp-Image-2021-06-19-at-10.12.50-800x450.jpeg\" src=\"https:\/\/www.paudalho.pe.gov.br\/portal\/wp-content\/uploads\/2021\/06\/WhatsApp-Image-2021-06-19-at-10.12.50-800x450.jpeg\" alt=\"\" data-id=\"15758\" data-full-url=\"https:\/\/www.paudalho.pe.gov.br\/portal\/wp-content\/uploads\/2021\/06\/WhatsApp-Image-2021-06-19-at-10.12.50.jpeg\" data-link=\"https:\/\/www.paudalho.pe.gov.br\/portal\/?attachment_id=15758\" class=\"wp-image-15758\"\/><figcaption class=\"blocks-gallery-item__caption\"><em>Foto: Divulga\u00e7\u00e3o\/SEDEMAQ.<\/em><\/figcaption><\/figure><\/li><li class=\"blocks-gallery-item\"><figure><img loading=\"lazy\" decoding=\"async\" width=\"800\" height=\"450\" data-attachment-id=\"15759\" data-permalink=\"https:\/\/www.paudalho.pe.gov.br\/portal\/paudalho-proporciona-coleta-de-residuos-solidos-em-guadalajara-por-meio-da-acao-dia-do-descarte-consciente\/whatsapp-image-2021-06-19-at-10-12-49-1\/\" data-orig-file=\"https:\/\/www.paudalho.pe.gov.br\/portal\/wp-content\/uploads\/2021\/06\/WhatsApp-Image-2021-06-19-at-10.12.49-1.jpeg\" data-orig-size=\"960,1280\" data-comments-opened=\"1\" data-image-meta=\"{&quot;aperture&quot;:&quot;0&quot;,&quot;credit&quot;:&quot;&quot;,&quot;camera&quot;:&quot;&quot;,&quot;caption&quot;:&quot;&quot;,&quot;created_timestamp&quot;:&quot;0&quot;,&quot;copyright&quot;:&quot;&quot;,&quot;focal_length&quot;:&quot;0&quot;,&quot;iso&quot;:&quot;0&quot;,&quot;shutter_speed&quot;:&quot;0&quot;,&quot;title&quot;:&quot;&quot;,&quot;orientation&quot;:&quot;0&quot;}\" data-image-title=\"Dia do Descarte Consciente em Guadalajara, Paudalho &#8211; PE\" data-image-description=\"\" data-image-caption=\"\" data-medium-file=\"https:\/\/www.paudalho.pe.gov.br\/portal\/wp-content\/uploads\/2021\/06\/WhatsApp-Image-2021-06-19-at-10.12.49-1-350x230.jpeg\" data-large-file=\"https:\/\/www.paudalho.pe.gov.br\/portal\/wp-content\/uploads\/2021\/06\/WhatsApp-Image-2021-06-19-at-10.12.49-1-800x450.jpeg\" src=\"https:\/\/www.paudalho.pe.gov.br\/portal\/wp-content\/uploads\/2021\/06\/WhatsApp-Image-2021-06-19-at-10.12.49-1-800x450.jpeg\" alt=\"\" data-id=\"15759\" data-full-url=\"https:\/\/www.paudalho.pe.gov.br\/portal\/wp-content\/uploads\/2021\/06\/WhatsApp-Image-2021-06-19-at-10.12.49-1.jpeg\" data-link=\"https:\/\/www.paudalho.pe.gov.br\/portal\/?attachment_id=15759\" class=\"wp-image-15759\"\/><figcaption class=\"blocks-gallery-item__caption\"><em>Foto: Divulga\u00e7\u00e3o\/SEDEMAQ.<\/em><\/figcaption><\/figure><\/li><li class=\"blocks-gallery-item\"><figure><img loading=\"lazy\" decoding=\"async\" width=\"800\" height=\"450\" data-attachment-id=\"15760\" data-permalink=\"https:\/\/www.paudalho.pe.gov.br\/portal\/paudalho-proporciona-coleta-de-residuos-solidos-em-guadalajara-por-meio-da-acao-dia-do-descarte-consciente\/whatsapp-image-2021-06-19-at-10-12-49\/\" data-orig-file=\"https:\/\/www.paudalho.pe.gov.br\/portal\/wp-content\/uploads\/2021\/06\/WhatsApp-Image-2021-06-19-at-10.12.49.jpeg\" data-orig-size=\"960,1280\" data-comments-opened=\"1\" data-image-meta=\"{&quot;aperture&quot;:&quot;0&quot;,&quot;credit&quot;:&quot;&quot;,&quot;camera&quot;:&quot;&quot;,&quot;caption&quot;:&quot;&quot;,&quot;created_timestamp&quot;:&quot;0&quot;,&quot;copyright&quot;:&quot;&quot;,&quot;focal_length&quot;:&quot;0&quot;,&quot;iso&quot;:&quot;0&quot;,&quot;shutter_speed&quot;:&quot;0&quot;,&quot;title&quot;:&quot;&quot;,&quot;orientation&quot;:&quot;0&quot;}\" data-image-title=\"Dia do Descarte Consciente em Guadalajara, Paudalho &#8211; PE\" data-image-description=\"\" data-image-caption=\"\" data-medium-file=\"https:\/\/www.paudalho.pe.gov.br\/portal\/wp-content\/uploads\/2021\/06\/WhatsApp-Image-2021-06-19-at-10.12.49-350x230.jpeg\" data-large-file=\"https:\/\/www.paudalho.pe.gov.br\/portal\/wp-content\/uploads\/2021\/06\/WhatsApp-Image-2021-06-19-at-10.12.49-800x450.jpeg\" src=\"https:\/\/www.paudalho.pe.gov.br\/portal\/wp-content\/uploads\/2021\/06\/WhatsApp-Image-2021-06-19-at-10.12.49-800x450.jpeg\" alt=\"\" data-id=\"15760\" data-full-url=\"https:\/\/www.paudalho.pe.gov.br\/portal\/wp-content\/uploads\/2021\/06\/WhatsApp-Image-2021-06-19-at-10.12.49.jpeg\" data-link=\"https:\/\/www.paudalho.pe.gov.br\/portal\/?attachment_id=15760\" class=\"wp-image-15760\"\/><figcaption class=\"blocks-gallery-item__caption\"><em>Foto: Divulga\u00e7\u00e3o\/SEDEMAQ.<\/em><\/figcaption><\/figure><\/li><li class=\"blocks-gallery-item\"><figure><img loading=\"lazy\" decoding=\"async\" width=\"800\" height=\"450\" data-attachment-id=\"15761\" data-permalink=\"https:\/\/www.paudalho.pe.gov.br\/portal\/paudalho-proporciona-coleta-de-residuos-solidos-em-guadalajara-por-meio-da-acao-dia-do-descarte-consciente\/whatsapp-image-2021-06-19-at-10-12-48\/\" data-orig-file=\"https:\/\/www.paudalho.pe.gov.br\/portal\/wp-content\/uploads\/2021\/06\/WhatsApp-Image-2021-06-19-at-10.12.48.jpeg\" data-orig-size=\"960,1280\" data-comments-opened=\"1\" data-image-meta=\"{&quot;aperture&quot;:&quot;0&quot;,&quot;credit&quot;:&quot;&quot;,&quot;camera&quot;:&quot;&quot;,&quot;caption&quot;:&quot;&quot;,&quot;created_timestamp&quot;:&quot;0&quot;,&quot;copyright&quot;:&quot;&quot;,&quot;focal_length&quot;:&quot;0&quot;,&quot;iso&quot;:&quot;0&quot;,&quot;shutter_speed&quot;:&quot;0&quot;,&quot;title&quot;:&quot;&quot;,&quot;orientation&quot;:&quot;0&quot;}\" data-image-title=\"Dia do Descarte Consciente em Guadalajara, Paudalho &#8211; PE\" data-image-description=\"\" data-image-caption=\"\" data-medium-file=\"https:\/\/www.paudalho.pe.gov.br\/portal\/wp-content\/uploads\/2021\/06\/WhatsApp-Image-2021-06-19-at-10.12.48-350x230.jpeg\" data-large-file=\"https:\/\/www.paudalho.pe.gov.br\/portal\/wp-content\/uploads\/2021\/06\/WhatsApp-Image-2021-06-19-at-10.12.48-800x450.jpeg\" src=\"https:\/\/www.paudalho.pe.gov.br\/portal\/wp-content\/uploads\/2021\/06\/WhatsApp-Image-2021-06-19-at-10.12.48-800x450.jpeg\" alt=\"\" data-id=\"15761\" data-full-url=\"https:\/\/www.paudalho.pe.gov.br\/portal\/wp-content\/uploads\/2021\/06\/WhatsApp-Image-2021-06-19-at-10.12.48.jpeg\" data-link=\"https:\/\/www.paudalho.pe.gov.br\/portal\/?attachment_id=15761\" class=\"wp-image-15761\"\/><figcaption class=\"blocks-gallery-item__caption\"><em>Foto: Divulga\u00e7\u00e3o\/SEDEMAQ.<\/em><\/figcaption><\/figure><\/li><li class=\"blocks-gallery-item\"><figure><img loading=\"lazy\" decoding=\"async\" width=\"800\" height=\"450\" data-attachment-id=\"15762\" data-permalink=\"https:\/\/www.paudalho.pe.gov.br\/portal\/paudalho-proporciona-coleta-de-residuos-solidos-em-guadalajara-por-meio-da-acao-dia-do-descarte-consciente\/whatsapp-image-2021-06-19-at-10-12-45-1\/\" data-orig-file=\"https:\/\/www.paudalho.pe.gov.br\/portal\/wp-content\/uploads\/2021\/06\/WhatsApp-Image-2021-06-19-at-10.12.45-1.jpeg\" data-orig-size=\"1280,960\" data-comments-opened=\"1\" data-image-meta=\"{&quot;aperture&quot;:&quot;0&quot;,&quot;credit&quot;:&quot;&quot;,&quot;camera&quot;:&quot;&quot;,&quot;caption&quot;:&quot;&quot;,&quot;created_timestamp&quot;:&quot;0&quot;,&quot;copyright&quot;:&quot;&quot;,&quot;focal_length&quot;:&quot;0&quot;,&quot;iso&quot;:&quot;0&quot;,&quot;shutter_speed&quot;:&quot;0&quot;,&quot;title&quot;:&quot;&quot;,&quot;orientation&quot;:&quot;0&quot;}\" data-image-title=\"Dia do Descarte Consciente em Guadalajara, Paudalho &#8211; PE\" data-image-description=\"\" data-image-caption=\"\" data-medium-file=\"https:\/\/www.paudalho.pe.gov.br\/portal\/wp-content\/uploads\/2021\/06\/WhatsApp-Image-2021-06-19-at-10.12.45-1-350x230.jpeg\" data-large-file=\"https:\/\/www.paudalho.pe.gov.br\/portal\/wp-content\/uploads\/2021\/06\/WhatsApp-Image-2021-06-19-at-10.12.45-1-800x450.jpeg\" src=\"https:\/\/www.paudalho.pe.gov.br\/portal\/wp-content\/uploads\/2021\/06\/WhatsApp-Image-2021-06-19-at-10.12.45-1-800x450.jpeg\" alt=\"\" data-id=\"15762\" data-full-url=\"https:\/\/www.paudalho.pe.gov.br\/portal\/wp-content\/uploads\/2021\/06\/WhatsApp-Image-2021-06-19-at-10.12.45-1.jpeg\" data-link=\"https:\/\/www.paudalho.pe.gov.br\/portal\/?attachment_id=15762\" class=\"wp-image-15762\"\/><figcaption class=\"blocks-gallery-item__caption\"><em>Foto: Divulga\u00e7\u00e3o\/SEDEMAQ.<\/em><\/figcaption><\/figure><\/li><li class=\"blocks-gallery-item\"><figure><img loading=\"lazy\" decoding=\"async\" width=\"800\" height=\"450\" data-attachment-id=\"15763\" data-permalink=\"https:\/\/www.paudalho.pe.gov.br\/portal\/paudalho-proporciona-coleta-de-residuos-solidos-em-guadalajara-por-meio-da-acao-dia-do-descarte-consciente\/whatsapp-image-2021-06-19-at-10-12-45\/\" data-orig-file=\"https:\/\/www.paudalho.pe.gov.br\/portal\/wp-content\/uploads\/2021\/06\/WhatsApp-Image-2021-06-19-at-10.12.45.jpeg\" data-orig-size=\"1280,960\" data-comments-opened=\"1\" data-image-meta=\"{&quot;aperture&quot;:&quot;0&quot;,&quot;credit&quot;:&quot;&quot;,&quot;camera&quot;:&quot;&quot;,&quot;caption&quot;:&quot;&quot;,&quot;created_timestamp&quot;:&quot;0&quot;,&quot;copyright&quot;:&quot;&quot;,&quot;focal_length&quot;:&quot;0&quot;,&quot;iso&quot;:&quot;0&quot;,&quot;shutter_speed&quot;:&quot;0&quot;,&quot;title&quot;:&quot;&quot;,&quot;orientation&quot;:&quot;0&quot;}\" data-image-title=\"Dia do Descarte Consciente em Guadalajara, Paudalho &#8211; PE\" data-image-description=\"\" data-image-caption=\"\" data-medium-file=\"https:\/\/www.paudalho.pe.gov.br\/portal\/wp-content\/uploads\/2021\/06\/WhatsApp-Image-2021-06-19-at-10.12.45-350x230.jpeg\" data-large-file=\"https:\/\/www.paudalho.pe.gov.br\/portal\/wp-content\/uploads\/2021\/06\/WhatsApp-Image-2021-06-19-at-10.12.45-800x450.jpeg\" src=\"https:\/\/www.paudalho.pe.gov.br\/portal\/wp-content\/uploads\/2021\/06\/WhatsApp-Image-2021-06-19-at-10.12.45-800x450.jpeg\" alt=\"\" data-id=\"15763\" data-full-url=\"https:\/\/www.paudalho.pe.gov.br\/portal\/wp-content\/uploads\/2021\/06\/WhatsApp-Image-2021-06-19-at-10.12.45.jpeg\" data-link=\"https:\/\/www.paudalho.pe.gov.br\/portal\/?attachment_id=15763\" class=\"wp-image-15763\"\/><figcaption class=\"blocks-gallery-item__caption\"><em>Foto: Divulga\u00e7\u00e3o\/SEDEMAQ.<\/em><\/figcaption><\/figure><\/li><\/ul><\/figure>\n\n\n\n<p><\/p>\n","protected":false},"excerpt":{"rendered":"<p>Cuidar do meio ambiente \u00e9 uma responsabilidade que todos devem assumir. Como forma de incentivar o descarte ambientalmente correto de res\u00edduos s\u00f3lidos dom\u00e9sticos, no \u00faltimo s\u00e1bado (19), a Prefeitura do Paudalho realizou o Dia do Descarte Consciente na comunidade de Guadalajara. Com in\u00edcio \u00e0s 8h e t\u00e9rmino \u00e0s 16h, o encontro ocorreu em dois pontos [&hellip;]<\/p>\n","protected":false},"author":6,"featured_media":15719,"comment_status":"open","ping_status":"open","sticky":false,"template":"","format":"standard","meta":{"_jetpack_newsletter_access":"","_jetpack_dont_email_post_to_subs":false,"_jetpack_newsletter_tier_id":0,"_jetpack_memberships_contains_paywalled_content":false,"_jetpack_memberships_contains_paid_content":false,"footnotes":""},"categories":[2,1,746],"tags":[730,752,22,509],"class_list":["post-15718","post","type-post","status-publish","format-standard","has-post-thumbnail","hentry","category-destaque","category-noticias","category-sustentabilidade","tag-coopcapa","tag-dia-do-descarte-consciente","tag-prefeitura-do-paudalho","tag-sustentabilidade"],"jetpack_featured_media_url":"https:\/\/www.paudalho.pe.gov.br\/portal\/wp-content\/uploads\/2021\/06\/WhatsApp-Image-2021-06-19-at-15.24.12-2.jpeg","jetpack_sharing_enabled":true,"jetpack_shortlink":"https:\/\/wp.me\/p98mS2-45w","_links":{"self":[{"href":"https:\/\/www.paudalho.pe.gov.br\/portal\/wp-json\/wp\/v2\/posts\/15718","targetHints":{"allow":["GET"]}}],"collection":[{"href":"https:\/\/www.paudalho.pe.gov.br\/portal\/wp-json\/wp\/v2\/posts"}],"about":[{"href":"https:\/\/www.paudalho.pe.gov.br\/portal\/wp-json\/wp\/v2\/types\/post"}],"author":[{"embeddable":true,"href":"https:\/\/www.paudalho.pe.gov.br\/portal\/wp-json\/wp\/v2\/users\/6"}],"replies":[{"embeddable":true,"href":"https:\/\/www.paudalho.pe.gov.br\/portal\/wp-json\/wp\/v2\/comments?post=15718"}],"version-history":[{"count":26,"href":"https:\/\/www.paudalho.pe.gov.br\/portal\/wp-json\/wp\/v2\/posts\/15718\/revisions"}],"predecessor-version":[{"id":16718,"href":"https:\/\/www.paudalho.pe.gov.br\/portal\/wp-json\/wp\/v2\/posts\/15718\/revisions\/16718"}],"wp:featuredmedia":[{"embeddable":true,"href":"https:\/\/www.paudalho.pe.gov.br\/portal\/wp-json\/wp\/v2\/media\/15719"}],"wp:attachment":[{"href":"https:\/\/www.paudalho.pe.gov.br\/portal\/wp-json\/wp\/v2\/media?parent=15718"}],"wp:term":[{"taxonomy":"category","embeddable":true,"href":"https:\/\/www.paudalho.pe.gov.br\/portal\/wp-json\/wp\/v2\/categories?post=15718"},{"taxonomy":"post_tag","embeddable":true,"href":"https:\/\/www.paudalho.pe.gov.br\/portal\/wp-json\/wp\/v2\/tags?post=15718"}],"curies":[{"name":"wp","href":"https:\/\/api.w.org\/{rel}","templated":true}]}}