{"id":15690,"date":"2021-06-18T09:41:58","date_gmt":"2021-06-18T12:41:58","guid":{"rendered":"https:\/\/www.paudalho.pe.gov.br\/portal\/?p=15690"},"modified":"2025-01-08T00:39:43","modified_gmt":"2025-01-08T03:39:43","slug":"ponto-itinerante-de-vacinacao-contra-a-covid-19-chega-na-comunidade-de-cha-de-conselho-neste-sabado-19","status":"publish","type":"post","link":"https:\/\/www.paudalho.pe.gov.br\/portal\/ponto-itinerante-de-vacinacao-contra-a-covid-19-chega-na-comunidade-de-cha-de-conselho-neste-sabado-19\/","title":{"rendered":"Ponto itinerante de vacina\u00e7\u00e3o contra a Covid-19 chega na comunidade de Ch\u00e3 de Conselho neste s\u00e1bado (19)"},"content":{"rendered":"\n<p>Amanh\u00e3, dia 19 de junho, a Prefeitura do Paudalho instalar\u00e1 um ponto itinerante de vacina\u00e7\u00e3o na comunidade de Ch\u00e3 de Conselho. O local da imuniza\u00e7\u00e3o ser\u00e1 a Unidade B\u00e1sica de Sa\u00fade (UBS) Ch\u00e3 de Conselho. O atendimento ser\u00e1 realizado das 8h \u00e0s 13h. Para que o mun\u00edcipe possa ser imunizado \u00e9 essencial que fa\u00e7a o pr\u00e9-cadastro on-line no site da Prefeitura.<\/p>\n\n\n\n<p><a rel=\"noreferrer noopener\" href=\"https:\/\/paudalho.basemunicipal.com\/saude\/covid\/vacinacao\/pre-cadastro\" target=\"_blank\"><strong>>>> REALIZE O SEU PR\u00c9-CADASTRO PARA A VACINA\u00c7\u00c3O CONTRA A COVID-19 AQUI!<\/strong><\/a><\/p>\n\n\n\n<p>Os pontos itinerantes tem a finalidade de expandir a campanha de imuniza\u00e7\u00e3o para mais bairros da cidade e facilitar o acesso \u00e0s doses para a popula\u00e7\u00e3o. Atualmente, a vacina\u00e7\u00e3o por faixa et\u00e1ria est\u00e1 a partir dos 45 anos, mas, paudalhenses que tenham 40 anos ou mais j\u00e1 podem se pr\u00e9-cadastrar. No dia da imuniza\u00e7\u00e3o, ser\u00e1 necess\u00e1rio apresentar um documento de identifica\u00e7\u00e3o com foto, como o RG e o CPF, um comprovante de resid\u00eancia e, caso o cidad\u00e3o possua alguma comorbidade, um atestado da doen\u00e7a. <\/p>\n\n\n\n<figure class=\"wp-block-image size-large\"><img loading=\"lazy\" decoding=\"async\" width=\"800\" height=\"450\" data-attachment-id=\"15453\" data-permalink=\"https:\/\/www.paudalho.pe.gov.br\/portal\/comunidade-de-cha-de-cruz-recebe-ponto-itinerante-de-vacinacao-contra-a-covid-19-no-proximo-sabado-12\/whatsapp-image-2021-06-09-at-10-38-47\/\" data-orig-file=\"https:\/\/www.paudalho.pe.gov.br\/portal\/wp-content\/uploads\/2021\/06\/WhatsApp-Image-2021-06-09-at-10.38.47.jpeg\" data-orig-size=\"1280,960\" data-comments-opened=\"1\" data-image-meta=\"{&quot;aperture&quot;:&quot;0&quot;,&quot;credit&quot;:&quot;&quot;,&quot;camera&quot;:&quot;&quot;,&quot;caption&quot;:&quot;&quot;,&quot;created_timestamp&quot;:&quot;0&quot;,&quot;copyright&quot;:&quot;&quot;,&quot;focal_length&quot;:&quot;0&quot;,&quot;iso&quot;:&quot;0&quot;,&quot;shutter_speed&quot;:&quot;0&quot;,&quot;title&quot;:&quot;&quot;,&quot;orientation&quot;:&quot;0&quot;}\" data-image-title=\"vacina\u00e7\u00e3o contra a covid-19 em Guadalajara\" data-image-description=\"\" data-image-caption=\"\" data-medium-file=\"https:\/\/www.paudalho.pe.gov.br\/portal\/wp-content\/uploads\/2021\/06\/WhatsApp-Image-2021-06-09-at-10.38.47-350x230.jpeg\" data-large-file=\"https:\/\/www.paudalho.pe.gov.br\/portal\/wp-content\/uploads\/2021\/06\/WhatsApp-Image-2021-06-09-at-10.38.47-800x450.jpeg\" src=\"https:\/\/www.paudalho.pe.gov.br\/portal\/wp-content\/uploads\/2021\/06\/WhatsApp-Image-2021-06-09-at-10.38.47-800x450.jpeg\" alt=\"\" class=\"wp-image-15453\"\/><figcaption><em>Os pontos itinerantes de vacina\u00e7\u00e3o j\u00e1 foram montados em outras duas comunidades: Guadalajara e Ch\u00e3 de Cruz. Foto: Guilherme Ricardo\/PMP. <\/em><\/figcaption><\/figure>\n\n\n\n<p>No s\u00e1bado tamb\u00e9m ser\u00e1 realizado o <a href=\"https:\/\/www.paudalho.pe.gov.br\/portal\/paudalho-fara-acao-neste-sabado-19-para-aplicar-a-segunda-dose-das-vacinas-sinovac-butantan-e-astrazeneca\/\" target=\"_blank\" rel=\"noreferrer noopener\">Dia D para a aplica\u00e7\u00e3o das vacinas nos mun\u00edcipes que estejam com a segunda dose da Sinovac\/Butantan ou AstraZeneca em atraso<\/a>. A a\u00e7\u00e3o ocorrer\u00e1 no ponto de vacina\u00e7\u00e3o drive-thru no centro da cidade. Para receber o imunizante \u00e9 preciso que o paciente leve o cart\u00e3o de vacina\u00e7\u00e3o e um documento oficial de identifica\u00e7\u00e3o. <\/p>\n\n\n\n<p id=\"block-9826df45-e7c0-4762-a2fe-2f07828921fb\">Confira na tabela abaixo a lista com os grupos que podem ser imunizados em Paudalho:<\/p>\n\n\n\n<figure class=\"wp-block-table is-style-stripes\"><table><tbody><tr><td><strong>GRUPOS INCLU\u00cdDOS NA CAMPANHA DE VACINA\u00c7\u00c3O CONTRA A COVID-19 EM PAUDALHO<\/strong><\/td><\/tr><tr><td>\u2022 Trabalhadores da \u00e1rea de Sa\u00fade;<\/td><\/tr><tr><td>\u2022 Idosos institucionalizados;<\/td><\/tr><tr><td>\u2022 Pessoas de 85 anos ou mais;<\/td><\/tr><tr><td>\u2022 Pessoas de 60 a 85 anos;<\/td><\/tr><tr><td>\u2022 Pessoas de 50 a 59 anos;\u00a0<\/td><\/tr><tr><td>\u2022 Pessoas de 45 a 49 anos;\u00a0<\/td><\/tr><tr><td>\u2022 Pessoas com comorbidades e defici\u00eancias permanentes;\u00a0<\/td><\/tr><tr><td>\u2022 Gestantes e pu\u00e9rperas;<\/td><\/tr><tr><td>\u2022 Trabalhadores de transporte coletivo, industriais, de limpeza urbana e caminhoneiros;\u00a0<\/td><\/tr><tr><td>\u2022 Trabalhadores da \u00e1rea de Educa\u00e7\u00e3o;<\/td><\/tr><tr><td>\u2022 Trabalhadores da Assist\u00eancia Social;<\/td><\/tr><tr><td>\u2022 For\u00e7as de Seguran\u00e7a e Salvamento.<\/td><\/tr><\/tbody><\/table><\/figure>\n\n\n\n<p><\/p>\n","protected":false},"excerpt":{"rendered":"<p>Amanh\u00e3, dia 19 de junho, a Prefeitura do Paudalho instalar\u00e1 um ponto itinerante de vacina\u00e7\u00e3o na comunidade de Ch\u00e3 de Conselho. O local da imuniza\u00e7\u00e3o ser\u00e1 a Unidade B\u00e1sica de Sa\u00fade (UBS) Ch\u00e3 de Conselho. O atendimento ser\u00e1 realizado das 8h \u00e0s 13h. Para que o mun\u00edcipe possa ser imunizado \u00e9 essencial que fa\u00e7a o [&hellip;]<\/p>\n","protected":false},"author":6,"featured_media":15677,"comment_status":"open","ping_status":"open","sticky":false,"template":"","format":"standard","meta":{"_jetpack_newsletter_access":"","_jetpack_dont_email_post_to_subs":false,"_jetpack_newsletter_tier_id":0,"_jetpack_memberships_contains_paywalled_content":false,"_jetpack_memberships_contains_paid_content":false,"footnotes":""},"categories":[732,2,1],"tags":[711,22,738],"class_list":["post-15690","post","type-post","status-publish","format-standard","has-post-thumbnail","hentry","category-covid-19","category-destaque","category-noticias","tag-covid19","tag-prefeitura-do-paudalho","tag-vacinacao-contra-a-covid-19"],"jetpack_featured_media_url":"https:\/\/www.paudalho.pe.gov.br\/portal\/wp-content\/uploads\/2021\/06\/WhatsApp-Image-2021-06-11-at-16.14.37.jpeg","jetpack_sharing_enabled":true,"jetpack_shortlink":"https:\/\/wp.me\/p98mS2-454","_links":{"self":[{"href":"https:\/\/www.paudalho.pe.gov.br\/portal\/wp-json\/wp\/v2\/posts\/15690","targetHints":{"allow":["GET"]}}],"collection":[{"href":"https:\/\/www.paudalho.pe.gov.br\/portal\/wp-json\/wp\/v2\/posts"}],"about":[{"href":"https:\/\/www.paudalho.pe.gov.br\/portal\/wp-json\/wp\/v2\/types\/post"}],"author":[{"embeddable":true,"href":"https:\/\/www.paudalho.pe.gov.br\/portal\/wp-json\/wp\/v2\/users\/6"}],"replies":[{"embeddable":true,"href":"https:\/\/www.paudalho.pe.gov.br\/portal\/wp-json\/wp\/v2\/comments?post=15690"}],"version-history":[{"count":12,"href":"https:\/\/www.paudalho.pe.gov.br\/portal\/wp-json\/wp\/v2\/posts\/15690\/revisions"}],"predecessor-version":[{"id":15704,"href":"https:\/\/www.paudalho.pe.gov.br\/portal\/wp-json\/wp\/v2\/posts\/15690\/revisions\/15704"}],"wp:featuredmedia":[{"embeddable":true,"href":"https:\/\/www.paudalho.pe.gov.br\/portal\/wp-json\/wp\/v2\/media\/15677"}],"wp:attachment":[{"href":"https:\/\/www.paudalho.pe.gov.br\/portal\/wp-json\/wp\/v2\/media?parent=15690"}],"wp:term":[{"taxonomy":"category","embeddable":true,"href":"https:\/\/www.paudalho.pe.gov.br\/portal\/wp-json\/wp\/v2\/categories?post=15690"},{"taxonomy":"post_tag","embeddable":true,"href":"https:\/\/www.paudalho.pe.gov.br\/portal\/wp-json\/wp\/v2\/tags?post=15690"}],"curies":[{"name":"wp","href":"https:\/\/api.w.org\/{rel}","templated":true}]}}