{"id":1568,"date":"2017-10-14T19:05:40","date_gmt":"2017-10-14T22:05:40","guid":{"rendered":"http:\/\/www.paudalho.pe.gov.br\/portal\/?p=1568"},"modified":"2017-10-15T13:24:28","modified_gmt":"2017-10-15T16:24:28","slug":"marca-a-vida-da-crianca-diz-morador-de-guadalajara-sobre-parque-de-diversao","status":"publish","type":"post","link":"https:\/\/www.paudalho.pe.gov.br\/portal\/marca-a-vida-da-crianca-diz-morador-de-guadalajara-sobre-parque-de-diversao\/","title":{"rendered":"\u201cMarca a vida da crian\u00e7a\u201d, diz morador de Guadalajara sobre parque de divers\u00e3o"},"content":{"rendered":"<p>A Prefeitura do Paudalho segue avan\u00e7ando no compromisso de levar servi\u00e7os a todos os cidad\u00e3os da cidade, n\u00e3o importando se esses est\u00e3o no centro, ou nas comunidades mais afastadas. E como exemplo disso, neste s\u00e1bado (14) as crian\u00e7as de Guadalajara puderam se divertir em um parque montado pr\u00f3ximo a Academia de Sa\u00fade da comunidade.<\/p>\n<div id=\"attachment_1571\" style=\"width: 310px\" class=\"wp-caption alignnone\"><img loading=\"lazy\" decoding=\"async\" aria-describedby=\"caption-attachment-1571\" data-attachment-id=\"1571\" data-permalink=\"https:\/\/www.paudalho.pe.gov.br\/portal\/marca-a-vida-da-crianca-diz-morador-de-guadalajara-sobre-parque-de-diversao\/22405632_801743149949436_1586080307743048344_n\/\" data-orig-file=\"https:\/\/www.paudalho.pe.gov.br\/portal\/wp-content\/uploads\/2017\/10\/22405632_801743149949436_1586080307743048344_n.jpg\" data-orig-size=\"960,640\" data-comments-opened=\"1\" data-image-meta=\"{&quot;aperture&quot;:&quot;0&quot;,&quot;credit&quot;:&quot;&quot;,&quot;camera&quot;:&quot;&quot;,&quot;caption&quot;:&quot;&quot;,&quot;created_timestamp&quot;:&quot;0&quot;,&quot;copyright&quot;:&quot;&quot;,&quot;focal_length&quot;:&quot;0&quot;,&quot;iso&quot;:&quot;0&quot;,&quot;shutter_speed&quot;:&quot;0&quot;,&quot;title&quot;:&quot;&quot;,&quot;orientation&quot;:&quot;0&quot;}\" data-image-title=\"22405632_801743149949436_1586080307743048344_n\" data-image-description=\"\" data-image-caption=\"&lt;p&gt;Foto: Isak de Castro\/Comunica\u00e7\u00e3oPrefeituradePaudalho&lt;\/p&gt;\n\" data-medium-file=\"https:\/\/www.paudalho.pe.gov.br\/portal\/wp-content\/uploads\/2017\/10\/22405632_801743149949436_1586080307743048344_n-350x230.jpg\" data-large-file=\"https:\/\/www.paudalho.pe.gov.br\/portal\/wp-content\/uploads\/2017\/10\/22405632_801743149949436_1586080307743048344_n-800x450.jpg\" class=\"size-medium wp-image-1571\" src=\"http:\/\/www.paudalho.pe.gov.br\/portal\/wp-content\/uploads\/2017\/10\/22405632_801743149949436_1586080307743048344_n-350x230.jpg\" alt=\"\" width=\"300\" height=\"197\" \/><p id=\"caption-attachment-1571\" class=\"wp-caption-text\">Foto: Isak de Castro\/Comunica\u00e7\u00e3oPrefeituradePaudalho<\/p><\/div>\n<p>&nbsp;<\/p>\n<div id=\"attachment_1572\" style=\"width: 310px\" class=\"wp-caption alignnone\"><img loading=\"lazy\" decoding=\"async\" aria-describedby=\"caption-attachment-1572\" data-attachment-id=\"1572\" data-permalink=\"https:\/\/www.paudalho.pe.gov.br\/portal\/marca-a-vida-da-crianca-diz-morador-de-guadalajara-sobre-parque-de-diversao\/22406227_801743116616106_7290455644443619197_n\/\" data-orig-file=\"https:\/\/www.paudalho.pe.gov.br\/portal\/wp-content\/uploads\/2017\/10\/22406227_801743116616106_7290455644443619197_n.jpg\" data-orig-size=\"960,640\" data-comments-opened=\"1\" data-image-meta=\"{&quot;aperture&quot;:&quot;0&quot;,&quot;credit&quot;:&quot;&quot;,&quot;camera&quot;:&quot;&quot;,&quot;caption&quot;:&quot;&quot;,&quot;created_timestamp&quot;:&quot;0&quot;,&quot;copyright&quot;:&quot;&quot;,&quot;focal_length&quot;:&quot;0&quot;,&quot;iso&quot;:&quot;0&quot;,&quot;shutter_speed&quot;:&quot;0&quot;,&quot;title&quot;:&quot;&quot;,&quot;orientation&quot;:&quot;0&quot;}\" data-image-title=\"22406227_801743116616106_7290455644443619197_n\" data-image-description=\"\" data-image-caption=\"&lt;p&gt;Foto: Isak de Castro\/Comunica\u00e7\u00e3oPrefeituradePaudalho&lt;\/p&gt;\n\" data-medium-file=\"https:\/\/www.paudalho.pe.gov.br\/portal\/wp-content\/uploads\/2017\/10\/22406227_801743116616106_7290455644443619197_n-350x230.jpg\" data-large-file=\"https:\/\/www.paudalho.pe.gov.br\/portal\/wp-content\/uploads\/2017\/10\/22406227_801743116616106_7290455644443619197_n-800x450.jpg\" class=\"size-medium wp-image-1572\" src=\"http:\/\/www.paudalho.pe.gov.br\/portal\/wp-content\/uploads\/2017\/10\/22406227_801743116616106_7290455644443619197_n-350x230.jpg\" alt=\"\" width=\"300\" height=\"197\" \/><p id=\"caption-attachment-1572\" class=\"wp-caption-text\">Foto: Isak de Castro\/Comunica\u00e7\u00e3oPrefeituradePaudalho<\/p><\/div>\n<p>Alegria, felicidade e muita brincadeira marcam a programa\u00e7\u00e3o. Mizael Sebasti\u00e3o, mora h\u00e1 mais de 20 anos no local e disse que nunca viu uma a\u00e7\u00e3o como essa em Guadalajara. \u201cA comunidade aqui nunca teve esse privil\u00e9gio de ter esse parque, a comunidade est\u00e1 bem alegre, bem animada, as crian\u00e7as&#8230; a gente v\u00ea o sorriso no rosto de cada crian\u00e7a, a gente v\u00ea no brilho do olhar a gratid\u00e3o que cada crian\u00e7a tem por esse esfor\u00e7o, por essa determina\u00e7\u00e3o que a gest\u00e3o vem tendo\u201d, comentou.<\/p>\n<p>Ainda segundo Mizael Sebasti\u00e3o, programa\u00e7\u00f5es como essa marcam a vida das crian\u00e7as. \u201cA gente v\u00ea uma comunidade que \u00e9 carente, que n\u00e3o tem acesso a parque de divers\u00f5es&#8230; Muitas crian\u00e7as a\u00ed nunca tiveram uma oportunidade de ir a um parque de divers\u00f5es, a\u00ed marca a vida daquela crian\u00e7a\u201d, disse.<\/p>\n<p><strong>Ou\u00e7a o relato:<\/strong><\/p>\n<!--[if lt IE 9]><script>document.createElement('audio');<\/script><![endif]-->\n<audio class=\"wp-audio-shortcode\" id=\"audio-1568-1\" preload=\"none\" style=\"width: 100%;\" controls=\"controls\"><source type=\"audio\/wav\" src=\"http:\/\/www.paudalho.pe.gov.br\/portal\/wp-content\/uploads\/2017\/10\/222.wav?_=1\" \/><a href=\"http:\/\/www.paudalho.pe.gov.br\/portal\/wp-content\/uploads\/2017\/10\/222.wav\">http:\/\/www.paudalho.pe.gov.br\/portal\/wp-content\/uploads\/2017\/10\/222.wav<\/a><\/audio>\n<p>A a\u00e7\u00e3o ocorre tamb\u00e9m neste domingo (15) de forma gratuita. O vereador Junior Dona comentou sobre o objetivo da a\u00e7\u00e3o: \u201c A crian\u00e7a de Guadalajara n\u00e3o tinha o acesso como as do centro tinham&#8230;e Guadalajara \u00e9 que est\u00e1 feliz, cada pai e cada m\u00e3e que trouxeram suas crian\u00e7as est\u00e3o felizes e se divertiram\u201d, detalhou.<\/p>\n<div id=\"attachment_1573\" style=\"width: 310px\" class=\"wp-caption alignnone\"><img loading=\"lazy\" decoding=\"async\" aria-describedby=\"caption-attachment-1573\" data-attachment-id=\"1573\" data-permalink=\"https:\/\/www.paudalho.pe.gov.br\/portal\/marca-a-vida-da-crianca-diz-morador-de-guadalajara-sobre-parque-de-diversao\/22310600_801743229949428_7957456381276370917_n\/\" data-orig-file=\"https:\/\/www.paudalho.pe.gov.br\/portal\/wp-content\/uploads\/2017\/10\/22310600_801743229949428_7957456381276370917_n.jpg\" data-orig-size=\"683,683\" data-comments-opened=\"1\" data-image-meta=\"{&quot;aperture&quot;:&quot;0&quot;,&quot;credit&quot;:&quot;&quot;,&quot;camera&quot;:&quot;&quot;,&quot;caption&quot;:&quot;&quot;,&quot;created_timestamp&quot;:&quot;0&quot;,&quot;copyright&quot;:&quot;&quot;,&quot;focal_length&quot;:&quot;0&quot;,&quot;iso&quot;:&quot;0&quot;,&quot;shutter_speed&quot;:&quot;0&quot;,&quot;title&quot;:&quot;&quot;,&quot;orientation&quot;:&quot;0&quot;}\" data-image-title=\"22310600_801743229949428_7957456381276370917_n\" data-image-description=\"\" data-image-caption=\"&lt;p&gt;Foto: Isak de Castro\/Comunica\u00e7\u00e3oPrefeituradePaudalho&lt;\/p&gt;\n\" data-medium-file=\"https:\/\/www.paudalho.pe.gov.br\/portal\/wp-content\/uploads\/2017\/10\/22310600_801743229949428_7957456381276370917_n-350x230.jpg\" data-large-file=\"https:\/\/www.paudalho.pe.gov.br\/portal\/wp-content\/uploads\/2017\/10\/22310600_801743229949428_7957456381276370917_n-683x450.jpg\" class=\"size-medium wp-image-1573\" src=\"http:\/\/www.paudalho.pe.gov.br\/portal\/wp-content\/uploads\/2017\/10\/22310600_801743229949428_7957456381276370917_n-350x230.jpg\" alt=\"\" width=\"300\" height=\"197\" srcset=\"https:\/\/www.paudalho.pe.gov.br\/portal\/wp-content\/uploads\/2017\/10\/22310600_801743229949428_7957456381276370917_n-350x230.jpg 350w, https:\/\/www.paudalho.pe.gov.br\/portal\/wp-content\/uploads\/2017\/10\/22310600_801743229949428_7957456381276370917_n-683x450.jpg 683w\" sizes=\"auto, (max-width: 300px) 100vw, 300px\" \/><p id=\"caption-attachment-1573\" class=\"wp-caption-text\">Foto: Isak de Castro\/Comunica\u00e7\u00e3oPrefeituradePaudalho<\/p><\/div>\n<h2><strong>Superou as expectativas\u00a0<\/strong><\/h2>\n<p>Sobre a Semana da Crian\u00e7a, o prefeito Marcelo Gouveia disse que as expectativas foram ultrapassadas: \u201cA gente sabe que esse projeto tomou uma dimens\u00e3o muito importante e ano que vem ele ser\u00e1 ainda melhor\u201d, falou. A Prefeitura do Paudalho segue firme no prop\u00f3sito de mudar a hist\u00f3ria dos paudalhenses, sejam eles crian\u00e7as, jovens ou adultos.<\/p>\n<div id=\"attachment_1574\" style=\"width: 310px\" class=\"wp-caption alignnone\"><img loading=\"lazy\" decoding=\"async\" aria-describedby=\"caption-attachment-1574\" data-attachment-id=\"1574\" data-permalink=\"https:\/\/www.paudalho.pe.gov.br\/portal\/marca-a-vida-da-crianca-diz-morador-de-guadalajara-sobre-parque-de-diversao\/c026befa-3745-40c0-9fc2-ac5b1b256be7\/\" data-orig-file=\"https:\/\/www.paudalho.pe.gov.br\/portal\/wp-content\/uploads\/2017\/10\/c026befa-3745-40c0-9fc2-ac5b1b256be7.jpg\" data-orig-size=\"1024,683\" data-comments-opened=\"1\" data-image-meta=\"{&quot;aperture&quot;:&quot;0&quot;,&quot;credit&quot;:&quot;&quot;,&quot;camera&quot;:&quot;&quot;,&quot;caption&quot;:&quot;&quot;,&quot;created_timestamp&quot;:&quot;0&quot;,&quot;copyright&quot;:&quot;&quot;,&quot;focal_length&quot;:&quot;0&quot;,&quot;iso&quot;:&quot;0&quot;,&quot;shutter_speed&quot;:&quot;0&quot;,&quot;title&quot;:&quot;&quot;,&quot;orientation&quot;:&quot;0&quot;}\" data-image-title=\"c026befa-3745-40c0-9fc2-ac5b1b256be7\" data-image-description=\"\" data-image-caption=\"&lt;p&gt;Foto: Isak de Castro\/Comunica\u00e7\u00e3oPrefeituradePaudalho&lt;\/p&gt;\n\" data-medium-file=\"https:\/\/www.paudalho.pe.gov.br\/portal\/wp-content\/uploads\/2017\/10\/c026befa-3745-40c0-9fc2-ac5b1b256be7-350x230.jpg\" data-large-file=\"https:\/\/www.paudalho.pe.gov.br\/portal\/wp-content\/uploads\/2017\/10\/c026befa-3745-40c0-9fc2-ac5b1b256be7-800x450.jpg\" class=\"size-medium wp-image-1574\" src=\"http:\/\/www.paudalho.pe.gov.br\/portal\/wp-content\/uploads\/2017\/10\/c026befa-3745-40c0-9fc2-ac5b1b256be7-350x230.jpg\" alt=\"\" width=\"300\" height=\"197\" \/><p id=\"caption-attachment-1574\" class=\"wp-caption-text\">Foto: Isak de Castro\/Comunica\u00e7\u00e3oPrefeituradePaudalho<\/p><\/div>\n","protected":false},"excerpt":{"rendered":"<p>A Prefeitura do Paudalho segue avan\u00e7ando no compromisso de levar servi\u00e7os a todos os cidad\u00e3os da cidade, n\u00e3o importando se esses est\u00e3o no centro, ou nas comunidades mais afastadas. E como exemplo disso, neste s\u00e1bado (14) as crian\u00e7as de Guadalajara puderam se divertir em um parque montado pr\u00f3ximo a Academia de Sa\u00fade da comunidade. &nbsp; [&hellip;]<\/p>\n","protected":false},"author":4,"featured_media":1570,"comment_status":"open","ping_status":"open","sticky":false,"template":"","format":"standard","meta":{"_jetpack_newsletter_access":"","_jetpack_dont_email_post_to_subs":false,"_jetpack_newsletter_tier_id":0,"_jetpack_memberships_contains_paywalled_content":false,"_jetpack_memberships_contains_paid_content":false,"footnotes":""},"categories":[2,1],"tags":[160,132,161,22],"class_list":["post-1568","post","type-post","status-publish","format-standard","has-post-thumbnail","hentry","category-destaque","category-noticias","tag-dia-das-criancas","tag-guadalajara","tag-parque-de-diversao","tag-prefeitura-do-paudalho"],"jetpack_featured_media_url":"https:\/\/www.paudalho.pe.gov.br\/portal\/wp-content\/uploads\/2017\/10\/22491739_801743859949365_448672324467089031_n.jpg","jetpack_sharing_enabled":true,"jetpack_shortlink":"https:\/\/wp.me\/p98mS2-pi","_links":{"self":[{"href":"https:\/\/www.paudalho.pe.gov.br\/portal\/wp-json\/wp\/v2\/posts\/1568","targetHints":{"allow":["GET"]}}],"collection":[{"href":"https:\/\/www.paudalho.pe.gov.br\/portal\/wp-json\/wp\/v2\/posts"}],"about":[{"href":"https:\/\/www.paudalho.pe.gov.br\/portal\/wp-json\/wp\/v2\/types\/post"}],"author":[{"embeddable":true,"href":"https:\/\/www.paudalho.pe.gov.br\/portal\/wp-json\/wp\/v2\/users\/4"}],"replies":[{"embeddable":true,"href":"https:\/\/www.paudalho.pe.gov.br\/portal\/wp-json\/wp\/v2\/comments?post=1568"}],"version-history":[{"count":3,"href":"https:\/\/www.paudalho.pe.gov.br\/portal\/wp-json\/wp\/v2\/posts\/1568\/revisions"}],"predecessor-version":[{"id":1578,"href":"https:\/\/www.paudalho.pe.gov.br\/portal\/wp-json\/wp\/v2\/posts\/1568\/revisions\/1578"}],"wp:featuredmedia":[{"embeddable":true,"href":"https:\/\/www.paudalho.pe.gov.br\/portal\/wp-json\/wp\/v2\/media\/1570"}],"wp:attachment":[{"href":"https:\/\/www.paudalho.pe.gov.br\/portal\/wp-json\/wp\/v2\/media?parent=1568"}],"wp:term":[{"taxonomy":"category","embeddable":true,"href":"https:\/\/www.paudalho.pe.gov.br\/portal\/wp-json\/wp\/v2\/categories?post=1568"},{"taxonomy":"post_tag","embeddable":true,"href":"https:\/\/www.paudalho.pe.gov.br\/portal\/wp-json\/wp\/v2\/tags?post=1568"}],"curies":[{"name":"wp","href":"https:\/\/api.w.org\/{rel}","templated":true}]}}