{"id":15668,"date":"2021-06-18T08:46:02","date_gmt":"2021-06-18T11:46:02","guid":{"rendered":"https:\/\/www.paudalho.pe.gov.br\/portal\/?p=15668"},"modified":"2025-01-08T00:39:44","modified_gmt":"2025-01-08T03:39:44","slug":"paudalho-fara-acao-neste-sabado-19-para-aplicar-a-segunda-dose-das-vacinas-sinovac-butantan-e-astrazeneca","status":"publish","type":"post","link":"https:\/\/www.paudalho.pe.gov.br\/portal\/paudalho-fara-acao-neste-sabado-19-para-aplicar-a-segunda-dose-das-vacinas-sinovac-butantan-e-astrazeneca\/","title":{"rendered":"Paudalho far\u00e1 a\u00e7\u00e3o neste s\u00e1bado (19) para aplicar a segunda dose das vacinas Sinovac\/Butantan e AstraZeneca"},"content":{"rendered":"\n<p>Para que a imuniza\u00e7\u00e3o contra a Covid-19 seja eficaz, \u00e9 necess\u00e1rio que as duas doses da vacina recebida pelo paciente sejam aplicadas. Com o intuito de completar o esquema de imuniza\u00e7\u00e3o dos paudalhenses e assim assegurar a prote\u00e7\u00e3o contra o coronav\u00edrus, a Prefeitura do Paudalho reservar\u00e1 este s\u00e1bado, dia 19 de junho, para a aplica\u00e7\u00e3o dos imunizantes nas pessoas que est\u00e3o em atraso com a segunda dose da vacina Sinovac\/Butantan ou AstraZeneca.<\/p>\n\n\n\n<p>A a\u00e7\u00e3o ocorrer\u00e1 no ponto drive-thru montado em frente a sede da Secretaria Municipal de Sa\u00fade, localizado pr\u00f3ximo a Pra\u00e7a Pedro Coutinho, no centro da cidade. O atendimento estar\u00e1 dispon\u00edvel das 8h \u00e0s 16h e ser\u00e1 voltado apenas para os retardat\u00e1rios. \u00c9 necess\u00e1rio que o cidad\u00e3o leve o cart\u00e3o de vacina\u00e7\u00e3o e um documento oficial de identifica\u00e7\u00e3o com foto.<\/p>\n\n\n\n<figure class=\"wp-block-image size-large\"><img loading=\"lazy\" decoding=\"async\" width=\"800\" height=\"450\" data-attachment-id=\"15677\" data-permalink=\"https:\/\/www.paudalho.pe.gov.br\/portal\/paudalho-fara-acao-neste-sabado-19-para-aplicar-a-segunda-dose-das-vacinas-sinovac-butantan-e-astrazeneca\/whatsapp-image-2021-06-11-at-16-14-37\/\" data-orig-file=\"https:\/\/www.paudalho.pe.gov.br\/portal\/wp-content\/uploads\/2021\/06\/WhatsApp-Image-2021-06-11-at-16.14.37.jpeg\" data-orig-size=\"1280,853\" data-comments-opened=\"1\" data-image-meta=\"{&quot;aperture&quot;:&quot;0&quot;,&quot;credit&quot;:&quot;&quot;,&quot;camera&quot;:&quot;&quot;,&quot;caption&quot;:&quot;&quot;,&quot;created_timestamp&quot;:&quot;0&quot;,&quot;copyright&quot;:&quot;&quot;,&quot;focal_length&quot;:&quot;0&quot;,&quot;iso&quot;:&quot;0&quot;,&quot;shutter_speed&quot;:&quot;0&quot;,&quot;title&quot;:&quot;&quot;,&quot;orientation&quot;:&quot;0&quot;}\" data-image-title=\"Vacina\u00e7\u00e3o contra a Covid-19 em Paudalho-PE.\" data-image-description=\"\" data-image-caption=\"\" data-medium-file=\"https:\/\/www.paudalho.pe.gov.br\/portal\/wp-content\/uploads\/2021\/06\/WhatsApp-Image-2021-06-11-at-16.14.37-350x230.jpeg\" data-large-file=\"https:\/\/www.paudalho.pe.gov.br\/portal\/wp-content\/uploads\/2021\/06\/WhatsApp-Image-2021-06-11-at-16.14.37-800x450.jpeg\" src=\"https:\/\/www.paudalho.pe.gov.br\/portal\/wp-content\/uploads\/2021\/06\/WhatsApp-Image-2021-06-11-at-16.14.37-800x450.jpeg\" alt=\"\" class=\"wp-image-15677\"\/><figcaption><em>Para que o esquema de imuniza\u00e7\u00e3o seja completo \u00e9 essencial que o mun\u00edcipe receba a segunda dose da vacina e assim garanta a efic\u00e1cia da mesma. Foto: Isak de Castro\/PMP.<\/em><\/figcaption><\/figure>\n\n\n\n<p>De acordo com dados divulgados pela Secretaria Municipal de Sa\u00fade atrav\u00e9s da ferramenta on-line&nbsp;<a rel=\"noreferrer noopener\" href=\"https:\/\/paudalho.basemunicipal.com\/saude\/vacinometro\" target=\"_blank\"><strong>Vacin\u00f4metro<\/strong><\/a>, do in\u00edcio da campanha, em janeiro de 2021, at\u00e9 a manh\u00e3 desta sexta-feira, 19.772 doses dos imunizantes foram aplicadas na popula\u00e7\u00e3o. Desse total, 15.151 (76.6%) foram da primeira dose e 4.621 (23.4%) da segunda.<\/p>\n\n\n\n<h3 class=\"wp-block-heading\"><strong>Vacina\u00e7\u00e3o itinerante<\/strong><\/h3>\n\n\n\n<p>Tamb\u00e9m neste s\u00e1bado (19), a Prefeitura do Paudalho instalar\u00e1 um ponto itinerante de vacina\u00e7\u00e3o na comunidade de Ch\u00e3 de Conselho, na Unidade B\u00e1sica de Sa\u00fade (UBS) Ch\u00e3 de Conselho. O atendimento ser\u00e1 realizado das 8h \u00e0s 13h. Para que o mun\u00edcipe possa ser imunizado \u00e9 essencial que fa\u00e7a o pr\u00e9-cadastro on-line no site da Prefeitura. <\/p>\n\n\n\n<p>Atualmente, a vacina\u00e7\u00e3o por faixa et\u00e1ria est\u00e1 a partir dos 45 anos, mas, paudalhenses que tenham 40 anos ou mais j\u00e1 podem se pr\u00e9-cadastrar. Durante a imuniza\u00e7\u00e3o, ser\u00e1 necess\u00e1rio apresentar um documento de identifica\u00e7\u00e3o com foto, como o RG e o CPF, um comprovante de resid\u00eancia e, caso o cidad\u00e3o possua alguma comorbidade, um atestado da doen\u00e7a.<\/p>\n\n\n\n<p><a rel=\"noreferrer noopener\" href=\"https:\/\/paudalho.basemunicipal.com\/saude\/covid\/vacinacao\/pre-cadastro\" target=\"_blank\"><strong>&gt;&gt;&gt; REALIZE O SEU PR\u00c9-CADASTRO AQUI!<\/strong><\/a><\/p>\n\n\n\n<p>Confira na tabela abaixo a lista com os grupos que podem ser imunizados em Paudalho:<\/p>\n\n\n\n<figure class=\"wp-block-table\"><table><tbody><tr><td><strong>GRUPOS INCLU\u00cdDOS NA CAMPANHA DE VACINA\u00c7\u00c3O CONTRA A COVID-19 EM PAUDALHO<\/strong><\/td><\/tr><tr><td>\u2022 Trabalhadores da \u00e1rea de Sa\u00fade;<\/td><\/tr><tr><td>\u2022 Idosos institucionalizados;<\/td><\/tr><tr><td>\u2022 Pessoas de 85 anos ou mais;<\/td><\/tr><tr><td>\u2022 Pessoas de 60 a 85 anos;<\/td><\/tr><tr><td>\u2022 Pessoas de 50 a 59 anos;&nbsp;<\/td><\/tr><tr><td>\u2022 Pessoas de 45 a 49 anos;&nbsp;<\/td><\/tr><tr><td>\u2022 Pessoas com comorbidades e defici\u00eancias permanentes;&nbsp;<\/td><\/tr><tr><td>\u2022 Gestantes e pu\u00e9rperas;<\/td><\/tr><tr><td>\u2022 Trabalhadores de transporte coletivo, industriais, de limpeza urbana e caminhoneiros;&nbsp;<\/td><\/tr><tr><td>\u2022 Trabalhadores da \u00e1rea de Educa\u00e7\u00e3o;<\/td><\/tr><tr><td>\u2022 Trabalhadores da Assist\u00eancia Social;<\/td><\/tr><tr><td>\u2022 For\u00e7as de Seguran\u00e7a e Salvamento.<\/td><\/tr><\/tbody><\/table><\/figure>\n","protected":false},"excerpt":{"rendered":"<p>Para que a imuniza\u00e7\u00e3o contra a Covid-19 seja eficaz, \u00e9 necess\u00e1rio que as duas doses da vacina recebida pelo paciente sejam aplicadas. Com o intuito de completar o esquema de imuniza\u00e7\u00e3o dos paudalhenses e assim assegurar a prote\u00e7\u00e3o contra o coronav\u00edrus, a Prefeitura do Paudalho reservar\u00e1 este s\u00e1bado, dia 19 de junho, para a aplica\u00e7\u00e3o [&hellip;]<\/p>\n","protected":false},"author":6,"featured_media":15671,"comment_status":"open","ping_status":"open","sticky":false,"template":"","format":"standard","meta":{"_jetpack_newsletter_access":"","_jetpack_dont_email_post_to_subs":false,"_jetpack_newsletter_tier_id":0,"_jetpack_memberships_contains_paywalled_content":false,"_jetpack_memberships_contains_paid_content":false,"footnotes":""},"categories":[732,2,1,3],"tags":[622,22,738],"class_list":["post-15668","post","type-post","status-publish","format-standard","has-post-thumbnail","hentry","category-covid-19","category-destaque","category-noticias","category-saude","tag-covid-19","tag-prefeitura-do-paudalho","tag-vacinacao-contra-a-covid-19"],"jetpack_featured_media_url":"https:\/\/www.paudalho.pe.gov.br\/portal\/wp-content\/uploads\/2021\/06\/WhatsApp-Image-2021-06-11-at-16.14.30.jpeg","jetpack_sharing_enabled":true,"jetpack_shortlink":"https:\/\/wp.me\/p98mS2-44I","_links":{"self":[{"href":"https:\/\/www.paudalho.pe.gov.br\/portal\/wp-json\/wp\/v2\/posts\/15668","targetHints":{"allow":["GET"]}}],"collection":[{"href":"https:\/\/www.paudalho.pe.gov.br\/portal\/wp-json\/wp\/v2\/posts"}],"about":[{"href":"https:\/\/www.paudalho.pe.gov.br\/portal\/wp-json\/wp\/v2\/types\/post"}],"author":[{"embeddable":true,"href":"https:\/\/www.paudalho.pe.gov.br\/portal\/wp-json\/wp\/v2\/users\/6"}],"replies":[{"embeddable":true,"href":"https:\/\/www.paudalho.pe.gov.br\/portal\/wp-json\/wp\/v2\/comments?post=15668"}],"version-history":[{"count":23,"href":"https:\/\/www.paudalho.pe.gov.br\/portal\/wp-json\/wp\/v2\/posts\/15668\/revisions"}],"predecessor-version":[{"id":15707,"href":"https:\/\/www.paudalho.pe.gov.br\/portal\/wp-json\/wp\/v2\/posts\/15668\/revisions\/15707"}],"wp:featuredmedia":[{"embeddable":true,"href":"https:\/\/www.paudalho.pe.gov.br\/portal\/wp-json\/wp\/v2\/media\/15671"}],"wp:attachment":[{"href":"https:\/\/www.paudalho.pe.gov.br\/portal\/wp-json\/wp\/v2\/media?parent=15668"}],"wp:term":[{"taxonomy":"category","embeddable":true,"href":"https:\/\/www.paudalho.pe.gov.br\/portal\/wp-json\/wp\/v2\/categories?post=15668"},{"taxonomy":"post_tag","embeddable":true,"href":"https:\/\/www.paudalho.pe.gov.br\/portal\/wp-json\/wp\/v2\/tags?post=15668"}],"curies":[{"name":"wp","href":"https:\/\/api.w.org\/{rel}","templated":true}]}}