{"id":15649,"date":"2021-07-01T10:18:24","date_gmt":"2021-07-01T13:18:24","guid":{"rendered":"https:\/\/www.paudalho.pe.gov.br\/portal\/?p=15649"},"modified":"2025-01-08T00:39:32","modified_gmt":"2025-01-08T03:39:32","slug":"paudalho-promove-plantio-de-1-500-mudas-de-arvores-nativas-da-mata-atlantica-na-proxima-segunda-feira-05","status":"publish","type":"post","link":"https:\/\/www.paudalho.pe.gov.br\/portal\/paudalho-promove-plantio-de-1-500-mudas-de-arvores-nativas-da-mata-atlantica-na-proxima-segunda-feira-05\/","title":{"rendered":"Paudalho promove plantio de 1.500 mudas de \u00e1rvores nativas da Mata Atl\u00e2ntica na pr\u00f3xima segunda-feira (05)"},"content":{"rendered":"\n<p>A Prefeitura do Paudalho realizar\u00e1 na pr\u00f3xima segunda-feira (05) uma a\u00e7\u00e3o de reflorestamento no munic\u00edpio. Na data, cerca de 1.500 mudas de \u00e1rvores nativas da Mata Atl\u00e2ntica ser\u00e3o plantadas com o objetivo de recuperar, fortalecer e conservar o bioma predominante no territ\u00f3rio municipal. A atividade ter\u00e1 in\u00edcio \u00e0s 9h e ocorrer\u00e1 no Loteamento Nova Paudalho, no local denominado popularmente como Pedra do Urubu, situado na comunidade Vila Santa M\u00f4nica.<\/p>\n\n\n\n<p>O evento faz parte da programa\u00e7\u00e3o planejada pela Secretaria Executiva de Desenvolvimento Econ\u00f4mico, Meio Ambiente e Qualifica\u00e7\u00e3o Profissional (SEDEMAQ) para a Semana do Meio Ambiente, marco anualmente celebrado entre os dias 01 e 05 de junho. Durante a ocasi\u00e3o, ser\u00e3o plantadas diversas esp\u00e9cies nativas da Mata Atl\u00e2ntica, entre elas o Ip\u00ea Rosa, o Ip\u00ea Roxo Azeitona, o Visgueiro, o Saboeiro, a Craibeira e o Jenipapo.<\/p>\n\n\n\n<p>O secret\u00e1rio da pasta, Josim\u00e1rio Marques, explica o prop\u00f3sito dessa atividade: \u201cCom essa a\u00e7\u00e3o n\u00f3s estamos garantindo a aplica\u00e7\u00e3o do Plano Municipal de Conserva\u00e7\u00e3o e Recupera\u00e7\u00e3o de Mata Atl\u00e2ntica (PMCRMA), j\u00e1 que o nosso munic\u00edpio det\u00e9m o maior resqu\u00edcio de Mata Atl\u00e2ntica da Zona da Mata de Pernambuco. Somos um munic\u00edpio privilegiado e vamos ampliar isso.\u201d&nbsp;Segundo o plano, posteriormente, mais 2.500 mudas ser\u00e3o plantadas em outros locais da cidade.<\/p>\n\n\n\n<figure class=\"wp-block-gallery columns-2 is-cropped wp-block-gallery-1 is-layout-flex wp-block-gallery-is-layout-flex\"><ul class=\"blocks-gallery-grid\"><li class=\"blocks-gallery-item\"><figure><img loading=\"lazy\" decoding=\"async\" width=\"800\" height=\"450\" data-attachment-id=\"15654\" data-permalink=\"https:\/\/www.paudalho.pe.gov.br\/portal\/paudalho-promove-plantio-de-1-500-mudas-de-arvores-nativas-da-mata-atlantica-na-proxima-segunda-feira-05\/196780265_3063852030605023_190423220757328004_n\/\" data-orig-file=\"https:\/\/www.paudalho.pe.gov.br\/portal\/wp-content\/uploads\/2021\/06\/196780265_3063852030605023_190423220757328004_n.jpg\" data-orig-size=\"932,679\" data-comments-opened=\"1\" data-image-meta=\"{&quot;aperture&quot;:&quot;0&quot;,&quot;credit&quot;:&quot;&quot;,&quot;camera&quot;:&quot;&quot;,&quot;caption&quot;:&quot;&quot;,&quot;created_timestamp&quot;:&quot;0&quot;,&quot;copyright&quot;:&quot;&quot;,&quot;focal_length&quot;:&quot;0&quot;,&quot;iso&quot;:&quot;0&quot;,&quot;shutter_speed&quot;:&quot;0&quot;,&quot;title&quot;:&quot;&quot;,&quot;orientation&quot;:&quot;0&quot;}\" data-image-title=\"Mata Atl\u00e2ntica em Paudalho-PE\" data-image-description=\"\" data-image-caption=\"&lt;p&gt;Foto: Josu\u00e9 J\u00fanior\/PMP.&lt;\/p&gt;\n\" data-medium-file=\"https:\/\/www.paudalho.pe.gov.br\/portal\/wp-content\/uploads\/2021\/06\/196780265_3063852030605023_190423220757328004_n-350x230.jpg\" data-large-file=\"https:\/\/www.paudalho.pe.gov.br\/portal\/wp-content\/uploads\/2021\/06\/196780265_3063852030605023_190423220757328004_n-800x450.jpg\" src=\"https:\/\/www.paudalho.pe.gov.br\/portal\/wp-content\/uploads\/2021\/06\/196780265_3063852030605023_190423220757328004_n-800x450.jpg\" alt=\"\" data-id=\"15654\" data-full-url=\"https:\/\/www.paudalho.pe.gov.br\/portal\/wp-content\/uploads\/2021\/06\/196780265_3063852030605023_190423220757328004_n.jpg\" data-link=\"https:\/\/www.paudalho.pe.gov.br\/portal\/?attachment_id=15654\" class=\"wp-image-15654\"\/><figcaption class=\"blocks-gallery-item__caption\"><em>Paudalho \u00e9 uma cidade que possui quase 20% do bioma Mata Atl\u00e2ntica em sua forma preservada. Foto: Josu\u00e9 J\u00fanior\/PMP.<\/em><\/figcaption><\/figure><\/li><li class=\"blocks-gallery-item\"><figure><img loading=\"lazy\" decoding=\"async\" width=\"800\" height=\"450\" data-attachment-id=\"15653\" data-permalink=\"https:\/\/www.paudalho.pe.gov.br\/portal\/paudalho-promove-plantio-de-1-500-mudas-de-arvores-nativas-da-mata-atlantica-na-proxima-segunda-feira-05\/196574080_159964199435814_804859397994350014_n\/\" data-orig-file=\"https:\/\/www.paudalho.pe.gov.br\/portal\/wp-content\/uploads\/2021\/06\/196574080_159964199435814_804859397994350014_n.jpg\" data-orig-size=\"932,679\" data-comments-opened=\"1\" data-image-meta=\"{&quot;aperture&quot;:&quot;0&quot;,&quot;credit&quot;:&quot;&quot;,&quot;camera&quot;:&quot;&quot;,&quot;caption&quot;:&quot;&quot;,&quot;created_timestamp&quot;:&quot;0&quot;,&quot;copyright&quot;:&quot;&quot;,&quot;focal_length&quot;:&quot;0&quot;,&quot;iso&quot;:&quot;0&quot;,&quot;shutter_speed&quot;:&quot;0&quot;,&quot;title&quot;:&quot;&quot;,&quot;orientation&quot;:&quot;0&quot;}\" data-image-title=\"196574080_159964199435814_804859397994350014_n\" data-image-description=\"\" data-image-caption=\"&lt;p&gt;Foto: Josu\u00e9 J\u00fanior\/PMP.&lt;\/p&gt;\n\" data-medium-file=\"https:\/\/www.paudalho.pe.gov.br\/portal\/wp-content\/uploads\/2021\/06\/196574080_159964199435814_804859397994350014_n-350x230.jpg\" data-large-file=\"https:\/\/www.paudalho.pe.gov.br\/portal\/wp-content\/uploads\/2021\/06\/196574080_159964199435814_804859397994350014_n-800x450.jpg\" src=\"https:\/\/www.paudalho.pe.gov.br\/portal\/wp-content\/uploads\/2021\/06\/196574080_159964199435814_804859397994350014_n-800x450.jpg\" alt=\"\" data-id=\"15653\" data-full-url=\"https:\/\/www.paudalho.pe.gov.br\/portal\/wp-content\/uploads\/2021\/06\/196574080_159964199435814_804859397994350014_n.jpg\" data-link=\"https:\/\/www.paudalho.pe.gov.br\/portal\/?attachment_id=15653\" class=\"wp-image-15653\"\/><figcaption class=\"blocks-gallery-item__caption\"><em>Preservar o meio ambiente \u00e9 garantir um futuro sustent\u00e1vel para as pr\u00f3ximas gera\u00e7\u00f5es. Foto: Josu\u00e9 J\u00fanior\/PMP.<\/em><\/figcaption><\/figure><\/li><\/ul><\/figure>\n\n\n\n<p>A iniciativa \u00e9 um trabalho conjunto da SEDEMAQ, da Secretaria Municipal de Educa\u00e7\u00e3o (SEDUC) e do setor de Comunica\u00e7\u00e3o da Prefeitura. Al\u00e9m desses grupos, a a\u00e7\u00e3o conta com a parceria da Secretaria Estadual de Meio Ambiente e Sustentabilidade de Pernambuco (SEMAS), da Ag\u00eancia Estadual de Meio Ambiente (CPRH\/PE) e da Companhia Pernambucana de Saneamento (COMPESA). <\/p>\n\n\n\n<p>Conforme os protocolos estaduais e municipais de preven\u00e7\u00e3o ao cont\u00e1gio da covid-19, o uso de m\u00e1scara e de \u00e1lcool em gel ser\u00e1 obrigat\u00f3rio durante o evento. O n\u00famero de pessoas no local tamb\u00e9m ser\u00e1 limitado. Entre os convidados, o encontro contar\u00e1 com a participa\u00e7\u00e3o de um pequeno grupo de estudantes da Rede Municipal de Ensino. \u201cN\u00f3s queremos com essa a\u00e7\u00e3o fazer um ato de educa\u00e7\u00e3o ambiental. \u00c9 necess\u00e1rio que os nossos jovens e as nossas crian\u00e7as comecem desde cedo a desenvolver a mentalidade ambientalista\u201d, destaca o secret\u00e1rio Josim\u00e1rio Marques. <\/p>\n\n\n\n<p>De acordo com a bi\u00f3loga e superintendente municipal de Meio Ambiente, Wanessa Bezerra, o respeito \u00e0 natureza em sua forma original \u00e9 um dos primeiros passos para uma cidade ambientalmente mais sustent\u00e1vel. Por isso, ela ressalta a import\u00e2ncia da a\u00e7\u00e3o no munic\u00edpio: &#8220;Paudalho \u00e9 uma cidade que possui quase 22% do bioma Mata Atl\u00e2ntica em sua forma preservada (&#8230;) a a\u00e7\u00e3o visa fazer uma busca pela a melhoria da qualidade de vida nos centros urbanos aliado \u00e0 sustentabilidade ambiental que \u00e9 justamente a promo\u00e7\u00e3o dessas \u00e1reas verdes.&#8221;<\/p>\n\n\n\n<h3 class=\"wp-block-heading\"><strong>Outras a\u00e7\u00f5es<\/strong><\/h3>\n\n\n\n<p>Al\u00e9m dessa iniciativa, durante o m\u00eas de junho, a SEDEMAQ realizou a <a rel=\"noreferrer noopener\" href=\"https:\/\/www.paudalho.pe.gov.br\/portal\/prefeitura-do-paudalho-realiza-dia-do-descarte-consciente-no-proximo-sabado-5\/\" target=\"_blank\">primeira edi\u00e7\u00e3o do Dia do Descarte Consciente<\/a>. O projeto \u00e9 um incentivo para que a popula\u00e7\u00e3o fa\u00e7a o descarte ambientalmente correto de res\u00edduos s\u00f3lidos recicl\u00e1veis de seus domic\u00edlios. A a\u00e7\u00e3o ocorreu no dia 05 de junho, no <a rel=\"noreferrer noopener\" href=\"https:\/\/www.paudalho.pe.gov.br\/portal\/dois-mil-quilos-de-residuos-solidos-foram-coletados-no-1o-dia-do-descarte-consciente-em-paudalho\/\" target=\"_blank\">centro da cidade<\/a>, e no dia 19, na comunidade <a rel=\"noreferrer noopener\" href=\"https:\/\/www.paudalho.pe.gov.br\/portal\/paudalho-proporciona-coleta-de-residuos-solidos-em-guadalajara-por-meio-da-acao-dia-do-descarte-consciente\/\" target=\"_blank\">Guadalajara<\/a>. No total, foram arrecadados 3.279 kg de materiais recicl\u00e1veis e 1.826 unidades de pilhas e baterias durante os dois eventos.  <\/p>\n","protected":false},"excerpt":{"rendered":"<p>A Prefeitura do Paudalho realizar\u00e1 na pr\u00f3xima segunda-feira (05) uma a\u00e7\u00e3o de reflorestamento no munic\u00edpio. Na data, cerca de 1.500 mudas de \u00e1rvores nativas da Mata Atl\u00e2ntica ser\u00e3o plantadas com o objetivo de recuperar, fortalecer e conservar o bioma predominante no territ\u00f3rio municipal. A atividade ter\u00e1 in\u00edcio \u00e0s 9h e ocorrer\u00e1 no Loteamento Nova Paudalho, [&hellip;]<\/p>\n","protected":false},"author":6,"featured_media":15652,"comment_status":"open","ping_status":"open","sticky":false,"template":"","format":"standard","meta":{"_jetpack_newsletter_access":"","_jetpack_dont_email_post_to_subs":false,"_jetpack_newsletter_tier_id":0,"_jetpack_memberships_contains_paywalled_content":false,"_jetpack_memberships_contains_paid_content":false,"footnotes":""},"categories":[2,1,746],"tags":[759,190,22,509],"class_list":["post-15649","post","type-post","status-publish","format-standard","has-post-thumbnail","hentry","category-destaque","category-noticias","category-sustentabilidade","tag-mata-atlantica","tag-meio-ambiente","tag-prefeitura-do-paudalho","tag-sustentabilidade"],"jetpack_featured_media_url":"https:\/\/www.paudalho.pe.gov.br\/portal\/wp-content\/uploads\/2021\/06\/nikola-jovanovic-OBok3F8buKY-unsplash-scaled.jpg","jetpack_sharing_enabled":true,"jetpack_shortlink":"https:\/\/wp.me\/p98mS2-44p","_links":{"self":[{"href":"https:\/\/www.paudalho.pe.gov.br\/portal\/wp-json\/wp\/v2\/posts\/15649","targetHints":{"allow":["GET"]}}],"collection":[{"href":"https:\/\/www.paudalho.pe.gov.br\/portal\/wp-json\/wp\/v2\/posts"}],"about":[{"href":"https:\/\/www.paudalho.pe.gov.br\/portal\/wp-json\/wp\/v2\/types\/post"}],"author":[{"embeddable":true,"href":"https:\/\/www.paudalho.pe.gov.br\/portal\/wp-json\/wp\/v2\/users\/6"}],"replies":[{"embeddable":true,"href":"https:\/\/www.paudalho.pe.gov.br\/portal\/wp-json\/wp\/v2\/comments?post=15649"}],"version-history":[{"count":52,"href":"https:\/\/www.paudalho.pe.gov.br\/portal\/wp-json\/wp\/v2\/posts\/15649\/revisions"}],"predecessor-version":[{"id":16249,"href":"https:\/\/www.paudalho.pe.gov.br\/portal\/wp-json\/wp\/v2\/posts\/15649\/revisions\/16249"}],"wp:featuredmedia":[{"embeddable":true,"href":"https:\/\/www.paudalho.pe.gov.br\/portal\/wp-json\/wp\/v2\/media\/15652"}],"wp:attachment":[{"href":"https:\/\/www.paudalho.pe.gov.br\/portal\/wp-json\/wp\/v2\/media?parent=15649"}],"wp:term":[{"taxonomy":"category","embeddable":true,"href":"https:\/\/www.paudalho.pe.gov.br\/portal\/wp-json\/wp\/v2\/categories?post=15649"},{"taxonomy":"post_tag","embeddable":true,"href":"https:\/\/www.paudalho.pe.gov.br\/portal\/wp-json\/wp\/v2\/tags?post=15649"}],"curies":[{"name":"wp","href":"https:\/\/api.w.org\/{rel}","templated":true}]}}