{"id":15625,"date":"2021-06-15T10:34:13","date_gmt":"2021-06-15T13:34:13","guid":{"rendered":"https:\/\/www.paudalho.pe.gov.br\/portal\/?p=15625"},"modified":"2025-01-08T00:39:44","modified_gmt":"2025-01-08T03:39:44","slug":"prefeitura-do-paudalho-realizara-dia-do-descarte-consciente-na-comunidade-de-guadalajara","status":"publish","type":"post","link":"https:\/\/www.paudalho.pe.gov.br\/portal\/prefeitura-do-paudalho-realizara-dia-do-descarte-consciente-na-comunidade-de-guadalajara\/","title":{"rendered":"Prefeitura do Paudalho realizar\u00e1 Dia do Descarte Consciente na comunidade de Guadalajara"},"content":{"rendered":"\n<p>No pr\u00f3ximo s\u00e1bado (19), a Prefeitura do Paudalho, em parceria com a Secretaria Executiva de Desenvolvimento Econ\u00f4mico, Meio Ambiente e Qualifica\u00e7\u00e3o Profissional (SEDEMAQ), realizar\u00e1 a iniciativa Dia do Descarte Consciente na comunidade de Guadalajara. Essa nova data foi estabelecida com o objetivo de levar a a\u00e7\u00e3o que visa incentivar o descarte de res\u00edduos s\u00f3lidos de forma ambientalmente correta para bairros mais distantes do centro do munic\u00edpio.<\/p>\n\n\n\n<p>Com in\u00edcio \u00e0s 8h e t\u00e9rmino \u00e0s 14h, o evento ocorrer\u00e1 em dois pontos da comunidade, o Col\u00e9gio Municipal de Guadalajara (CMG) e a Escola Municipal Gilda Barbosa. A a\u00e7\u00e3o conta com a parceria da Secretaria Municipal de Educa\u00e7\u00e3o (SEDUC), da Secretaria de Desenvolvimento Urbano e Meio Ambiente, e com o apoio da Cooperativa de Catadores de Materiais Recicl\u00e1veis de Paudalho (COOPCAPA).<\/p>\n\n\n\n<h3 class=\"wp-block-heading\"><strong>Como participar<\/strong><\/h3>\n\n\n\n<p>Para colaborar com a iniciativa, o mun\u00edcipe deve se dirigir at\u00e9 um dos pontos de coleta citados. No local, o cidad\u00e3o poder\u00e1 entregar materiais como&nbsp;<strong>pl\u00e1stico, papel, papel\u00e3o, metais, alum\u00ednio, ferro, eletroeletr\u00f4nicos quebrados, m\u00f3veis danificados, \u00f3leo de cozinha, pilhas e baterias<\/strong>. A Prefeitura do Paudalho ressalta que durante a ocasi\u00e3o todos os protocolos de preven\u00e7\u00e3o e seguran\u00e7a contra a Covid-19 ser\u00e3o seguidos, como o distanciamento social, o uso de m\u00e1scara e \u00e1lcool em gel.<\/p>\n\n\n\n<figure class=\"wp-block-gallery columns-2 is-cropped wp-block-gallery-1 is-layout-flex wp-block-gallery-is-layout-flex\"><ul class=\"blocks-gallery-grid\"><li class=\"blocks-gallery-item\"><figure><img loading=\"lazy\" decoding=\"async\" width=\"800\" height=\"450\" data-attachment-id=\"15324\" data-permalink=\"https:\/\/www.paudalho.pe.gov.br\/portal\/dois-mil-quilos-de-residuos-solidos-foram-coletados-no-1o-dia-do-descarte-consciente-em-paudalho\/whatsapp-image-2021-06-07-at-12-55-26\/\" data-orig-file=\"https:\/\/www.paudalho.pe.gov.br\/portal\/wp-content\/uploads\/2021\/06\/WhatsApp-Image-2021-06-07-at-12.55.26.jpeg\" data-orig-size=\"1280,960\" data-comments-opened=\"1\" data-image-meta=\"{&quot;aperture&quot;:&quot;0&quot;,&quot;credit&quot;:&quot;&quot;,&quot;camera&quot;:&quot;&quot;,&quot;caption&quot;:&quot;&quot;,&quot;created_timestamp&quot;:&quot;0&quot;,&quot;copyright&quot;:&quot;&quot;,&quot;focal_length&quot;:&quot;0&quot;,&quot;iso&quot;:&quot;0&quot;,&quot;shutter_speed&quot;:&quot;0&quot;,&quot;title&quot;:&quot;&quot;,&quot;orientation&quot;:&quot;0&quot;}\" data-image-title=\"1\u00ba Dia do Descarte Consciente em Paudalho-PE\" data-image-description=\"\" data-image-caption=\"&lt;p&gt;Foto: Divulga\u00e7\u00e3o\/SEDEMAQ.&lt;\/p&gt;\n\" data-medium-file=\"https:\/\/www.paudalho.pe.gov.br\/portal\/wp-content\/uploads\/2021\/06\/WhatsApp-Image-2021-06-07-at-12.55.26-350x230.jpeg\" data-large-file=\"https:\/\/www.paudalho.pe.gov.br\/portal\/wp-content\/uploads\/2021\/06\/WhatsApp-Image-2021-06-07-at-12.55.26-800x450.jpeg\" src=\"https:\/\/www.paudalho.pe.gov.br\/portal\/wp-content\/uploads\/2021\/06\/WhatsApp-Image-2021-06-07-at-12.55.26-800x450.jpeg\" alt=\"\" data-id=\"15324\" data-full-url=\"https:\/\/www.paudalho.pe.gov.br\/portal\/wp-content\/uploads\/2021\/06\/WhatsApp-Image-2021-06-07-at-12.55.26.jpeg\" data-link=\"https:\/\/www.paudalho.pe.gov.br\/portal\/dois-mil-quilos-de-residuos-solidos-foram-coletados-no-1o-dia-do-descarte-consciente-em-paudalho\/whatsapp-image-2021-06-07-at-12-55-26\/\" class=\"wp-image-15324\"\/><figcaption class=\"blocks-gallery-item__caption\"><em>Mais de 1.500 unidades de pilhas e baterias foram recolhidas durante a primeira atividade do Dia do Descarte Consciente em Paudalho. Foto: Divulga\u00e7\u00e3o\/SEDEMAQ.<\/em><\/figcaption><\/figure><\/li><li class=\"blocks-gallery-item\"><figure><img loading=\"lazy\" decoding=\"async\" width=\"800\" height=\"450\" data-attachment-id=\"15325\" data-permalink=\"https:\/\/www.paudalho.pe.gov.br\/portal\/dois-mil-quilos-de-residuos-solidos-foram-coletados-no-1o-dia-do-descarte-consciente-em-paudalho\/whatsapp-image-2021-06-07-at-12-55-25-1\/\" data-orig-file=\"https:\/\/www.paudalho.pe.gov.br\/portal\/wp-content\/uploads\/2021\/06\/WhatsApp-Image-2021-06-07-at-12.55.25-1.jpeg\" data-orig-size=\"1280,960\" data-comments-opened=\"1\" data-image-meta=\"{&quot;aperture&quot;:&quot;0&quot;,&quot;credit&quot;:&quot;&quot;,&quot;camera&quot;:&quot;&quot;,&quot;caption&quot;:&quot;&quot;,&quot;created_timestamp&quot;:&quot;0&quot;,&quot;copyright&quot;:&quot;&quot;,&quot;focal_length&quot;:&quot;0&quot;,&quot;iso&quot;:&quot;0&quot;,&quot;shutter_speed&quot;:&quot;0&quot;,&quot;title&quot;:&quot;&quot;,&quot;orientation&quot;:&quot;0&quot;}\" data-image-title=\"1\u00ba Dia do Descarte Consciente em Paudalho-PE.\" data-image-description=\"\" data-image-caption=\"&lt;p&gt;Foto: Divulga\u00e7\u00e3o\/SEDEMAQ.&lt;\/p&gt;\n\" data-medium-file=\"https:\/\/www.paudalho.pe.gov.br\/portal\/wp-content\/uploads\/2021\/06\/WhatsApp-Image-2021-06-07-at-12.55.25-1-350x230.jpeg\" data-large-file=\"https:\/\/www.paudalho.pe.gov.br\/portal\/wp-content\/uploads\/2021\/06\/WhatsApp-Image-2021-06-07-at-12.55.25-1-800x450.jpeg\" src=\"https:\/\/www.paudalho.pe.gov.br\/portal\/wp-content\/uploads\/2021\/06\/WhatsApp-Image-2021-06-07-at-12.55.25-1-800x450.jpeg\" alt=\"\" data-id=\"15325\" data-full-url=\"https:\/\/www.paudalho.pe.gov.br\/portal\/wp-content\/uploads\/2021\/06\/WhatsApp-Image-2021-06-07-at-12.55.25-1.jpeg\" data-link=\"https:\/\/www.paudalho.pe.gov.br\/portal\/dois-mil-quilos-de-residuos-solidos-foram-coletados-no-1o-dia-do-descarte-consciente-em-paudalho\/whatsapp-image-2021-06-07-at-12-55-25-1\/\" class=\"wp-image-15325\"\/><figcaption class=\"blocks-gallery-item__caption\"><em>Os res\u00edduos s\u00f3lidos recolhidos tamb\u00e9m foram fonte de renda para os catadores da COOPCAPA. Foto: Divulga\u00e7\u00e3o\/SEDEMAQ.<\/em><\/figcaption><\/figure><\/li><\/ul><\/figure>\n\n\n\n<h3 class=\"wp-block-heading\"><strong>Iniciativa in\u00e9dita em Paudalho<\/strong><\/h3>\n\n\n\n<p>No primeiro s\u00e1bado de junho, dia 5, a Prefeitura realizou a etapa inicial da a\u00e7\u00e3o Dia do Descarte Consciente com um ponto de coleta montado no P\u00e1tio de Eventos Beira Rio, no Centro. A atividade fez parte da programa\u00e7\u00e3o da Semana Nacional do Meio Ambiente e ocorreu na mesma data em que se comemora o Dia Mundial do Meio Ambiente. <\/p>\n\n\n\n<p>Iniciativa in\u00e9dita no munic\u00edpio de Paudalho, o evento mobilizou a popula\u00e7\u00e3o em prol da coleta seletiva e da preserva\u00e7\u00e3o dos recursos naturais. Durante a ocasi\u00e3o, foram coletados <a rel=\"noreferrer noopener\" href=\"https:\/\/www.paudalho.pe.gov.br\/portal\/dois-mil-quilos-de-residuos-solidos-foram-coletados-no-1o-dia-do-descarte-consciente-em-paudalho\/\" target=\"_blank\">2 mil quilos de materiais recicl\u00e1veis e 1.532 unidades de pilhas e baterias<\/a>. Al\u00e9m de corretamente descartados, esses res\u00edduos serviram como fonte de renda para os participantes da Cooperativa de Catadores de Materiais Recicl\u00e1veis de Paudalho (COOPCAPA). <\/p>\n","protected":false},"excerpt":{"rendered":"<p>No pr\u00f3ximo s\u00e1bado (19), a Prefeitura do Paudalho, em parceria com a Secretaria Executiva de Desenvolvimento Econ\u00f4mico, Meio Ambiente e Qualifica\u00e7\u00e3o Profissional (SEDEMAQ), realizar\u00e1 a iniciativa Dia do Descarte Consciente na comunidade de Guadalajara. Essa nova data foi estabelecida com o objetivo de levar a a\u00e7\u00e3o que visa incentivar o descarte de res\u00edduos s\u00f3lidos de [&hellip;]<\/p>\n","protected":false},"author":6,"featured_media":15634,"comment_status":"open","ping_status":"open","sticky":false,"template":"","format":"standard","meta":{"_jetpack_newsletter_access":"","_jetpack_dont_email_post_to_subs":false,"_jetpack_newsletter_tier_id":0,"_jetpack_memberships_contains_paywalled_content":false,"_jetpack_memberships_contains_paid_content":false,"footnotes":""},"categories":[2,1,746],"tags":[752,22,754],"class_list":["post-15625","post","type-post","status-publish","format-standard","has-post-thumbnail","hentry","category-destaque","category-noticias","category-sustentabilidade","tag-dia-do-descarte-consciente","tag-prefeitura-do-paudalho","tag-sedemaq"],"jetpack_featured_media_url":"https:\/\/www.paudalho.pe.gov.br\/portal\/wp-content\/uploads\/2021\/06\/sigmund-aI4RJ-Mw4I-unsplash-scaled.jpg","jetpack_sharing_enabled":true,"jetpack_shortlink":"https:\/\/wp.me\/p98mS2-441","_links":{"self":[{"href":"https:\/\/www.paudalho.pe.gov.br\/portal\/wp-json\/wp\/v2\/posts\/15625","targetHints":{"allow":["GET"]}}],"collection":[{"href":"https:\/\/www.paudalho.pe.gov.br\/portal\/wp-json\/wp\/v2\/posts"}],"about":[{"href":"https:\/\/www.paudalho.pe.gov.br\/portal\/wp-json\/wp\/v2\/types\/post"}],"author":[{"embeddable":true,"href":"https:\/\/www.paudalho.pe.gov.br\/portal\/wp-json\/wp\/v2\/users\/6"}],"replies":[{"embeddable":true,"href":"https:\/\/www.paudalho.pe.gov.br\/portal\/wp-json\/wp\/v2\/comments?post=15625"}],"version-history":[{"count":15,"href":"https:\/\/www.paudalho.pe.gov.br\/portal\/wp-json\/wp\/v2\/posts\/15625\/revisions"}],"predecessor-version":[{"id":15641,"href":"https:\/\/www.paudalho.pe.gov.br\/portal\/wp-json\/wp\/v2\/posts\/15625\/revisions\/15641"}],"wp:featuredmedia":[{"embeddable":true,"href":"https:\/\/www.paudalho.pe.gov.br\/portal\/wp-json\/wp\/v2\/media\/15634"}],"wp:attachment":[{"href":"https:\/\/www.paudalho.pe.gov.br\/portal\/wp-json\/wp\/v2\/media?parent=15625"}],"wp:term":[{"taxonomy":"category","embeddable":true,"href":"https:\/\/www.paudalho.pe.gov.br\/portal\/wp-json\/wp\/v2\/categories?post=15625"},{"taxonomy":"post_tag","embeddable":true,"href":"https:\/\/www.paudalho.pe.gov.br\/portal\/wp-json\/wp\/v2\/tags?post=15625"}],"curies":[{"name":"wp","href":"https:\/\/api.w.org\/{rel}","templated":true}]}}