{"id":15480,"date":"2021-06-10T13:43:15","date_gmt":"2021-06-10T16:43:15","guid":{"rendered":"https:\/\/www.paudalho.pe.gov.br\/portal\/?p=15480"},"modified":"2025-01-08T00:39:44","modified_gmt":"2025-01-08T03:39:44","slug":"em-paudalho-pessoas-a-partir-dos-40-anos-ja-podem-realizar-o-pre-cadastro-para-a-vacinacao-contra-a-covid-19","status":"publish","type":"post","link":"https:\/\/www.paudalho.pe.gov.br\/portal\/em-paudalho-pessoas-a-partir-dos-40-anos-ja-podem-realizar-o-pre-cadastro-para-a-vacinacao-contra-a-covid-19\/","title":{"rendered":"Em Paudalho, pessoas a partir dos 40 anos j\u00e1 podem realizar o pr\u00e9-cadastro para a vacina\u00e7\u00e3o contra a Covid-19"},"content":{"rendered":"\n<p>A Prefeitura do Paudalho anuncia na tarde desta quinta-feira (10) o <strong><a rel=\"noreferrer noopener\" href=\"https:\/\/paudalho.basemunicipal.com\/saude\/covid\/vacinacao\/pre-cadastro\" target=\"_blank\">pr\u00e9-cadastro on-line<\/a><\/strong> de pessoas a partir dos 40 anos de idade para a vacina\u00e7\u00e3o contra a Covid-19. Os mun\u00edcipes nessa faixa et\u00e1ria devem acessar o site disponibilizado pela Secretaria Municipal de Sa\u00fade e preencher os campos solicitados com suas informa\u00e7\u00f5es pessoais. <\/p>\n\n\n\n<p>A expectativa \u00e9 que a imuniza\u00e7\u00e3o desse novo grupo seja iniciada na pr\u00f3xima semana, \u00e0 medida que novas doses da vacina sejam recebidas pelo munic\u00edpio. Inicialmente, pessoas de 49 anos ser\u00e3o imunizadas, depois 48, e assim seguir\u00e1 de modo regressivo.&nbsp;<\/p>\n\n\n\n<p><strong><a href=\"https:\/\/paudalho.basemunicipal.com\/saude\/covid\/vacinacao\/pre-cadastro\" target=\"_blank\" rel=\"noreferrer noopener\">CLIQUE AQUI E REALIZE O SEU PR\u00c9-CADASTRO!<\/a><\/strong><\/p>\n\n\n\n<p>A Prefeitura tamb\u00e9m passa a adotar um novo m\u00e9todo de cadastramento a partir de hoje (10). Todas as categorias que est\u00e3o inclu\u00eddas na campanha de vacina\u00e7\u00e3o dever\u00e3o fazer o pr\u00e9-cadastro atrav\u00e9s do mesmo <strong><a rel=\"noreferrer noopener\" href=\"https:\/\/paudalho.basemunicipal.com\/saude\/covid\/vacinacao\/pre-cadastro\" target=\"_blank\">endere\u00e7o eletr\u00f4nico<\/a><\/strong>. Essa mudan\u00e7a tem a finalidade de melhorar e dar mais agilidade ao procedimento. As vacinas seguem sendo aplicadas na parada drive-thru em frente a Pra\u00e7a Pedro Coutinho, no Centro, com funcionamento de domingo a domingo, das 8h \u00e0s 16h. <\/p>\n\n\n\n<figure class=\"wp-block-image size-large\"><img loading=\"lazy\" decoding=\"async\" width=\"800\" height=\"450\" data-attachment-id=\"15560\" data-permalink=\"https:\/\/www.paudalho.pe.gov.br\/portal\/em-paudalho-pessoas-a-partir-dos-40-anos-ja-podem-realizar-o-pre-cadastro-para-a-vacinacao-contra-a-covid-19\/novositevacina\/\" data-orig-file=\"https:\/\/www.paudalho.pe.gov.br\/portal\/wp-content\/uploads\/2021\/06\/novositevacina.png\" data-orig-size=\"1347,613\" data-comments-opened=\"1\" data-image-meta=\"{&quot;aperture&quot;:&quot;0&quot;,&quot;credit&quot;:&quot;&quot;,&quot;camera&quot;:&quot;&quot;,&quot;caption&quot;:&quot;&quot;,&quot;created_timestamp&quot;:&quot;0&quot;,&quot;copyright&quot;:&quot;&quot;,&quot;focal_length&quot;:&quot;0&quot;,&quot;iso&quot;:&quot;0&quot;,&quot;shutter_speed&quot;:&quot;0&quot;,&quot;title&quot;:&quot;&quot;,&quot;orientation&quot;:&quot;0&quot;}\" data-image-title=\"novositevacina\" data-image-description=\"\" data-image-caption=\"\" data-medium-file=\"https:\/\/www.paudalho.pe.gov.br\/portal\/wp-content\/uploads\/2021\/06\/novositevacina-350x230.png\" data-large-file=\"https:\/\/www.paudalho.pe.gov.br\/portal\/wp-content\/uploads\/2021\/06\/novositevacina-800x450.png\" src=\"https:\/\/www.paudalho.pe.gov.br\/portal\/wp-content\/uploads\/2021\/06\/novositevacina-800x450.png\" alt=\"\" class=\"wp-image-15560\"\/><figcaption><em>A Prefeitura do Paudalho tamb\u00e9m lan\u00e7ou uma nova plataforma para o pr\u00e9-cadastramento on-line nesta quinta-feira (10). <\/em><\/figcaption><\/figure>\n\n\n\n<h3 class=\"wp-block-heading\"><strong>Campanha de Vacina\u00e7\u00e3o<\/strong><\/h3>\n\n\n\n<p>O munic\u00edpio avan\u00e7a na campanha de vacina\u00e7\u00e3o e j\u00e1 soma mais de 14 mil doses da vacina aplicada. Para expandir a imuniza\u00e7\u00e3o para mais bairros da cidade e facilitar o acesso \u00e0s doses para a popula\u00e7\u00e3o, a Prefeitura est\u00e1 implantando pontos itinerantes. O primeiro foi montado na comunidade de Guadalajara, na sexta-feira, dia 4 de junho. Uma nova parada ser\u00e1 realizada no s\u00e1bado (12), <a rel=\"noreferrer noopener\" href=\"https:\/\/www.paudalho.pe.gov.br\/portal\/comunidade-de-cha-de-cruz-recebe-ponto-itinerante-de-vacinacao-contra-a-covid-19-no-proximo-sabado-12\/\" target=\"_blank\"><strong>na comunidade de Ch\u00e3 de Cruz<\/strong><\/a>. <\/p>\n\n\n\n<p>Confira na tabela abaixo a lista com os grupos que podem ser imunizados em Paudalho:<\/p>\n\n\n\n<figure class=\"wp-block-table\"><table><tbody><tr><td><strong>GRUPOS INCLU\u00cdDOS NA CAMPANHA DE VACINA\u00c7\u00c3O CONTRA A COVID-19 EM PAUDALHO<\/strong><\/td><\/tr><tr><td>\u2022 Trabalhadores da \u00e1rea de Sa\u00fade;<\/td><\/tr><tr><td>\u2022 Idosos institucionalizados;<\/td><\/tr><tr><td>\u2022 Pessoas de 85 anos ou mais;<\/td><\/tr><tr><td>\u2022 Pessoas de 60 a 85 anos;<\/td><\/tr><tr><td>\u2022 Pessoas de 50 a 59 anos;&nbsp;<\/td><\/tr><tr><td>\u2022 Pessoas de 40 a 49 anos;&nbsp;<\/td><\/tr><tr><td>\u2022 Pessoas com comorbidades e defici\u00eancias permanentes;&nbsp;<\/td><\/tr><tr><td>\u2022 Gestantes e pu\u00e9rperas;<\/td><\/tr><tr><td>\u2022 Trabalhadores de transporte coletivo, industriais, de limpeza urbana e caminhoneiros;&nbsp;<\/td><\/tr><tr><td>\u2022 Trabalhadores da \u00e1rea de Educa\u00e7\u00e3o;<\/td><\/tr><tr><td>\u2022 Trabalhadores da Assist\u00eancia Social;<\/td><\/tr><tr><td>\u2022 For\u00e7as de Seguran\u00e7a e Salvamento.<\/td><\/tr><\/tbody><\/table><\/figure>\n\n\n\n<p><\/p>\n","protected":false},"excerpt":{"rendered":"<p>A Prefeitura do Paudalho anuncia na tarde desta quinta-feira (10) o pr\u00e9-cadastro on-line de pessoas a partir dos 40 anos de idade para a vacina\u00e7\u00e3o contra a Covid-19. Os mun\u00edcipes nessa faixa et\u00e1ria devem acessar o site disponibilizado pela Secretaria Municipal de Sa\u00fade e preencher os campos solicitados com suas informa\u00e7\u00f5es pessoais. A expectativa \u00e9 [&hellip;]<\/p>\n","protected":false},"author":6,"featured_media":15482,"comment_status":"open","ping_status":"open","sticky":false,"template":"","format":"standard","meta":{"_jetpack_newsletter_access":"","_jetpack_dont_email_post_to_subs":false,"_jetpack_newsletter_tier_id":0,"_jetpack_memberships_contains_paywalled_content":false,"_jetpack_memberships_contains_paid_content":false,"footnotes":""},"categories":[732,2,1,3],"tags":[22,168,738],"class_list":["post-15480","post","type-post","status-publish","format-standard","has-post-thumbnail","hentry","category-covid-19","category-destaque","category-noticias","category-saude","tag-prefeitura-do-paudalho","tag-secretaria-de-saude","tag-vacinacao-contra-a-covid-19"],"jetpack_featured_media_url":"https:\/\/www.paudalho.pe.gov.br\/portal\/wp-content\/uploads\/2021\/06\/195852932_1561476360721294_1461516439678647132_n.jpg","jetpack_sharing_enabled":true,"jetpack_shortlink":"https:\/\/wp.me\/p98mS2-41G","_links":{"self":[{"href":"https:\/\/www.paudalho.pe.gov.br\/portal\/wp-json\/wp\/v2\/posts\/15480","targetHints":{"allow":["GET"]}}],"collection":[{"href":"https:\/\/www.paudalho.pe.gov.br\/portal\/wp-json\/wp\/v2\/posts"}],"about":[{"href":"https:\/\/www.paudalho.pe.gov.br\/portal\/wp-json\/wp\/v2\/types\/post"}],"author":[{"embeddable":true,"href":"https:\/\/www.paudalho.pe.gov.br\/portal\/wp-json\/wp\/v2\/users\/6"}],"replies":[{"embeddable":true,"href":"https:\/\/www.paudalho.pe.gov.br\/portal\/wp-json\/wp\/v2\/comments?post=15480"}],"version-history":[{"count":20,"href":"https:\/\/www.paudalho.pe.gov.br\/portal\/wp-json\/wp\/v2\/posts\/15480\/revisions"}],"predecessor-version":[{"id":16058,"href":"https:\/\/www.paudalho.pe.gov.br\/portal\/wp-json\/wp\/v2\/posts\/15480\/revisions\/16058"}],"wp:featuredmedia":[{"embeddable":true,"href":"https:\/\/www.paudalho.pe.gov.br\/portal\/wp-json\/wp\/v2\/media\/15482"}],"wp:attachment":[{"href":"https:\/\/www.paudalho.pe.gov.br\/portal\/wp-json\/wp\/v2\/media?parent=15480"}],"wp:term":[{"taxonomy":"category","embeddable":true,"href":"https:\/\/www.paudalho.pe.gov.br\/portal\/wp-json\/wp\/v2\/categories?post=15480"},{"taxonomy":"post_tag","embeddable":true,"href":"https:\/\/www.paudalho.pe.gov.br\/portal\/wp-json\/wp\/v2\/tags?post=15480"}],"curies":[{"name":"wp","href":"https:\/\/api.w.org\/{rel}","templated":true}]}}