{"id":15450,"date":"2021-06-09T12:58:27","date_gmt":"2021-06-09T15:58:27","guid":{"rendered":"https:\/\/www.paudalho.pe.gov.br\/portal\/?p=15450"},"modified":"2025-01-08T00:39:44","modified_gmt":"2025-01-08T03:39:44","slug":"comunidade-de-cha-de-cruz-recebe-ponto-itinerante-de-vacinacao-contra-a-covid-19-no-proximo-sabado-12","status":"publish","type":"post","link":"https:\/\/www.paudalho.pe.gov.br\/portal\/comunidade-de-cha-de-cruz-recebe-ponto-itinerante-de-vacinacao-contra-a-covid-19-no-proximo-sabado-12\/","title":{"rendered":"Comunidade de Ch\u00e3 de Cruz recebe ponto itinerante de vacina\u00e7\u00e3o contra a Covid-19 no pr\u00f3ximo s\u00e1bado (12)"},"content":{"rendered":"\n<p>A campanha de vacina\u00e7\u00e3o contra a covid-19 na cidade de Paudalho avan\u00e7a a cada novo dia. No pr\u00f3ximo s\u00e1bado (12), a Secretaria de Sa\u00fade montar\u00e1 um novo ponto de vacina\u00e7\u00e3o com sistema itinerante na comunidade de Ch\u00e3 de Cruz. A imuniza\u00e7\u00e3o ocorrer\u00e1 na Escola Municipal Maria De F\u00e1tima, das 8h \u00e0s 13h. A primeira a\u00e7\u00e3o com esse tipo de modalidade no munic\u00edpio ocorreu no \u00faltimo s\u00e1bado, dia 5 de junho, no Col\u00e9gio Municipal de Guadalajara (CMG).<\/p>\n\n\n\n<p><a href=\"https:\/\/paudalho.basemunicipal.com\/saude\/covid\/vacinacao\/pre-cadastro\" target=\"_blank\" rel=\"noreferrer noopener\"><strong>>>> REALIZE O SEU PR\u00c9-CADASTRO AQUI!<\/strong><\/a><\/p>\n\n\n\n<p>Os pontos itinerantes est\u00e3o sendo implantados com o objetivo de expandir a campanha de imuniza\u00e7\u00e3o para mais bairros da cidade e facilitar o acesso \u00e0s doses para a popula\u00e7\u00e3o. Al\u00e9m deles, as vacinas seguem sendo aplicadas na parada drive-thru em frente a Pra\u00e7a Pedro Coutinho, no Centro, com funcionamento de domingo a domingo, das 8h \u00e0s 16h. A Prefeitura do Paudalho tamb\u00e9m continua a aplica\u00e7\u00e3o das doses em domic\u00edlio para pessoas idosas, acamadas ou com problemas de locomo\u00e7\u00e3o.<\/p>\n\n\n\n<figure class=\"wp-block-gallery columns-2 is-cropped wp-block-gallery-1 is-layout-flex wp-block-gallery-is-layout-flex\"><ul class=\"blocks-gallery-grid\"><li class=\"blocks-gallery-item\"><figure><img loading=\"lazy\" decoding=\"async\" width=\"800\" height=\"450\" data-attachment-id=\"15455\" data-permalink=\"https:\/\/www.paudalho.pe.gov.br\/portal\/comunidade-de-cha-de-cruz-recebe-ponto-itinerante-de-vacinacao-contra-a-covid-19-no-proximo-sabado-12\/vacinacaocovidguadalajara2\/\" data-orig-file=\"https:\/\/www.paudalho.pe.gov.br\/portal\/wp-content\/uploads\/2021\/06\/vacinacaocovidguadalajara2.jpeg\" data-orig-size=\"1280,720\" data-comments-opened=\"1\" data-image-meta=\"{&quot;aperture&quot;:&quot;0&quot;,&quot;credit&quot;:&quot;&quot;,&quot;camera&quot;:&quot;&quot;,&quot;caption&quot;:&quot;&quot;,&quot;created_timestamp&quot;:&quot;0&quot;,&quot;copyright&quot;:&quot;&quot;,&quot;focal_length&quot;:&quot;0&quot;,&quot;iso&quot;:&quot;0&quot;,&quot;shutter_speed&quot;:&quot;0&quot;,&quot;title&quot;:&quot;&quot;,&quot;orientation&quot;:&quot;0&quot;}\" data-image-title=\"vacinacaocovidguadalajara2\" data-image-description=\"\" data-image-caption=\"&lt;p&gt;Foto: Josu\u00e9 J\u00fanior\/PMP.&lt;\/p&gt;\n\" data-medium-file=\"https:\/\/www.paudalho.pe.gov.br\/portal\/wp-content\/uploads\/2021\/06\/vacinacaocovidguadalajara2-350x230.jpeg\" data-large-file=\"https:\/\/www.paudalho.pe.gov.br\/portal\/wp-content\/uploads\/2021\/06\/vacinacaocovidguadalajara2-800x450.jpeg\" src=\"https:\/\/www.paudalho.pe.gov.br\/portal\/wp-content\/uploads\/2021\/06\/vacinacaocovidguadalajara2-800x450.jpeg\" alt=\"\" data-id=\"15455\" data-full-url=\"https:\/\/www.paudalho.pe.gov.br\/portal\/wp-content\/uploads\/2021\/06\/vacinacaocovidguadalajara2.jpeg\" data-link=\"https:\/\/www.paudalho.pe.gov.br\/portal\/?attachment_id=15455\" class=\"wp-image-15455\" srcset=\"https:\/\/www.paudalho.pe.gov.br\/portal\/wp-content\/uploads\/2021\/06\/vacinacaocovidguadalajara2-800x450.jpeg 800w, https:\/\/www.paudalho.pe.gov.br\/portal\/wp-content\/uploads\/2021\/06\/vacinacaocovidguadalajara2-768x432.jpeg 768w, https:\/\/www.paudalho.pe.gov.br\/portal\/wp-content\/uploads\/2021\/06\/vacinacaocovidguadalajara2.jpeg 1280w\" sizes=\"auto, (max-width: 800px) 100vw, 800px\" \/><figcaption class=\"blocks-gallery-item__caption\"><em>Mun\u00edcipe \u00e9 vacinado contra a covid-19 no Col\u00e9gio Municipal de Guadalajara (CMG). O local foi o primeiro ponto de vacina\u00e7\u00e3o itinerante em Paudalho. Foto: Guilherme Ricardo\/PMP.<\/em><\/figcaption><\/figure><\/li><li class=\"blocks-gallery-item\"><figure><img loading=\"lazy\" decoding=\"async\" width=\"800\" height=\"450\" data-attachment-id=\"15454\" data-permalink=\"https:\/\/www.paudalho.pe.gov.br\/portal\/comunidade-de-cha-de-cruz-recebe-ponto-itinerante-de-vacinacao-contra-a-covid-19-no-proximo-sabado-12\/vacinacaocovidguadalajara1\/\" data-orig-file=\"https:\/\/www.paudalho.pe.gov.br\/portal\/wp-content\/uploads\/2021\/06\/vacinacaocovidguadalajara1.jpeg\" data-orig-size=\"1280,960\" data-comments-opened=\"1\" data-image-meta=\"{&quot;aperture&quot;:&quot;0&quot;,&quot;credit&quot;:&quot;&quot;,&quot;camera&quot;:&quot;&quot;,&quot;caption&quot;:&quot;&quot;,&quot;created_timestamp&quot;:&quot;0&quot;,&quot;copyright&quot;:&quot;&quot;,&quot;focal_length&quot;:&quot;0&quot;,&quot;iso&quot;:&quot;0&quot;,&quot;shutter_speed&quot;:&quot;0&quot;,&quot;title&quot;:&quot;&quot;,&quot;orientation&quot;:&quot;0&quot;}\" data-image-title=\"vacinacaocovidguadalajara1\" data-image-description=\"\" data-image-caption=\"&lt;p&gt;Foto: Josu\u00e9 J\u00fanior\/PMP.&lt;\/p&gt;\n\" data-medium-file=\"https:\/\/www.paudalho.pe.gov.br\/portal\/wp-content\/uploads\/2021\/06\/vacinacaocovidguadalajara1-350x230.jpeg\" data-large-file=\"https:\/\/www.paudalho.pe.gov.br\/portal\/wp-content\/uploads\/2021\/06\/vacinacaocovidguadalajara1-800x450.jpeg\" src=\"https:\/\/www.paudalho.pe.gov.br\/portal\/wp-content\/uploads\/2021\/06\/vacinacaocovidguadalajara1-800x450.jpeg\" alt=\"\" data-id=\"15454\" data-full-url=\"https:\/\/www.paudalho.pe.gov.br\/portal\/wp-content\/uploads\/2021\/06\/vacinacaocovidguadalajara1.jpeg\" data-link=\"https:\/\/www.paudalho.pe.gov.br\/portal\/?attachment_id=15454\" class=\"wp-image-15454\"\/><figcaption class=\"blocks-gallery-item__caption\"><em>Para receber a vacina contra a covid-19 \u00e9 necess\u00e1rio apresentar documentos pessoais, como identidade e CPF. Foto: Guilherme Ricardo\/PMP.<\/em><\/figcaption><\/figure><\/li><\/ul><\/figure>\n\n\n\n<p>Atualmente, paudalhenses a partir dos 50 anos de idade j\u00e1 podem realizar o pr\u00e9-cadastro on-line para receber as doses da vacina. Para ter acesso ao imunizante \u00e9 necess\u00e1rio preencher o formul\u00e1rio dispon\u00edvel neste <strong><a href=\"https:\/\/paudalho.basemunicipal.com\/saude\/covid\/vacinacao\/pre-cadastro\" target=\"_blank\" rel=\"noreferrer noopener\">link<\/a><\/strong>. Ap\u00f3s 24 horas, o cidad\u00e3o cadastrado pode se dirigir at\u00e9 um ponto de vacina\u00e7\u00e3o e receber a dose do imunizante. Durante a ocasi\u00e3o, ser\u00e1 necess\u00e1rio apresentar um documento de identifica\u00e7\u00e3o, como o RG e o CPF.<\/p>\n\n\n\n<h3 class=\"wp-block-heading\"><strong>Avan\u00e7o na campanha de vacina\u00e7\u00e3o<\/strong><\/h3>\n\n\n\n<p>Paudalho ganha destaque em Pernambuco com a agilidade em sua vacina\u00e7\u00e3o contra a covid-19. Na \u00faltima sexta-feira (4), o munic\u00edpio deu in\u00edcio a imuniza\u00e7\u00e3o dos trabalhadores das ind\u00fastrias locais. A a\u00e7\u00e3o est\u00e1 ocorrendo nas sedes das ind\u00fastrias da cidade, das 8h \u00e0s 13h, de acordo com um cronograma previamente divulgado. <\/p>\n\n\n\n<p>Tamb\u00e9m na sexta-feira (4), a Secretaria de Sa\u00fade alcan\u00e7ou o recorde de 734 pessoas vacinadas em um \u00fanico dia. De acordo com dados divulgados pela pasta atrav\u00e9s da ferramenta on-line <a rel=\"noreferrer noopener\" href=\"https:\/\/paudalho.basemunicipal.com\/saude\/vacinometro\" target=\"_blank\"><strong>Vacin\u00f4metro<\/strong><\/a>, do in\u00edcio da campanha, em janeiro de 2021, at\u00e9 a manh\u00e3 desta quarta-feira, 17.441 doses dos imunizantes foram aplicadas na popula\u00e7\u00e3o.<\/p>\n\n\n\n<figure class=\"wp-block-gallery columns-1 is-cropped wp-block-gallery-2 is-layout-flex wp-block-gallery-is-layout-flex\"><ul class=\"blocks-gallery-grid\"><li class=\"blocks-gallery-item\"><figure><img loading=\"lazy\" decoding=\"async\" width=\"800\" height=\"450\" data-attachment-id=\"15465\" data-permalink=\"https:\/\/www.paudalho.pe.gov.br\/portal\/comunidade-de-cha-de-cruz-recebe-ponto-itinerante-de-vacinacao-contra-a-covid-19-no-proximo-sabado-12\/9810-1\/\" data-orig-file=\"https:\/\/www.paudalho.pe.gov.br\/portal\/wp-content\/uploads\/2021\/06\/9810-1.jpg\" data-orig-size=\"1080,814\" data-comments-opened=\"1\" data-image-meta=\"{&quot;aperture&quot;:&quot;0&quot;,&quot;credit&quot;:&quot;&quot;,&quot;camera&quot;:&quot;&quot;,&quot;caption&quot;:&quot;&quot;,&quot;created_timestamp&quot;:&quot;0&quot;,&quot;copyright&quot;:&quot;&quot;,&quot;focal_length&quot;:&quot;0&quot;,&quot;iso&quot;:&quot;0&quot;,&quot;shutter_speed&quot;:&quot;0&quot;,&quot;title&quot;:&quot;&quot;,&quot;orientation&quot;:&quot;0&quot;}\" data-image-title=\"Vacina\u00e7\u00e3o dos trabalhadores de ind\u00fastria do Paudalho.\" data-image-description=\"\" data-image-caption=\"&lt;p&gt;In\u00edcio da vacina\u00e7\u00e3o dos profissionais de ind\u00fastrias do munic\u00edpio. Foto: Josu\u00e9 J\u00fanior\/PMP.&lt;\/p&gt;\n\" data-medium-file=\"https:\/\/www.paudalho.pe.gov.br\/portal\/wp-content\/uploads\/2021\/06\/9810-1-350x230.jpg\" data-large-file=\"https:\/\/www.paudalho.pe.gov.br\/portal\/wp-content\/uploads\/2021\/06\/9810-1-800x450.jpg\" src=\"https:\/\/www.paudalho.pe.gov.br\/portal\/wp-content\/uploads\/2021\/06\/9810-1-800x450.jpg\" alt=\"\" data-id=\"15465\" data-full-url=\"https:\/\/www.paudalho.pe.gov.br\/portal\/wp-content\/uploads\/2021\/06\/9810-1.jpg\" data-link=\"https:\/\/www.paudalho.pe.gov.br\/portal\/?attachment_id=15465\" class=\"wp-image-15465\"\/><figcaption class=\"blocks-gallery-item__caption\"><em>O in\u00edcio da vacina\u00e7\u00e3o dos profissionais de ind\u00fastrias do munic\u00edpio ocorreu na \u00faltima sexta-feira (4). Foto: Guilherme Ricardo\/PMP.<\/em><\/figcaption><\/figure><\/li><\/ul><\/figure>\n\n\n\n<p>Confira na tabela abaixo a lista com os grupos que podem ser imunizados em Paudalho:<\/p>\n\n\n\n<figure class=\"wp-block-table is-style-stripes\"><table><tbody><tr><td><strong>GRUPOS INCLU\u00cdDOS NA CAMPANHA DE VACINA\u00c7\u00c3O CONTRA A COVID-19 EM PAUDALHO<\/strong><\/td><\/tr><tr><td>\u2022 Trabalhadores da \u00e1rea de Sa\u00fade;<\/td><\/tr><tr><td>\u2022 Idosos institucionalizados;<\/td><\/tr><tr><td>\u2022 Pessoas de 85 anos ou mais;<\/td><\/tr><tr><td>\u2022 Pessoas de 60 a 85 anos;<\/td><\/tr><tr><td>\u2022 Pessoas de 50 a 59 anos;\u00a0<strong><a href=\"https:\/\/paudalho.basemunicipal.com\/saude\/covid\/vacinacao\/pre-cadastro\" target=\"_blank\" rel=\"noreferrer noopener\">REALIZE O PR\u00c9-CADASTRO AQUI!<\/a><\/strong><\/td><\/tr><tr><td>\u2022 Pessoas de 40 a 49 anos;\u00a0<strong><a rel=\"noreferrer noopener\" href=\"https:\/\/paudalho.basemunicipal.com\/saude\/covid\/vacinacao\/pre-cadastro\" target=\"_blank\">REALIZE O PR\u00c9-CADASTRO AQUI!<\/a><\/strong><\/td><\/tr><tr><td>\u2022 Pessoas com comorbidades e defici\u00eancias permanentes;\u00a0<strong><a href=\"https:\/\/paudalho.basemunicipal.com\/saude\/covid\/vacinacao\/pre-cadastro\" target=\"_blank\" rel=\"noreferrer noopener\">REALIZE O PR\u00c9-CADASTRO AQUI!<\/a><\/strong><\/td><\/tr><tr><td>\u2022 Gestantes e pu\u00e9rperas;<\/td><\/tr><tr><td>\u2022 Trabalhadores de transporte coletivo, industriais, de limpeza urbana e caminhoneiros;\u00a0<strong><a href=\"https:\/\/paudalho.basemunicipal.com\/saude\/covid\/vacinacao\/pre-cadastro\" target=\"_blank\" rel=\"noreferrer noopener\">REALIZE O PR\u00c9-CADASTRO AQUI!<\/a><\/strong><\/td><\/tr><tr><td>\u2022 Trabalhadores da \u00e1rea de Educa\u00e7\u00e3o;<\/td><\/tr><tr><td>\u2022 Trabalhadores da Assist\u00eancia Social;<\/td><\/tr><tr><td>\u2022 For\u00e7as de Seguran\u00e7a e Salvamento.<\/td><\/tr><\/tbody><\/table><\/figure>\n\n\n\n<p><\/p>\n","protected":false},"excerpt":{"rendered":"<p>A campanha de vacina\u00e7\u00e3o contra a covid-19 na cidade de Paudalho avan\u00e7a a cada novo dia. No pr\u00f3ximo s\u00e1bado (12), a Secretaria de Sa\u00fade montar\u00e1 um novo ponto de vacina\u00e7\u00e3o com sistema itinerante na comunidade de Ch\u00e3 de Cruz. A imuniza\u00e7\u00e3o ocorrer\u00e1 na Escola Municipal Maria De F\u00e1tima, das 8h \u00e0s 13h. A primeira a\u00e7\u00e3o [&hellip;]<\/p>\n","protected":false},"author":6,"featured_media":15453,"comment_status":"open","ping_status":"open","sticky":false,"template":"","format":"standard","meta":{"_jetpack_newsletter_access":"","_jetpack_dont_email_post_to_subs":false,"_jetpack_newsletter_tier_id":0,"_jetpack_memberships_contains_paywalled_content":false,"_jetpack_memberships_contains_paid_content":false,"footnotes":""},"categories":[732,2,1,3],"tags":[22,168,738],"class_list":["post-15450","post","type-post","status-publish","format-standard","has-post-thumbnail","hentry","category-covid-19","category-destaque","category-noticias","category-saude","tag-prefeitura-do-paudalho","tag-secretaria-de-saude","tag-vacinacao-contra-a-covid-19"],"jetpack_featured_media_url":"https:\/\/www.paudalho.pe.gov.br\/portal\/wp-content\/uploads\/2021\/06\/WhatsApp-Image-2021-06-09-at-10.38.47.jpeg","jetpack_sharing_enabled":true,"jetpack_shortlink":"https:\/\/wp.me\/p98mS2-41c","_links":{"self":[{"href":"https:\/\/www.paudalho.pe.gov.br\/portal\/wp-json\/wp\/v2\/posts\/15450","targetHints":{"allow":["GET"]}}],"collection":[{"href":"https:\/\/www.paudalho.pe.gov.br\/portal\/wp-json\/wp\/v2\/posts"}],"about":[{"href":"https:\/\/www.paudalho.pe.gov.br\/portal\/wp-json\/wp\/v2\/types\/post"}],"author":[{"embeddable":true,"href":"https:\/\/www.paudalho.pe.gov.br\/portal\/wp-json\/wp\/v2\/users\/6"}],"replies":[{"embeddable":true,"href":"https:\/\/www.paudalho.pe.gov.br\/portal\/wp-json\/wp\/v2\/comments?post=15450"}],"version-history":[{"count":25,"href":"https:\/\/www.paudalho.pe.gov.br\/portal\/wp-json\/wp\/v2\/posts\/15450\/revisions"}],"predecessor-version":[{"id":15587,"href":"https:\/\/www.paudalho.pe.gov.br\/portal\/wp-json\/wp\/v2\/posts\/15450\/revisions\/15587"}],"wp:featuredmedia":[{"embeddable":true,"href":"https:\/\/www.paudalho.pe.gov.br\/portal\/wp-json\/wp\/v2\/media\/15453"}],"wp:attachment":[{"href":"https:\/\/www.paudalho.pe.gov.br\/portal\/wp-json\/wp\/v2\/media?parent=15450"}],"wp:term":[{"taxonomy":"category","embeddable":true,"href":"https:\/\/www.paudalho.pe.gov.br\/portal\/wp-json\/wp\/v2\/categories?post=15450"},{"taxonomy":"post_tag","embeddable":true,"href":"https:\/\/www.paudalho.pe.gov.br\/portal\/wp-json\/wp\/v2\/tags?post=15450"}],"curies":[{"name":"wp","href":"https:\/\/api.w.org\/{rel}","templated":true}]}}