{"id":15248,"date":"2021-06-03T12:36:46","date_gmt":"2021-06-03T15:36:46","guid":{"rendered":"https:\/\/www.paudalho.pe.gov.br\/portal\/?p=15248"},"modified":"2021-06-11T10:13:19","modified_gmt":"2021-06-11T13:13:19","slug":"paudalho-iniciara-ponto-itinerante-de-vacinacao-contra-a-covid-19-no-proximo-sabado-5","status":"publish","type":"post","link":"https:\/\/www.paudalho.pe.gov.br\/portal\/paudalho-iniciara-ponto-itinerante-de-vacinacao-contra-a-covid-19-no-proximo-sabado-5\/","title":{"rendered":"Paudalho iniciar\u00e1 ponto itinerante de vacina\u00e7\u00e3o contra a covid-19 no pr\u00f3ximo s\u00e1bado (5)"},"content":{"rendered":"\n<p>A Prefeitura do Paudalho, por meio de sua Secretaria de Sa\u00fade, ir\u00e1 inaugurar no pr\u00f3ximo s\u00e1bado (5) o sistema de ponto itinerante de vacina\u00e7\u00e3o contra a covid-19 no munic\u00edpio. O sistema tem a finalidade de expandir a campanha de imuniza\u00e7\u00e3o para mais bairros da cidade e facilitar o acesso \u00e0s doses para a popula\u00e7\u00e3o. O primeiro local a receber o novo ponto ser\u00e1 o Col\u00e9gio Municipal de Guadalajara (CMG), situado na comunidade de Guadalajara. Na data, o atendimento ser\u00e1 realizado das 8h \u00e0s 13h. <\/p>\n\n\n\n<figure class=\"wp-block-image size-large is-resized\"><img loading=\"lazy\" decoding=\"async\" data-attachment-id=\"14241\" data-permalink=\"https:\/\/www.paudalho.pe.gov.br\/portal\/com-sistema-drive-thru-paudalho-inicia-nova-fase-da-campanha-de-vacinacao-contra-a-covid-19-nesta-segunda-feira-22\/whatsapp-image-2021-03-22-at-10-19-11-2\/\" data-orig-file=\"https:\/\/www.paudalho.pe.gov.br\/portal\/wp-content\/uploads\/2021\/03\/WhatsApp-Image-2021-03-22-at-10.19.11-2.jpeg\" data-orig-size=\"1280,853\" data-comments-opened=\"1\" data-image-meta=\"{&quot;aperture&quot;:&quot;0&quot;,&quot;credit&quot;:&quot;&quot;,&quot;camera&quot;:&quot;&quot;,&quot;caption&quot;:&quot;&quot;,&quot;created_timestamp&quot;:&quot;0&quot;,&quot;copyright&quot;:&quot;&quot;,&quot;focal_length&quot;:&quot;0&quot;,&quot;iso&quot;:&quot;0&quot;,&quot;shutter_speed&quot;:&quot;0&quot;,&quot;title&quot;:&quot;&quot;,&quot;orientation&quot;:&quot;0&quot;}\" data-image-title=\"WhatsApp-Image-2021-03-22-at-10.19.11-2\" data-image-description=\"\" data-image-caption=\"\" data-medium-file=\"https:\/\/www.paudalho.pe.gov.br\/portal\/wp-content\/uploads\/2021\/03\/WhatsApp-Image-2021-03-22-at-10.19.11-2-350x230.jpeg\" data-large-file=\"https:\/\/www.paudalho.pe.gov.br\/portal\/wp-content\/uploads\/2021\/03\/WhatsApp-Image-2021-03-22-at-10.19.11-2-800x450.jpeg\" src=\"https:\/\/www.paudalho.pe.gov.br\/portal\/wp-content\/uploads\/2021\/03\/WhatsApp-Image-2021-03-22-at-10.19.11-2-800x450.jpeg\" alt=\"\" class=\"wp-image-14241\" width=\"800\" height=\"450\"\/><figcaption><em>O ponto de vacina\u00e7\u00e3o drive-thru no centro da cidade seguir\u00e1 em funcionamento de domingo a domingo, das 8h \u00e0s 16h. Foto: Josu\u00e9 J\u00fanior\/PMP.<\/em><\/figcaption><\/figure>\n\n\n\n<p>Ap\u00f3s Guadalajara, uma nova data ser\u00e1 estipulada pela Secretaria para que o ponto de imuniza\u00e7\u00e3o itinerante percorra a comunidade de Ch\u00e3 de Cruz. J\u00e1 o funcionamento da parada drive-thru, localizada em frente a Pra\u00e7a Pedro Coutinho, no Centro, continuar\u00e1 ocorrendo de domingo a domingo, das 8h \u00e0s 16h. <\/p>\n\n\n\n<p>Atualmente, paudalhenses a partir dos 50 anos de idade j\u00e1 podem realizar o<strong> <a rel=\"noreferrer noopener\" href=\"https:\/\/paudalho.basemunicipal.com\/saude\/covid\/vacinacao\/pre-cadastro\" target=\"_blank\">pr\u00e9-cadastro on-line<\/a><\/strong> para receber as doses da vacina. Al\u00e9m desse grupo, tamb\u00e9m est\u00e3o dispon\u00edveis formul\u00e1rios para o pr\u00e9-cadastro de trabalhadores de transporte coletivo, industriais, de limpeza urbana e caminhoneiros e para pessoas de 18 a 59 anos com comorbidades ou defici\u00eancia permanente. <\/p>\n\n\n\n<p>Confira na tabela abaixo a lista com os grupos que podem ser imunizados em Paudalho:<\/p>\n\n\n\n<figure class=\"wp-block-table\"><table><tbody><tr><td><strong>GRUPOS INCLU\u00cdDOS NA CAMPANHA DE VACINA\u00c7\u00c3O CONTRA A COVID-19 EM PAUDALHO<\/strong><\/td><\/tr><tr><td>\u2022 Trabalhadores da \u00e1rea de Sa\u00fade;<\/td><\/tr><tr><td>\u2022 Idosos institucionalizados;<\/td><\/tr><tr><td>\u2022 Pessoas de 85 anos ou mais;<\/td><\/tr><tr><td>\u2022 Pessoas de 60 a 85 anos;<\/td><\/tr><tr><td>\u2022 Pessoas de 50 a 59 anos;\u00a0<strong><a href=\"https:\/\/paudalho.basemunicipal.com\/saude\/covid\/vacinacao\/pre-cadastro\" target=\"_blank\" rel=\"noreferrer noopener\">REALIZE O PR\u00c9-CADASTRO AQUI!<\/a><\/strong><\/td><\/tr><tr><td>\u2022 Pessoas com comorbidades e defici\u00eancias permanentes;\u00a0<strong><a href=\"https:\/\/paudalho.basemunicipal.com\/saude\/covid\/vacinacao\/pre-cadastro\" target=\"_blank\" rel=\"noreferrer noopener\">REALIZE O PR\u00c9-CADASTRO AQUI!<\/a><\/strong><\/td><\/tr><tr><td>\u2022 Gestantes e pu\u00e9rperas;<\/td><\/tr><tr><td>\u2022 Trabalhadores de transporte coletivo, industriais, de limpeza urbana e caminhoneiros; <strong><a href=\"https:\/\/paudalho.basemunicipal.com\/saude\/covid\/vacinacao\/pre-cadastro\" target=\"_blank\" rel=\"noreferrer noopener\">REALIZE O PR\u00c9-CADASTRO AQUI!<\/a><\/strong><\/td><\/tr><tr><td>\u2022 Trabalhadores da \u00e1rea de Educa\u00e7\u00e3o;<\/td><\/tr><tr><td>\u2022 Trabalhadores da Assist\u00eancia Social;<\/td><\/tr><tr><td>\u2022 Integrantes da Guarda Municipal.<\/td><\/tr><\/tbody><\/table><\/figure>\n\n\n\n<p><\/p>\n","protected":false},"excerpt":{"rendered":"<p>A Prefeitura do Paudalho, por meio de sua Secretaria de Sa\u00fade, ir\u00e1 inaugurar no pr\u00f3ximo s\u00e1bado (5) o sistema de ponto itinerante de vacina\u00e7\u00e3o contra a covid-19 no munic\u00edpio. O sistema tem a finalidade de expandir a campanha de imuniza\u00e7\u00e3o para mais bairros da cidade e facilitar o acesso \u00e0s doses para a popula\u00e7\u00e3o. O [&hellip;]<\/p>\n","protected":false},"author":6,"featured_media":15263,"comment_status":"open","ping_status":"open","sticky":false,"template":"","format":"standard","meta":{"_jetpack_newsletter_access":"","_jetpack_dont_email_post_to_subs":false,"_jetpack_newsletter_tier_id":0,"_jetpack_memberships_contains_paywalled_content":false,"_jetpack_memberships_contains_paid_content":false,"footnotes":""},"categories":[732,2,1,3],"tags":[711,22,168,738],"class_list":["post-15248","post","type-post","status-publish","format-standard","has-post-thumbnail","hentry","category-covid-19","category-destaque","category-noticias","category-saude","tag-covid19","tag-prefeitura-do-paudalho","tag-secretaria-de-saude","tag-vacinacao-contra-a-covid-19"],"jetpack_featured_media_url":"https:\/\/www.paudalho.pe.gov.br\/portal\/wp-content\/uploads\/2021\/06\/H5A0124-scaled.jpg","jetpack_sharing_enabled":true,"jetpack_shortlink":"https:\/\/wp.me\/p98mS2-3XW","_links":{"self":[{"href":"https:\/\/www.paudalho.pe.gov.br\/portal\/wp-json\/wp\/v2\/posts\/15248","targetHints":{"allow":["GET"]}}],"collection":[{"href":"https:\/\/www.paudalho.pe.gov.br\/portal\/wp-json\/wp\/v2\/posts"}],"about":[{"href":"https:\/\/www.paudalho.pe.gov.br\/portal\/wp-json\/wp\/v2\/types\/post"}],"author":[{"embeddable":true,"href":"https:\/\/www.paudalho.pe.gov.br\/portal\/wp-json\/wp\/v2\/users\/6"}],"replies":[{"embeddable":true,"href":"https:\/\/www.paudalho.pe.gov.br\/portal\/wp-json\/wp\/v2\/comments?post=15248"}],"version-history":[{"count":17,"href":"https:\/\/www.paudalho.pe.gov.br\/portal\/wp-json\/wp\/v2\/posts\/15248\/revisions"}],"predecessor-version":[{"id":15581,"href":"https:\/\/www.paudalho.pe.gov.br\/portal\/wp-json\/wp\/v2\/posts\/15248\/revisions\/15581"}],"wp:featuredmedia":[{"embeddable":true,"href":"https:\/\/www.paudalho.pe.gov.br\/portal\/wp-json\/wp\/v2\/media\/15263"}],"wp:attachment":[{"href":"https:\/\/www.paudalho.pe.gov.br\/portal\/wp-json\/wp\/v2\/media?parent=15248"}],"wp:term":[{"taxonomy":"category","embeddable":true,"href":"https:\/\/www.paudalho.pe.gov.br\/portal\/wp-json\/wp\/v2\/categories?post=15248"},{"taxonomy":"post_tag","embeddable":true,"href":"https:\/\/www.paudalho.pe.gov.br\/portal\/wp-json\/wp\/v2\/tags?post=15248"}],"curies":[{"name":"wp","href":"https:\/\/api.w.org\/{rel}","templated":true}]}}