{"id":1523,"date":"2017-10-11T23:33:47","date_gmt":"2017-10-12T02:33:47","guid":{"rendered":"http:\/\/www.paudalho.pe.gov.br\/portal\/?p=1523"},"modified":"2017-10-11T23:36:38","modified_gmt":"2017-10-12T02:36:38","slug":"paudalho-recebe-estudo-de-areas-de-risco-realizado-pela-cprm-diz-defesa-civil-da-cidade","status":"publish","type":"post","link":"https:\/\/www.paudalho.pe.gov.br\/portal\/paudalho-recebe-estudo-de-areas-de-risco-realizado-pela-cprm-diz-defesa-civil-da-cidade\/","title":{"rendered":"Paudalho recebe estudo de \u00e1reas de risco realizado pela CPRM, diz Defesa Civil da cidade"},"content":{"rendered":"<p>A Defesa Civil de Paudalho participou nesta ter\u00e7a-feira (10) do Semin\u00e1rio Estadual de Redu\u00e7\u00e3o de Desastres, que ocorreu na Sala de Ipojuca, no Centro de Conven\u00e7\u00f5es em Olinda. O objetivo foi capacitar os membros do \u00f3rg\u00e3o para um melhor trabalho no munic\u00edpio.<\/p>\n<p>O coordenador executivo da Defesa Civil em Paudalho, Davi Figueiredo, e o gestor de n\u00facleo, Henricky Am\u00e9rico Barbosa, participaram da palestra com o pesquisador e ge\u00f3logo Frank Gurgel, que deu algumas dicas de como proteger as matas ciliares, educa\u00e7\u00e3o sobre coleta de lixo, fiscaliza\u00e7\u00e3o das constru\u00e7\u00f5es irregulares nas \u00e1reas de risco como margens e leitos, entre outros assuntos. O evento foi realizado de 9h \u00e0s 15h e disponibilizou ainda outras palestras.<\/p>\n<h2><strong>Estudo de \u00e1reas de risco<\/strong><\/h2>\n<p>O coordenador executivo da Defesa Civil em Paudalho, Davi Figueiredo, disse em \u201cprimeira m\u00e3o\u201d, que a cidade de Paudalho vai ser contemplada com um estudo detalhado das \u00e1reas de risco feito pela Companhia de Pesquisa de Recursos Minerais (CPRM). \u201cA cidade de Paudalho vai ser contemplada com um estudo detalhado das nossas \u00e1reas de risco pela equipe de ge\u00f3logos da CPRM&#8230;ent\u00e3o a gente vai ter um estudo detalhado onde a gente vai poder ter um melhor monitoramento das nossas \u00e1reas de risco, onde a gente vai ter plantas, documentos, fotos, medi\u00e7\u00f5es das nossas \u00e1reas de risco. Ent\u00e3o foi de grande import\u00e2ncia participar dessas palestras. \u201d, comentou.<\/p>\n<p>A equipe da defesa civil ainda participou de outras ministra\u00e7\u00f5es. <strong>Ou\u00e7a na mat\u00e9ria com Thales K\u00edrion:<\/strong><\/p>\n<!--[if lt IE 9]><script>document.createElement('audio');<\/script><![endif]-->\n<audio class=\"wp-audio-shortcode\" id=\"audio-1523-1\" preload=\"none\" style=\"width: 100%;\" controls=\"controls\"><source type=\"audio\/mpeg\" src=\"http:\/\/www.paudalho.pe.gov.br\/portal\/wp-content\/uploads\/2017\/10\/dedede-1.mp3?_=1\" \/><a href=\"http:\/\/www.paudalho.pe.gov.br\/portal\/wp-content\/uploads\/2017\/10\/dedede-1.mp3\">http:\/\/www.paudalho.pe.gov.br\/portal\/wp-content\/uploads\/2017\/10\/dedede-1.mp3<\/a><\/audio>\n","protected":false},"excerpt":{"rendered":"<p>A Defesa Civil de Paudalho participou nesta ter\u00e7a-feira (10) do Semin\u00e1rio Estadual de Redu\u00e7\u00e3o de Desastres, que ocorreu na Sala de Ipojuca, no Centro de Conven\u00e7\u00f5es em Olinda. O objetivo foi capacitar os membros do \u00f3rg\u00e3o para um melhor trabalho no munic\u00edpio. O coordenador executivo da Defesa Civil em Paudalho, Davi Figueiredo, e o gestor [&hellip;]<\/p>\n","protected":false},"author":4,"featured_media":1531,"comment_status":"open","ping_status":"open","sticky":false,"template":"","format":"standard","meta":{"_jetpack_newsletter_access":"","_jetpack_dont_email_post_to_subs":false,"_jetpack_newsletter_tier_id":0,"_jetpack_memberships_contains_paywalled_content":false,"_jetpack_memberships_contains_paid_content":false,"footnotes":""},"categories":[2,1],"tags":[73,166,22],"class_list":["post-1523","post","type-post","status-publish","format-standard","has-post-thumbnail","hentry","category-destaque","category-noticias","tag-defesa-civil","tag-estudo","tag-prefeitura-do-paudalho"],"jetpack_featured_media_url":"https:\/\/www.paudalho.pe.gov.br\/portal\/wp-content\/uploads\/2017\/10\/essa-aqui.jpg","jetpack_sharing_enabled":true,"jetpack_shortlink":"https:\/\/wp.me\/p98mS2-oz","_links":{"self":[{"href":"https:\/\/www.paudalho.pe.gov.br\/portal\/wp-json\/wp\/v2\/posts\/1523","targetHints":{"allow":["GET"]}}],"collection":[{"href":"https:\/\/www.paudalho.pe.gov.br\/portal\/wp-json\/wp\/v2\/posts"}],"about":[{"href":"https:\/\/www.paudalho.pe.gov.br\/portal\/wp-json\/wp\/v2\/types\/post"}],"author":[{"embeddable":true,"href":"https:\/\/www.paudalho.pe.gov.br\/portal\/wp-json\/wp\/v2\/users\/4"}],"replies":[{"embeddable":true,"href":"https:\/\/www.paudalho.pe.gov.br\/portal\/wp-json\/wp\/v2\/comments?post=1523"}],"version-history":[{"count":3,"href":"https:\/\/www.paudalho.pe.gov.br\/portal\/wp-json\/wp\/v2\/posts\/1523\/revisions"}],"predecessor-version":[{"id":1530,"href":"https:\/\/www.paudalho.pe.gov.br\/portal\/wp-json\/wp\/v2\/posts\/1523\/revisions\/1530"}],"wp:featuredmedia":[{"embeddable":true,"href":"https:\/\/www.paudalho.pe.gov.br\/portal\/wp-json\/wp\/v2\/media\/1531"}],"wp:attachment":[{"href":"https:\/\/www.paudalho.pe.gov.br\/portal\/wp-json\/wp\/v2\/media?parent=1523"}],"wp:term":[{"taxonomy":"category","embeddable":true,"href":"https:\/\/www.paudalho.pe.gov.br\/portal\/wp-json\/wp\/v2\/categories?post=1523"},{"taxonomy":"post_tag","embeddable":true,"href":"https:\/\/www.paudalho.pe.gov.br\/portal\/wp-json\/wp\/v2\/tags?post=1523"}],"curies":[{"name":"wp","href":"https:\/\/api.w.org\/{rel}","templated":true}]}}