{"id":15190,"date":"2021-06-02T10:48:10","date_gmt":"2021-06-02T13:48:10","guid":{"rendered":"https:\/\/www.paudalho.pe.gov.br\/portal\/?p=15190"},"modified":"2021-06-02T10:48:10","modified_gmt":"2021-06-02T13:48:10","slug":"prefeitura-do-paudalho-realiza-dia-do-descarte-consciente-no-proximo-sabado-5","status":"publish","type":"post","link":"https:\/\/www.paudalho.pe.gov.br\/portal\/prefeitura-do-paudalho-realiza-dia-do-descarte-consciente-no-proximo-sabado-5\/","title":{"rendered":"Prefeitura do Paudalho realiza Dia do Descarte Consciente no pr\u00f3ximo s\u00e1bado (5)"},"content":{"rendered":"\n<p>A Prefeitura do Paudalho, por meio de sua Secretaria Executiva de Desenvolvimento Econ\u00f4mico, Meio Ambiente e Qualifica\u00e7\u00e3o Profissional (SEDEMAQ), realizar\u00e1 uma iniciativa de conscientiza\u00e7\u00e3o ambiental para a popula\u00e7\u00e3o do munic\u00edpio no pr\u00f3ximo s\u00e1bado, dia 5 de junho. Na mesma data em que se celebra anualmente o Dia Mundial do Meio Ambiente, a Prefeitura realizar\u00e1 o <strong>Dia do Descarte Consciente<\/strong>, ocasi\u00e3o em que toda a sociedade poder\u00e1 fazer o descarte de res\u00edduos recicl\u00e1veis de seus domic\u00edlios. <\/p>\n\n\n\n<p>A a\u00e7\u00e3o ocorrer\u00e1 de forma presencial no P\u00e1tio de Eventos Beira Rio, localizado no centro da cidade, com in\u00edcio \u00e0s 8h e t\u00e9rmino \u00e0s 17h. No local ser\u00e1 montado um ponto de coleta onde os cidad\u00e3os poder\u00e3o entregar materiais como <strong>pl\u00e1stico, papel, papel\u00e3o, metais, alum\u00ednio, ferro, eletroeletr\u00f4nicos quebrados, m\u00f3veis danificados, \u00f3leo de cozinha, pilhas e baterias<\/strong>. A Prefeitura do Paudalho ressalta que durante a ocasi\u00e3o todos os protocolos de preven\u00e7\u00e3o e seguran\u00e7a contra a covid-19 ser\u00e3o utilizados, como o distanciamento social, o uso de m\u00e1scara e \u00e1lcool em gel.<\/p>\n\n\n\n<figure class=\"wp-block-image size-large\"><img loading=\"lazy\" decoding=\"async\" width=\"800\" height=\"450\" data-attachment-id=\"15200\" data-permalink=\"https:\/\/www.paudalho.pe.gov.br\/portal\/prefeitura-do-paudalho-realiza-dia-do-descarte-consciente-no-proximo-sabado-5\/pexels-mali-maeder-802221\/\" data-orig-file=\"https:\/\/www.paudalho.pe.gov.br\/portal\/wp-content\/uploads\/2021\/06\/pexels-mali-maeder-802221-scaled.jpg\" data-orig-size=\"2560,1703\" data-comments-opened=\"1\" data-image-meta=\"{&quot;aperture&quot;:&quot;0&quot;,&quot;credit&quot;:&quot;&quot;,&quot;camera&quot;:&quot;&quot;,&quot;caption&quot;:&quot;&quot;,&quot;created_timestamp&quot;:&quot;0&quot;,&quot;copyright&quot;:&quot;&quot;,&quot;focal_length&quot;:&quot;0&quot;,&quot;iso&quot;:&quot;0&quot;,&quot;shutter_speed&quot;:&quot;0&quot;,&quot;title&quot;:&quot;&quot;,&quot;orientation&quot;:&quot;0&quot;}\" data-image-title=\"pexels-mali-maeder-802221\" data-image-description=\"\" data-image-caption=\"\" data-medium-file=\"https:\/\/www.paudalho.pe.gov.br\/portal\/wp-content\/uploads\/2021\/06\/pexels-mali-maeder-802221-350x230.jpg\" data-large-file=\"https:\/\/www.paudalho.pe.gov.br\/portal\/wp-content\/uploads\/2021\/06\/pexels-mali-maeder-802221-800x450.jpg\" src=\"https:\/\/www.paudalho.pe.gov.br\/portal\/wp-content\/uploads\/2021\/06\/pexels-mali-maeder-802221-800x450.jpg\" alt=\"\" class=\"wp-image-15200\"\/><figcaption><em>Res\u00edduos recicl\u00e1veis como garrafas pet, revistas, \u00f3leo de cozinha, entre outros materiais, poder\u00e3o ser coletados durante o Dia do Descarte Consciente em Paudalho. Imagem Ilustrativa\/Pexels.<\/em><\/figcaption><\/figure>\n\n\n\n<p>Al\u00e9m desse evento, posteriormente, a Prefeitura tamb\u00e9m realizar\u00e1 a a\u00e7\u00e3o em comunidades mais distantes do Centro, como Guadalajara e Ch\u00e3 de Cruz. De acordo com a SEDEMAQ, a iniciativa tem como objetivos principais estimular e convocar a popula\u00e7\u00e3o paudalhense para descartar seus res\u00edduos recicl\u00e1veis de forma consciente, sensibilizar o p\u00fablico sobre a coleta seletiva e gerar renda aos catadores locais por meio da comercializa\u00e7\u00e3o dos materiais doados.<\/p>\n\n\n\n<p>A bi\u00f3loga e superintendente municipal de Meio Ambiente, Wanessa Bezerra, destaca a necessidade da implanta\u00e7\u00e3o de a\u00e7\u00f5es como essas no munic\u00edpio. &#8220;<em>A preserva\u00e7\u00e3o do meio ambiente \u00e9 um dever de todos, al\u00e9m de um ato de cidadania previsto na Constitui\u00e7\u00e3o Federal. Paudalho vem, gradativamente, implantando um planejamento ambiental municipal de modo a reduzir os impactos causados ao meio ambiente, principalmente, nas quest\u00f5es referentes ao lixo e a limpeza urbana.&#8221; <\/em>E conclui, <em>&#8220;Descartar consciente nesse dia reduz despesas e ajuda o munic\u00edpio a ser mais sustent\u00e1vel.&#8221;  <\/em><\/p>\n\n\n\n<h3 class=\"wp-block-heading\"><strong>Sobre a Semana do Meio Ambiente<\/strong><\/h3>\n\n\n\n<p>A <strong>Semana Nacional do Meio Ambiente<\/strong> \u00e9 um marco comemorado todos os anos durante a primeira semana de junho, entre os dias 1\u00ba e 5. O per\u00edodo foi institu\u00eddo por decreto no Brasil em 27 de maio de 1981. A data busca incentivar o debate sobre o uso dos recursos naturais, conscientizar as pessoas sobre a forma como consomem e debater alternativas poss\u00edveis para um mundo mais sustent\u00e1vel. O foco principal \u00e9 na preserva\u00e7\u00e3o do meio ambiente e do patrim\u00f4nio ambiental do pa\u00eds. <\/p>\n\n\n\n<p><\/p>\n","protected":false},"excerpt":{"rendered":"<p>A Prefeitura do Paudalho, por meio de sua Secretaria Executiva de Desenvolvimento Econ\u00f4mico, Meio Ambiente e Qualifica\u00e7\u00e3o Profissional (SEDEMAQ), realizar\u00e1 uma iniciativa de conscientiza\u00e7\u00e3o ambiental para a popula\u00e7\u00e3o do munic\u00edpio no pr\u00f3ximo s\u00e1bado, dia 5 de junho. Na mesma data em que se celebra anualmente o Dia Mundial do Meio Ambiente, a Prefeitura realizar\u00e1 o [&hellip;]<\/p>\n","protected":false},"author":6,"featured_media":15196,"comment_status":"open","ping_status":"open","sticky":false,"template":"","format":"standard","meta":{"_jetpack_newsletter_access":"","_jetpack_dont_email_post_to_subs":false,"_jetpack_newsletter_tier_id":0,"_jetpack_memberships_contains_paywalled_content":false,"_jetpack_memberships_contains_paid_content":false,"footnotes":""},"categories":[2,1,588,746],"tags":[752,22,750],"class_list":["post-15190","post","type-post","status-publish","format-standard","has-post-thumbnail","hentry","category-destaque","category-noticias","category-projetos-e-programas","category-sustentabilidade","tag-dia-do-descarte-consciente","tag-prefeitura-do-paudalho","tag-semana-do-meio-ambiente"],"jetpack_featured_media_url":"https:\/\/www.paudalho.pe.gov.br\/portal\/wp-content\/uploads\/2021\/06\/pexels-photo-3738388.jpeg","jetpack_sharing_enabled":true,"jetpack_shortlink":"https:\/\/wp.me\/p98mS2-3X0","_links":{"self":[{"href":"https:\/\/www.paudalho.pe.gov.br\/portal\/wp-json\/wp\/v2\/posts\/15190","targetHints":{"allow":["GET"]}}],"collection":[{"href":"https:\/\/www.paudalho.pe.gov.br\/portal\/wp-json\/wp\/v2\/posts"}],"about":[{"href":"https:\/\/www.paudalho.pe.gov.br\/portal\/wp-json\/wp\/v2\/types\/post"}],"author":[{"embeddable":true,"href":"https:\/\/www.paudalho.pe.gov.br\/portal\/wp-json\/wp\/v2\/users\/6"}],"replies":[{"embeddable":true,"href":"https:\/\/www.paudalho.pe.gov.br\/portal\/wp-json\/wp\/v2\/comments?post=15190"}],"version-history":[{"count":21,"href":"https:\/\/www.paudalho.pe.gov.br\/portal\/wp-json\/wp\/v2\/posts\/15190\/revisions"}],"predecessor-version":[{"id":15226,"href":"https:\/\/www.paudalho.pe.gov.br\/portal\/wp-json\/wp\/v2\/posts\/15190\/revisions\/15226"}],"wp:featuredmedia":[{"embeddable":true,"href":"https:\/\/www.paudalho.pe.gov.br\/portal\/wp-json\/wp\/v2\/media\/15196"}],"wp:attachment":[{"href":"https:\/\/www.paudalho.pe.gov.br\/portal\/wp-json\/wp\/v2\/media?parent=15190"}],"wp:term":[{"taxonomy":"category","embeddable":true,"href":"https:\/\/www.paudalho.pe.gov.br\/portal\/wp-json\/wp\/v2\/categories?post=15190"},{"taxonomy":"post_tag","embeddable":true,"href":"https:\/\/www.paudalho.pe.gov.br\/portal\/wp-json\/wp\/v2\/tags?post=15190"}],"curies":[{"name":"wp","href":"https:\/\/api.w.org\/{rel}","templated":true}]}}