{"id":15159,"date":"2021-06-01T08:57:52","date_gmt":"2021-06-01T11:57:52","guid":{"rendered":"https:\/\/www.paudalho.pe.gov.br\/portal\/?p=15159"},"modified":"2021-06-11T10:23:26","modified_gmt":"2021-06-11T13:23:26","slug":"paudalho-inclui-caminhoneiros-trabalhadores-de-transporte-coletivo-de-limpeza-urbana-e-da-industria-na-campanha-de-vacinacao-contra-a-covid-19","status":"publish","type":"post","link":"https:\/\/www.paudalho.pe.gov.br\/portal\/paudalho-inclui-caminhoneiros-trabalhadores-de-transporte-coletivo-de-limpeza-urbana-e-da-industria-na-campanha-de-vacinacao-contra-a-covid-19\/","title":{"rendered":"Paudalho inclui caminhoneiros, trabalhadores de transporte coletivo, de limpeza urbana e da ind\u00fastria na campanha de vacina\u00e7\u00e3o contra a covid-19"},"content":{"rendered":"\n<p>A Prefeitura do Paudalho divulga nesta ter\u00e7a-feira (01) o <strong><a href=\"https:\/\/paudalho.basemunicipal.com\/saude\/covid\/vacinacao\/pre-cadastro\" target=\"_blank\" rel=\"noreferrer noopener\">pr\u00e9-cadastro on-line<\/a><\/strong> para a vacina\u00e7\u00e3o contra a covid-19  de trabalhadores de transporte coletivo rodovi\u00e1rio, da ind\u00fastria, caminhoneiros e profissionais da limpeza urbana e manejo de res\u00edduos s\u00f3lidos. Para serem imunizados, os mun\u00edcipes devem preencher o formul\u00e1rio digital disponibilizado pela Secretaria Municipal de Sa\u00fade. A imuniza\u00e7\u00e3o est\u00e1 sendo realizada no ponto drive-thru localizado em frente a sede da pasta, no centro da cidade, com atendimento de domingo a domingo, das 08 \u00e0s 16h.<\/p>\n\n\n\n<p><strong><a href=\"https:\/\/paudalho.basemunicipal.com\/saude\/covid\/vacinacao\/pre-cadastro\" target=\"_blank\" rel=\"noreferrer noopener\">>>> CLIQUE AQUI E ACESSE O PR\u00c9-CADASTRO PARA TRABALHADORES DE TRANSPORTE COLETIVO, INDUSTRIAIS, DE LIMPEZA URBANA E CAMINHONEIROS PARA A CAMPANHA VACINAL CONTRA A COVID-19!<\/a><\/strong><\/p>\n\n\n\n<p>A vacina\u00e7\u00e3o seguir\u00e1 um cronograma estipulado pela Prefeitura, sendo amanh\u00e3 (02) a vez dos cobradores e motoristas de transporte coletivo receberem a dose e, quinta-feira (03), a de trabalhadores da ind\u00fastria do munic\u00edpio. No ato da vacina\u00e7\u00e3o ser\u00e1 obrigat\u00f3rio a apresenta\u00e7\u00e3o do CPF, de um comprovante de resid\u00eancia e de um documento que ateste o v\u00ednculo trabalhista.<\/p>\n\n\n\n<figure class=\"wp-block-image size-large\"><img loading=\"lazy\" decoding=\"async\" width=\"800\" height=\"450\" data-attachment-id=\"9745\" data-permalink=\"https:\/\/www.paudalho.pe.gov.br\/portal\/151-festa-de-sao-sebastiao-supera-expectativa-de-publico-durante-os-10-dias-de-festejo\/whatsapp-image-2020-01-27-at-01-44-39\/\" data-orig-file=\"https:\/\/www.paudalho.pe.gov.br\/portal\/wp-content\/uploads\/2020\/01\/WhatsApp-Image-2020-01-27-at-01.44.39.jpeg\" data-orig-size=\"1280,906\" data-comments-opened=\"1\" data-image-meta=\"{&quot;aperture&quot;:&quot;0&quot;,&quot;credit&quot;:&quot;&quot;,&quot;camera&quot;:&quot;&quot;,&quot;caption&quot;:&quot;&quot;,&quot;created_timestamp&quot;:&quot;0&quot;,&quot;copyright&quot;:&quot;&quot;,&quot;focal_length&quot;:&quot;0&quot;,&quot;iso&quot;:&quot;0&quot;,&quot;shutter_speed&quot;:&quot;0&quot;,&quot;title&quot;:&quot;&quot;,&quot;orientation&quot;:&quot;0&quot;}\" data-image-title=\"WhatsApp-Image-2020-01-27-at-01.44.39\" data-image-description=\"\" data-image-caption=\"\" data-medium-file=\"https:\/\/www.paudalho.pe.gov.br\/portal\/wp-content\/uploads\/2020\/01\/WhatsApp-Image-2020-01-27-at-01.44.39-350x230.jpeg\" data-large-file=\"https:\/\/www.paudalho.pe.gov.br\/portal\/wp-content\/uploads\/2020\/01\/WhatsApp-Image-2020-01-27-at-01.44.39-800x450.jpeg\" src=\"https:\/\/www.paudalho.pe.gov.br\/portal\/wp-content\/uploads\/2020\/01\/WhatsApp-Image-2020-01-27-at-01.44.39-800x450.jpeg\" alt=\"\" class=\"wp-image-9745\"\/><figcaption><em>Profissionais da limpeza urbana e manejo de res\u00edduos s\u00f3lidos tamb\u00e9m poder\u00e3o ser vacinados contra a covid-19 em Paudalho. Captura feita em janeiro de 2020. Foto: Josu\u00e9 J\u00fanior\/PMP.<\/em><\/figcaption><\/figure>\n\n\n\n<p>De acordo com dados divulgados pela Secretaria Municipal de Sa\u00fade e disponibilizados na ferramenta de monitoramento on-line <strong><a rel=\"noreferrer noopener\" href=\"https:\/\/www.basemunicipal.com\/saude\/vacinometro\" target=\"_blank\">Vacin\u00f4metro<\/a><\/strong>, do in\u00edcio da campanha de vacina\u00e7\u00e3o, em 19 de janeiro de 2021, at\u00e9 a manh\u00e3 desta ter\u00e7a-feira (01), mais de 14 mil doses de vacinas contra o coronav\u00edrus j\u00e1 foram aplicadas na popula\u00e7\u00e3o paudalhense.<\/p>\n\n\n\n<p>Confira na tabela abaixo a lista com os grupos que podem ser imunizados em Paudalho:<\/p>\n\n\n\n<figure class=\"wp-block-table is-style-stripes\"><table><tbody><tr><td class=\"has-text-align-left\" data-align=\"left\"><strong>GRUPOS INCLU\u00cdDOS NA CAMPANHA DE VACINA\u00c7\u00c3O CONTRA A COVID-19 EM PAUDALHO<\/strong><\/td><\/tr><tr><td class=\"has-text-align-left\" data-align=\"left\">\u2022 Trabalhadores da \u00e1rea de Sa\u00fade;<\/td><\/tr><tr><td class=\"has-text-align-left\" data-align=\"left\">\u2022 Idosos institucionalizados;<\/td><\/tr><tr><td class=\"has-text-align-left\" data-align=\"left\">\u2022 Pessoas de 85 anos ou mais;<\/td><\/tr><tr><td class=\"has-text-align-left\" data-align=\"left\">\u2022 Pessoas de 60 a 85 anos;<\/td><\/tr><tr><td class=\"has-text-align-left\" data-align=\"left\">\u2022 Pessoas de 50 a 59 anos; <strong><a href=\"https:\/\/paudalho.basemunicipal.com\/saude\/covid\/vacinacao\/pre-cadastro\" target=\"_blank\" rel=\"noreferrer noopener\">REALIZE O PR\u00c9-CADASTRO AQUI!<\/a><\/strong><\/td><\/tr><tr><td class=\"has-text-align-left\" data-align=\"left\">\u2022 Pessoas com comorbidades e defici\u00eancias permanentes; <strong><a href=\"https:\/\/paudalho.basemunicipal.com\/saude\/covid\/vacinacao\/pre-cadastro\" target=\"_blank\" rel=\"noreferrer noopener\">REALIZE O PR\u00c9-CADASTRO AQUI!<\/a><\/strong><\/td><\/tr><tr><td class=\"has-text-align-left\" data-align=\"left\">\u2022 Gestantes e pu\u00e9rperas;<\/td><\/tr><tr><td class=\"has-text-align-left\" data-align=\"left\">\u2022 Trabalhadores da \u00e1rea de Educa\u00e7\u00e3o;<\/td><\/tr><tr><td class=\"has-text-align-left\" data-align=\"left\">\u2022 Trabalhadores da Assist\u00eancia Social;<\/td><\/tr><tr><td class=\"has-text-align-left\" data-align=\"left\">\u2022 Integrantes da Guarda Municipal.<\/td><\/tr><\/tbody><\/table><\/figure>\n\n\n\n<p><\/p>\n","protected":false},"excerpt":{"rendered":"<p>A Prefeitura do Paudalho divulga nesta ter\u00e7a-feira (01) o pr\u00e9-cadastro on-line para a vacina\u00e7\u00e3o contra a covid-19 de trabalhadores de transporte coletivo rodovi\u00e1rio, da ind\u00fastria, caminhoneiros e profissionais da limpeza urbana e manejo de res\u00edduos s\u00f3lidos. Para serem imunizados, os mun\u00edcipes devem preencher o formul\u00e1rio digital disponibilizado pela Secretaria Municipal de Sa\u00fade. A imuniza\u00e7\u00e3o est\u00e1 [&hellip;]<\/p>\n","protected":false},"author":6,"featured_media":14465,"comment_status":"open","ping_status":"open","sticky":false,"template":"","format":"standard","meta":{"_jetpack_newsletter_access":"","_jetpack_dont_email_post_to_subs":false,"_jetpack_newsletter_tier_id":0,"_jetpack_memberships_contains_paywalled_content":false,"_jetpack_memberships_contains_paid_content":false,"footnotes":""},"categories":[732,2,1,3],"tags":[711,22,168,738],"class_list":["post-15159","post","type-post","status-publish","format-standard","has-post-thumbnail","hentry","category-covid-19","category-destaque","category-noticias","category-saude","tag-covid19","tag-prefeitura-do-paudalho","tag-secretaria-de-saude","tag-vacinacao-contra-a-covid-19"],"jetpack_featured_media_url":"https:\/\/www.paudalho.pe.gov.br\/portal\/wp-content\/uploads\/2021\/04\/H5A9896-scaled.jpg","jetpack_sharing_enabled":true,"jetpack_shortlink":"https:\/\/wp.me\/p98mS2-3Wv","_links":{"self":[{"href":"https:\/\/www.paudalho.pe.gov.br\/portal\/wp-json\/wp\/v2\/posts\/15159","targetHints":{"allow":["GET"]}}],"collection":[{"href":"https:\/\/www.paudalho.pe.gov.br\/portal\/wp-json\/wp\/v2\/posts"}],"about":[{"href":"https:\/\/www.paudalho.pe.gov.br\/portal\/wp-json\/wp\/v2\/types\/post"}],"author":[{"embeddable":true,"href":"https:\/\/www.paudalho.pe.gov.br\/portal\/wp-json\/wp\/v2\/users\/6"}],"replies":[{"embeddable":true,"href":"https:\/\/www.paudalho.pe.gov.br\/portal\/wp-json\/wp\/v2\/comments?post=15159"}],"version-history":[{"count":19,"href":"https:\/\/www.paudalho.pe.gov.br\/portal\/wp-json\/wp\/v2\/posts\/15159\/revisions"}],"predecessor-version":[{"id":15588,"href":"https:\/\/www.paudalho.pe.gov.br\/portal\/wp-json\/wp\/v2\/posts\/15159\/revisions\/15588"}],"wp:featuredmedia":[{"embeddable":true,"href":"https:\/\/www.paudalho.pe.gov.br\/portal\/wp-json\/wp\/v2\/media\/14465"}],"wp:attachment":[{"href":"https:\/\/www.paudalho.pe.gov.br\/portal\/wp-json\/wp\/v2\/media?parent=15159"}],"wp:term":[{"taxonomy":"category","embeddable":true,"href":"https:\/\/www.paudalho.pe.gov.br\/portal\/wp-json\/wp\/v2\/categories?post=15159"},{"taxonomy":"post_tag","embeddable":true,"href":"https:\/\/www.paudalho.pe.gov.br\/portal\/wp-json\/wp\/v2\/tags?post=15159"}],"curies":[{"name":"wp","href":"https:\/\/api.w.org\/{rel}","templated":true}]}}