{"id":15139,"date":"2021-05-31T12:00:43","date_gmt":"2021-05-31T15:00:43","guid":{"rendered":"https:\/\/www.paudalho.pe.gov.br\/portal\/?p=15139"},"modified":"2021-05-31T12:20:09","modified_gmt":"2021-05-31T15:20:09","slug":"paudalho-abre-inscricao-para-artistas-que-queiram-se-apresentar-no-sao-joao-virtual-2021","status":"publish","type":"post","link":"https:\/\/www.paudalho.pe.gov.br\/portal\/paudalho-abre-inscricao-para-artistas-que-queiram-se-apresentar-no-sao-joao-virtual-2021\/","title":{"rendered":"Paudalho abre inscri\u00e7\u00e3o para artistas que queiram se apresentar no S\u00e3o Jo\u00e3o virtual 2021"},"content":{"rendered":"\n<p>Devido \u00e0 pandemia da covid-19, as tradicionais festas juninas presenciais celebradas anualmente por todo o Brasil ser\u00e3o canceladas. Como forma de manter viva a tradi\u00e7\u00e3o local e prestar apoio ao segmento art\u00edstico e cultural do munic\u00edpio, a Prefeitura do Paudalho, atrav\u00e9s da sua Secretaria de Cultura, Turismo, Lazer, Esporte e Juventude, entre os dias 23 e 25 de junho, realizar\u00e1 o <strong>S\u00e3o Jo\u00e3o 2021<\/strong> por meio de transmiss\u00e3o on-line. Para compor a programa\u00e7\u00e3o do espet\u00e1culo virtual, a pasta publica nesta segunda-feira (31) um <strong>Edital de Credenciamento<\/strong> para os artistas da cidade.<\/p>\n\n\n\n<p>Por meio do edital ser\u00e3o selecionados projetos art\u00edsticos exclusivos para a festividade com a tem\u00e1tica junina. As propostas escolhidas contar\u00e3o com apoio financeiro da Prefeitura e far\u00e3o parte da grade de apresenta\u00e7\u00f5es on-line. O per\u00edodo de inscri\u00e7\u00e3o no processo seletivo tem in\u00edcio hoje (31) e prossegue at\u00e9 o dia 10 de junho. Para participar do credenciamento, o candidato deve ser habilitado no Sistema Municipal de Informa\u00e7\u00e3o e Indicadores Culturais (SMIIC).<\/p>\n\n\n\n<div class=\"wp-block-file\"><a href=\"https:\/\/www.paudalho.pe.gov.br\/portal\/wp-content\/uploads\/2021\/05\/Edital-Sao-Joao-Virtual.pdf\"><strong>&gt;&gt;&gt; FA\u00c7A AQUI O DOWNLOAD DO EDITAL DE CREDENCIAMENTO PARA APRESENTA\u00c7\u00d5ES ART\u00cdSTICAS VIRTUAIS DO S\u00c3O JO\u00c3O 2021!<\/strong><\/a><a href=\"https:\/\/www.paudalho.pe.gov.br\/portal\/wp-content\/uploads\/2021\/05\/Edital-Sao-Joao-Virtual.pdf\" class=\"wp-block-file__button\" download>Baixar<\/a><\/div>\n\n\n\n<p>As modalidades para as transmiss\u00f5es ao vivo incluem bandas, quadrilhas juninas (segmento adulto e infantil), grupos de teatro, grupos culturais tradicionais, poetas e cantadores. As apresenta\u00e7\u00f5es dever\u00e3o ter classifica\u00e7\u00e3o et\u00e1ria livre e n\u00e3o poder\u00e3o conter edi\u00e7\u00f5es com marcas ou logos. <\/p>\n\n\n\n<figure class=\"wp-block-gallery columns-3 is-cropped wp-block-gallery-1 is-layout-flex wp-block-gallery-is-layout-flex\"><ul class=\"blocks-gallery-grid\"><li class=\"blocks-gallery-item\"><figure><img loading=\"lazy\" decoding=\"async\" width=\"800\" height=\"450\" data-attachment-id=\"7309\" data-permalink=\"https:\/\/www.paudalho.pe.gov.br\/portal\/tradicao-e-alegria-marcam-1o-dia-de-apresentacoes-das-quadrilhas-juninas-em-paudalho\/3b893f22-d62e-41e4-807d-0e3d49ae389e\/\" data-orig-file=\"https:\/\/www.paudalho.pe.gov.br\/portal\/wp-content\/uploads\/2019\/06\/3b893f22-d62e-41e4-807d-0e3d49ae389e.jpg\" data-orig-size=\"1080,720\" data-comments-opened=\"1\" data-image-meta=\"{&quot;aperture&quot;:&quot;0&quot;,&quot;credit&quot;:&quot;&quot;,&quot;camera&quot;:&quot;&quot;,&quot;caption&quot;:&quot;&quot;,&quot;created_timestamp&quot;:&quot;0&quot;,&quot;copyright&quot;:&quot;&quot;,&quot;focal_length&quot;:&quot;0&quot;,&quot;iso&quot;:&quot;0&quot;,&quot;shutter_speed&quot;:&quot;0&quot;,&quot;title&quot;:&quot;&quot;,&quot;orientation&quot;:&quot;0&quot;}\" data-image-title=\"Apresenta\u00e7\u00e3o de quadrilha junina no S\u00e3o Jo\u00e3o 2019 em Paudalho, Pernambuco.\" data-image-description=\"\" data-image-caption=\"&lt;p&gt;Foto: Josu\u00e9 J\u00fanior\/PMP.&lt;\/p&gt;\n\" data-medium-file=\"https:\/\/www.paudalho.pe.gov.br\/portal\/wp-content\/uploads\/2019\/06\/3b893f22-d62e-41e4-807d-0e3d49ae389e-350x230.jpg\" data-large-file=\"https:\/\/www.paudalho.pe.gov.br\/portal\/wp-content\/uploads\/2019\/06\/3b893f22-d62e-41e4-807d-0e3d49ae389e-800x450.jpg\" src=\"https:\/\/www.paudalho.pe.gov.br\/portal\/wp-content\/uploads\/2019\/06\/3b893f22-d62e-41e4-807d-0e3d49ae389e-800x450.jpg\" alt=\"\" data-id=\"7309\" data-full-url=\"https:\/\/www.paudalho.pe.gov.br\/portal\/wp-content\/uploads\/2019\/06\/3b893f22-d62e-41e4-807d-0e3d49ae389e.jpg\" data-link=\"https:\/\/www.paudalho.pe.gov.br\/portal\/tradicao-e-alegria-marcam-1o-dia-de-apresentacoes-das-quadrilhas-juninas-em-paudalho\/3b893f22-d62e-41e4-807d-0e3d49ae389e\/\" class=\"wp-image-7309\"\/><figcaption class=\"blocks-gallery-item__caption\">Foto: Josu\u00e9 J\u00fanior\/PMP.<\/figcaption><\/figure><\/li><li class=\"blocks-gallery-item\"><figure><img loading=\"lazy\" decoding=\"async\" width=\"800\" height=\"450\" data-attachment-id=\"7312\" data-permalink=\"https:\/\/www.paudalho.pe.gov.br\/portal\/tradicao-e-alegria-marcam-1o-dia-de-apresentacoes-das-quadrilhas-juninas-em-paudalho\/5ef37727-a76b-4512-b1ed-72ff6c83bf66\/\" data-orig-file=\"https:\/\/www.paudalho.pe.gov.br\/portal\/wp-content\/uploads\/2019\/06\/5ef37727-a76b-4512-b1ed-72ff6c83bf66.jpg\" data-orig-size=\"1073,720\" data-comments-opened=\"1\" data-image-meta=\"{&quot;aperture&quot;:&quot;0&quot;,&quot;credit&quot;:&quot;&quot;,&quot;camera&quot;:&quot;&quot;,&quot;caption&quot;:&quot;&quot;,&quot;created_timestamp&quot;:&quot;0&quot;,&quot;copyright&quot;:&quot;&quot;,&quot;focal_length&quot;:&quot;0&quot;,&quot;iso&quot;:&quot;0&quot;,&quot;shutter_speed&quot;:&quot;0&quot;,&quot;title&quot;:&quot;&quot;,&quot;orientation&quot;:&quot;0&quot;}\" data-image-title=\"Apresenta\u00e7\u00e3o musical no S\u00e3o Jo\u00e3o 2019 em Paudalho, Pernambuco.\" data-image-description=\"\" data-image-caption=\"\" data-medium-file=\"https:\/\/www.paudalho.pe.gov.br\/portal\/wp-content\/uploads\/2019\/06\/5ef37727-a76b-4512-b1ed-72ff6c83bf66-350x230.jpg\" data-large-file=\"https:\/\/www.paudalho.pe.gov.br\/portal\/wp-content\/uploads\/2019\/06\/5ef37727-a76b-4512-b1ed-72ff6c83bf66-800x450.jpg\" src=\"https:\/\/www.paudalho.pe.gov.br\/portal\/wp-content\/uploads\/2019\/06\/5ef37727-a76b-4512-b1ed-72ff6c83bf66-800x450.jpg\" alt=\"\" data-id=\"7312\" data-full-url=\"https:\/\/www.paudalho.pe.gov.br\/portal\/wp-content\/uploads\/2019\/06\/5ef37727-a76b-4512-b1ed-72ff6c83bf66.jpg\" data-link=\"https:\/\/www.paudalho.pe.gov.br\/portal\/tradicao-e-alegria-marcam-1o-dia-de-apresentacoes-das-quadrilhas-juninas-em-paudalho\/5ef37727-a76b-4512-b1ed-72ff6c83bf66\/\" class=\"wp-image-7312\"\/><figcaption class=\"blocks-gallery-item__caption\"><em><em>S\u00e3o Jo\u00e3o 2019 em Paudalho, Pernambuco. Foto: Josu\u00e9 J\u00fanior\/PMP.<\/em><\/em><\/figcaption><\/figure><\/li><li class=\"blocks-gallery-item\"><figure><img loading=\"lazy\" decoding=\"async\" width=\"800\" height=\"450\" data-attachment-id=\"7319\" data-permalink=\"https:\/\/www.paudalho.pe.gov.br\/portal\/tradicao-e-alegria-marcam-1o-dia-de-apresentacoes-das-quadrilhas-juninas-em-paudalho\/019cbb28-2459-407e-bbed-f3d80fc1a4c2\/\" data-orig-file=\"https:\/\/www.paudalho.pe.gov.br\/portal\/wp-content\/uploads\/2019\/06\/019cbb28-2459-407e-bbed-f3d80fc1a4c2.jpg\" data-orig-size=\"1080,720\" data-comments-opened=\"1\" data-image-meta=\"{&quot;aperture&quot;:&quot;0&quot;,&quot;credit&quot;:&quot;&quot;,&quot;camera&quot;:&quot;&quot;,&quot;caption&quot;:&quot;&quot;,&quot;created_timestamp&quot;:&quot;0&quot;,&quot;copyright&quot;:&quot;&quot;,&quot;focal_length&quot;:&quot;0&quot;,&quot;iso&quot;:&quot;0&quot;,&quot;shutter_speed&quot;:&quot;0&quot;,&quot;title&quot;:&quot;&quot;,&quot;orientation&quot;:&quot;0&quot;}\" data-image-title=\"Apresenta\u00e7\u00e3o de quadrilha junina no S\u00e3o Jo\u00e3o 2019 em Paudalho, Pernambuco.\" data-image-description=\"\" data-image-caption=\"\" data-medium-file=\"https:\/\/www.paudalho.pe.gov.br\/portal\/wp-content\/uploads\/2019\/06\/019cbb28-2459-407e-bbed-f3d80fc1a4c2-350x230.jpg\" data-large-file=\"https:\/\/www.paudalho.pe.gov.br\/portal\/wp-content\/uploads\/2019\/06\/019cbb28-2459-407e-bbed-f3d80fc1a4c2-800x450.jpg\" src=\"https:\/\/www.paudalho.pe.gov.br\/portal\/wp-content\/uploads\/2019\/06\/019cbb28-2459-407e-bbed-f3d80fc1a4c2-800x450.jpg\" alt=\"\" data-id=\"7319\" data-full-url=\"https:\/\/www.paudalho.pe.gov.br\/portal\/wp-content\/uploads\/2019\/06\/019cbb28-2459-407e-bbed-f3d80fc1a4c2.jpg\" data-link=\"https:\/\/www.paudalho.pe.gov.br\/portal\/tradicao-e-alegria-marcam-1o-dia-de-apresentacoes-das-quadrilhas-juninas-em-paudalho\/019cbb28-2459-407e-bbed-f3d80fc1a4c2\/\" class=\"wp-image-7319\"\/><figcaption class=\"blocks-gallery-item__caption\"><em><em>S\u00e3o Jo\u00e3o 2019 em Paudalho, Pernambuco. Foto: Josu\u00e9 J\u00fanior\/PMP.<\/em><\/em><\/figcaption><\/figure><\/li><\/ul><\/figure>\n\n\n\n<h3 class=\"wp-block-heading\"><strong>Saiba como se inscrever<\/strong><\/h3>\n\n\n\n<p>Para se inscrever o candidato deve comparecer de forma presencial na sede da Secretaria Municipal de Cultura, Turismo, Lazer, Esporte e Juventude, localizada na Antiga Esta\u00e7\u00e3o Ferrovi\u00e1ria, S\/N, Santa Tereza, Paudalho, no hor\u00e1rio das 08h \u00e0s 17h. Durante o momento, os proponentes dever\u00e3o entregar uma lista de documentos especificados no Edital de Credenciamento. Todas as medidas de preven\u00e7\u00e3o ao cont\u00e1gio do coronav\u00edrus, como o uso de m\u00e1scaras e \u00e1lcool em gel, dever\u00e3o ser respeitadas. As inscri\u00e7\u00f5es estar\u00e3o abertas at\u00e9 o dia 10 de junho. <\/p>\n\n\n\n<p><em>Para mais informa\u00e7\u00f5es entre em contato com a Secretaria Municipal de Cultura, Turismo, Lazer, Esporte e Juventude atrav\u00e9s do telefone (81) 3636.1156.<\/em><\/p>\n","protected":false},"excerpt":{"rendered":"<p>Devido \u00e0 pandemia da covid-19, as tradicionais festas juninas presenciais celebradas anualmente por todo o Brasil ser\u00e3o canceladas. Como forma de manter viva a tradi\u00e7\u00e3o local e prestar apoio ao segmento art\u00edstico e cultural do munic\u00edpio, a Prefeitura do Paudalho, atrav\u00e9s da sua Secretaria de Cultura, Turismo, Lazer, Esporte e Juventude, entre os dias 23 [&hellip;]<\/p>\n","protected":false},"author":6,"featured_media":7316,"comment_status":"open","ping_status":"open","sticky":false,"template":"","format":"standard","meta":{"_jetpack_newsletter_access":"","_jetpack_dont_email_post_to_subs":false,"_jetpack_newsletter_tier_id":0,"_jetpack_memberships_contains_paywalled_content":false,"_jetpack_memberships_contains_paid_content":false,"footnotes":""},"categories":[6,2,1,749],"tags":[22],"class_list":["post-15139","post","type-post","status-publish","format-standard","has-post-thumbnail","hentry","category-cultura","category-destaque","category-noticias","category-sao-joao","tag-prefeitura-do-paudalho"],"jetpack_featured_media_url":"https:\/\/www.paudalho.pe.gov.br\/portal\/wp-content\/uploads\/2019\/06\/8ac81007-9c72-4963-a6fa-fc6807e01c5a-1.jpg","jetpack_sharing_enabled":true,"jetpack_shortlink":"https:\/\/wp.me\/p98mS2-3Wb","_links":{"self":[{"href":"https:\/\/www.paudalho.pe.gov.br\/portal\/wp-json\/wp\/v2\/posts\/15139","targetHints":{"allow":["GET"]}}],"collection":[{"href":"https:\/\/www.paudalho.pe.gov.br\/portal\/wp-json\/wp\/v2\/posts"}],"about":[{"href":"https:\/\/www.paudalho.pe.gov.br\/portal\/wp-json\/wp\/v2\/types\/post"}],"author":[{"embeddable":true,"href":"https:\/\/www.paudalho.pe.gov.br\/portal\/wp-json\/wp\/v2\/users\/6"}],"replies":[{"embeddable":true,"href":"https:\/\/www.paudalho.pe.gov.br\/portal\/wp-json\/wp\/v2\/comments?post=15139"}],"version-history":[{"count":16,"href":"https:\/\/www.paudalho.pe.gov.br\/portal\/wp-json\/wp\/v2\/posts\/15139\/revisions"}],"predecessor-version":[{"id":15156,"href":"https:\/\/www.paudalho.pe.gov.br\/portal\/wp-json\/wp\/v2\/posts\/15139\/revisions\/15156"}],"wp:featuredmedia":[{"embeddable":true,"href":"https:\/\/www.paudalho.pe.gov.br\/portal\/wp-json\/wp\/v2\/media\/7316"}],"wp:attachment":[{"href":"https:\/\/www.paudalho.pe.gov.br\/portal\/wp-json\/wp\/v2\/media?parent=15139"}],"wp:term":[{"taxonomy":"category","embeddable":true,"href":"https:\/\/www.paudalho.pe.gov.br\/portal\/wp-json\/wp\/v2\/categories?post=15139"},{"taxonomy":"post_tag","embeddable":true,"href":"https:\/\/www.paudalho.pe.gov.br\/portal\/wp-json\/wp\/v2\/tags?post=15139"}],"curies":[{"name":"wp","href":"https:\/\/api.w.org\/{rel}","templated":true}]}}