{"id":15118,"date":"2021-05-31T09:23:34","date_gmt":"2021-05-31T12:23:34","guid":{"rendered":"https:\/\/www.paudalho.pe.gov.br\/portal\/?p=15118"},"modified":"2025-01-08T00:39:44","modified_gmt":"2025-01-08T03:39:44","slug":"paudalho-inicia-vacinacao-contra-covid-19-para-trabalhadores-da-assistencia-social-e-guardas-municipais-nesta-segunda-feira-31","status":"publish","type":"post","link":"https:\/\/www.paudalho.pe.gov.br\/portal\/paudalho-inicia-vacinacao-contra-covid-19-para-trabalhadores-da-assistencia-social-e-guardas-municipais-nesta-segunda-feira-31\/","title":{"rendered":"Paudalho inicia vacina\u00e7\u00e3o contra covid-19 para trabalhadores da assist\u00eancia social e guardas municipais nesta segunda-feira (31)"},"content":{"rendered":"\n<p>A Prefeitura do Paudalho inicia a vacina\u00e7\u00e3o contra a covid-19 de novos grupos priorit\u00e1rios nesta segunda-feira (31). Trabalhadores da assist\u00eancia social e guardas municipais passam a fazer parte da lista de profissionais que podem receber a dose da vacina no munic\u00edpio. <\/p>\n\n\n\n<p>Com atendimento dispon\u00edvel de domingo a domingo, das 8h \u00e0s 16h, a imuniza\u00e7\u00e3o est\u00e1 sendo realizada no ponto drive-thru localizado em frente a sede da Secretaria Municipal de Sa\u00fade, no centro da cidade. A aplica\u00e7\u00e3o dos imunizantes ser\u00e1 realizada em hor\u00e1rios diferentes, sendo o per\u00edodo da manh\u00e3 reservado para trabalhadores da assist\u00eancia social e o per\u00edodo da tarde para integrantes da Guarda Municipal.<\/p>\n\n\n\n<figure class=\"wp-block-image size-large\"><img loading=\"lazy\" decoding=\"async\" width=\"800\" height=\"450\" data-attachment-id=\"15127\" data-permalink=\"https:\/\/www.paudalho.pe.gov.br\/portal\/paudalho-inicia-vacinacao-contra-covid-19-para-trabalhadores-da-assistencia-social-e-guardas-municipais-nesta-segunda-feira-31\/_h5a0076\/\" data-orig-file=\"https:\/\/www.paudalho.pe.gov.br\/portal\/wp-content\/uploads\/2021\/05\/H5A0076-scaled.jpg\" data-orig-size=\"2560,1707\" data-comments-opened=\"1\" data-image-meta=\"{&quot;aperture&quot;:&quot;8&quot;,&quot;credit&quot;:&quot;CHARLES JOHNSON&quot;,&quot;camera&quot;:&quot;Canon EOS 5D Mark IV&quot;,&quot;caption&quot;:&quot;&quot;,&quot;created_timestamp&quot;:&quot;1616750032&quot;,&quot;copyright&quot;:&quot;CHARLES JOHNSON 81 986016133&quot;,&quot;focal_length&quot;:&quot;50&quot;,&quot;iso&quot;:&quot;125&quot;,&quot;shutter_speed&quot;:&quot;0.00625&quot;,&quot;title&quot;:&quot;&quot;,&quot;orientation&quot;:&quot;1&quot;}\" data-image-title=\"guarda municipal\" data-image-description=\"\" data-image-caption=\"\" data-medium-file=\"https:\/\/www.paudalho.pe.gov.br\/portal\/wp-content\/uploads\/2021\/05\/H5A0076-350x230.jpg\" data-large-file=\"https:\/\/www.paudalho.pe.gov.br\/portal\/wp-content\/uploads\/2021\/05\/H5A0076-800x450.jpg\" src=\"https:\/\/www.paudalho.pe.gov.br\/portal\/wp-content\/uploads\/2021\/05\/H5A0076-800x450.jpg\" alt=\"\" class=\"wp-image-15127\"\/><figcaption><em>Guardas municipais e trabalhadores da assist\u00eancia social come\u00e7ar\u00e3o a ser imunizados nesta segunda-feira (31). Foto: Josu\u00e9 J\u00fanior\/PMP.<\/em><\/figcaption><\/figure>\n\n\n\n<figure class=\"wp-block-gallery columns-2 is-cropped wp-block-gallery-1 is-layout-flex wp-block-gallery-is-layout-flex\"><ul class=\"blocks-gallery-grid\"><li class=\"blocks-gallery-item\"><figure><img loading=\"lazy\" decoding=\"async\" width=\"800\" height=\"450\" data-attachment-id=\"15129\" data-permalink=\"https:\/\/www.paudalho.pe.gov.br\/portal\/paudalho-inicia-vacinacao-contra-covid-19-para-trabalhadores-da-assistencia-social-e-guardas-municipais-nesta-segunda-feira-31\/_h5a9848\/\" data-orig-file=\"https:\/\/www.paudalho.pe.gov.br\/portal\/wp-content\/uploads\/2021\/05\/H5A9848-scaled.jpg\" data-orig-size=\"2560,1707\" data-comments-opened=\"1\" data-image-meta=\"{&quot;aperture&quot;:&quot;0&quot;,&quot;credit&quot;:&quot;&quot;,&quot;camera&quot;:&quot;&quot;,&quot;caption&quot;:&quot;&quot;,&quot;created_timestamp&quot;:&quot;0&quot;,&quot;copyright&quot;:&quot;CHARLES JOHNSON 81 986016133&quot;,&quot;focal_length&quot;:&quot;0&quot;,&quot;iso&quot;:&quot;0&quot;,&quot;shutter_speed&quot;:&quot;0&quot;,&quot;title&quot;:&quot;&quot;,&quot;orientation&quot;:&quot;0&quot;}\" data-image-title=\"Ponto de vacina\u00e7\u00e3o drive-thru\" data-image-description=\"\" data-image-caption=\"&lt;p&gt;As vacinas est\u00e3o sendo aplicadas no ponto de vacina\u00e7\u00e3o drive-thru no centro da cidade. Foto: Josu\u00e9 J\u00fanior\/PMP.&lt;\/p&gt;\n\" data-medium-file=\"https:\/\/www.paudalho.pe.gov.br\/portal\/wp-content\/uploads\/2021\/05\/H5A9848-350x230.jpg\" data-large-file=\"https:\/\/www.paudalho.pe.gov.br\/portal\/wp-content\/uploads\/2021\/05\/H5A9848-800x450.jpg\" src=\"https:\/\/www.paudalho.pe.gov.br\/portal\/wp-content\/uploads\/2021\/05\/H5A9848-800x450.jpg\" alt=\"\" data-id=\"15129\" data-full-url=\"https:\/\/www.paudalho.pe.gov.br\/portal\/wp-content\/uploads\/2021\/05\/H5A9848-scaled.jpg\" data-link=\"https:\/\/www.paudalho.pe.gov.br\/portal\/?attachment_id=15129\" class=\"wp-image-15129\"\/><figcaption class=\"blocks-gallery-item__caption\"><em>As vacinas est\u00e3o sendo aplicadas no ponto de vacina\u00e7\u00e3o drive-thru no centro da cidade. Foto: Josu\u00e9 J\u00fanior\/PMP.<\/em><\/figcaption><\/figure><\/li><li class=\"blocks-gallery-item\"><figure><img loading=\"lazy\" decoding=\"async\" width=\"800\" height=\"450\" data-attachment-id=\"15126\" data-permalink=\"https:\/\/www.paudalho.pe.gov.br\/portal\/paudalho-inicia-vacinacao-contra-covid-19-para-trabalhadores-da-assistencia-social-e-guardas-municipais-nesta-segunda-feira-31\/h5a0146\/\" data-orig-file=\"https:\/\/www.paudalho.pe.gov.br\/portal\/wp-content\/uploads\/2021\/05\/H5A0146-scaled.jpg\" data-orig-size=\"2560,1707\" data-comments-opened=\"1\" data-image-meta=\"{&quot;aperture&quot;:&quot;7.1&quot;,&quot;credit&quot;:&quot;CHARLES JOHNSON&quot;,&quot;camera&quot;:&quot;Canon EOS 5D Mark IV&quot;,&quot;caption&quot;:&quot;&quot;,&quot;created_timestamp&quot;:&quot;1616752498&quot;,&quot;copyright&quot;:&quot;CHARLES JOHNSON 81 986016133&quot;,&quot;focal_length&quot;:&quot;56&quot;,&quot;iso&quot;:&quot;1000&quot;,&quot;shutter_speed&quot;:&quot;0.003125&quot;,&quot;title&quot;:&quot;&quot;,&quot;orientation&quot;:&quot;1&quot;}\" data-image-title=\"vacina\u00e7\u00e3o covid19\" data-image-description=\"\" data-image-caption=\"&lt;p&gt;A vacina\u00e7\u00e3o prossegue para os demais grupos priorit\u00e1rio j\u00e1 inclusos na campanha de vacina\u00e7\u00e3o contra a covid-19.  Foto: Josu\u00e9 J\u00fanior\/PMP.&lt;\/p&gt;\n\" data-medium-file=\"https:\/\/www.paudalho.pe.gov.br\/portal\/wp-content\/uploads\/2021\/05\/H5A0146-350x230.jpg\" data-large-file=\"https:\/\/www.paudalho.pe.gov.br\/portal\/wp-content\/uploads\/2021\/05\/H5A0146-800x450.jpg\" src=\"https:\/\/www.paudalho.pe.gov.br\/portal\/wp-content\/uploads\/2021\/05\/H5A0146-800x450.jpg\" alt=\"\" data-id=\"15126\" data-full-url=\"https:\/\/www.paudalho.pe.gov.br\/portal\/wp-content\/uploads\/2021\/05\/H5A0146-scaled.jpg\" data-link=\"https:\/\/www.paudalho.pe.gov.br\/portal\/?attachment_id=15126\" class=\"wp-image-15126\"\/><figcaption class=\"blocks-gallery-item__caption\"><em>A vacina\u00e7\u00e3o prossegue para os demais grupos priorit\u00e1rio j\u00e1 inclusos na campanha de vacina\u00e7\u00e3o contra a covid-19.  Foto: Josu\u00e9 J\u00fanior\/PMP.<\/em><\/figcaption><\/figure><\/li><\/ul><\/figure>\n\n\n\n<h3 class=\"wp-block-heading\"><strong>Outros grupos priorit\u00e1rio<\/strong>s<\/h3>\n\n\n\n<p>Na \u00faltima sexta-feira (28), a campanha de vacina\u00e7\u00e3o contra a Covid-19 do munic\u00edpio de Paudalho passou a incluir pessoas na faixa et\u00e1ria dos 50 anos ou mais. Para receber a dose do imunizante \u00e9 necess\u00e1rio que o mun\u00edcipe realize o pr\u00e9-cadastro on-line atrav\u00e9s de um novo\u00a0<strong><a href=\"https:\/\/paudalho.basemunicipal.com\/saude\/covid\/vacinacao\/pre-cadastro\" target=\"_blank\" rel=\"noreferrer noopener\">formul\u00e1rio<\/a>\u00a0<\/strong>disponibilizado pela Secretaria Municipal de Sa\u00fade. A imuniza\u00e7\u00e3o come\u00e7a hoje (31) e ser\u00e1 realizada em ordem decrescente de idade, com o grupo inicial formado por pessoas com 59 anos, posteriormente 58, e assim sucessivamente.<\/p>\n\n\n\n<p><strong><a href=\"https:\/\/paudalho.basemunicipal.com\/saude\/covid\/vacinacao\/pre-cadastro\" target=\"_blank\" rel=\"noreferrer noopener\">>>> CLIQUE AQUI E REALIZE O SEU PR\u00c9-CADASTRO! (PESSOAS ACIMA DE 50 ANOS)<\/a><\/strong><\/p>\n\n\n\n<p>A imuniza\u00e7\u00e3o de&nbsp;<a rel=\"noreferrer noopener\" href=\"https:\/\/www.paudalho.pe.gov.br\/portal\/paudalho-inicia-vacinacao-contra-a-covid-19-de-pessoas-a-partir-dos-18-anos-com-comorbidades-gravidas-e-puerperas\/\" target=\"_blank\"><strong>indiv\u00edduos com comorbidades entre 18 e 59 anos<\/strong><\/a>, de pessoas com defici\u00eancias permanentes e de gr\u00e1vidas e pu\u00e9rperas, continuar\u00e1 ocorrendo conjuntamente a essa nova fase, assim como a de pessoas sem enfermidades pr\u00e9-existentes com mais de 60 anos. Durante o atendimento ser\u00e1 necess\u00e1rio que o mun\u00edcipe apresente um documento de identifica\u00e7\u00e3o, como o RG e o CPF, e um documento comprobat\u00f3rio da comorbidade, caso seja necess\u00e1rio. <\/p>\n","protected":false},"excerpt":{"rendered":"<p>A Prefeitura do Paudalho inicia a vacina\u00e7\u00e3o contra a covid-19 de novos grupos priorit\u00e1rios nesta segunda-feira (31). Trabalhadores da assist\u00eancia social e guardas municipais passam a fazer parte da lista de profissionais que podem receber a dose da vacina no munic\u00edpio. Com atendimento dispon\u00edvel de domingo a domingo, das 8h \u00e0s 16h, a imuniza\u00e7\u00e3o est\u00e1 [&hellip;]<\/p>\n","protected":false},"author":6,"featured_media":14768,"comment_status":"open","ping_status":"open","sticky":false,"template":"","format":"standard","meta":{"_jetpack_newsletter_access":"","_jetpack_dont_email_post_to_subs":false,"_jetpack_newsletter_tier_id":0,"_jetpack_memberships_contains_paywalled_content":false,"_jetpack_memberships_contains_paid_content":false,"footnotes":""},"categories":[732,2,1,3],"tags":[622,607,22,124,168,738],"class_list":["post-15118","post","type-post","status-publish","format-standard","has-post-thumbnail","hentry","category-covid-19","category-destaque","category-noticias","category-saude","tag-covid-19","tag-guarda-municipal","tag-prefeitura-do-paudalho","tag-secretaria-de-desenvolvimento-e-assistencia-social","tag-secretaria-de-saude","tag-vacinacao-contra-a-covid-19"],"jetpack_featured_media_url":"https:\/\/www.paudalho.pe.gov.br\/portal\/wp-content\/uploads\/2021\/05\/H5A9859-2-scaled.jpg","jetpack_sharing_enabled":true,"jetpack_shortlink":"https:\/\/wp.me\/p98mS2-3VQ","_links":{"self":[{"href":"https:\/\/www.paudalho.pe.gov.br\/portal\/wp-json\/wp\/v2\/posts\/15118","targetHints":{"allow":["GET"]}}],"collection":[{"href":"https:\/\/www.paudalho.pe.gov.br\/portal\/wp-json\/wp\/v2\/posts"}],"about":[{"href":"https:\/\/www.paudalho.pe.gov.br\/portal\/wp-json\/wp\/v2\/types\/post"}],"author":[{"embeddable":true,"href":"https:\/\/www.paudalho.pe.gov.br\/portal\/wp-json\/wp\/v2\/users\/6"}],"replies":[{"embeddable":true,"href":"https:\/\/www.paudalho.pe.gov.br\/portal\/wp-json\/wp\/v2\/comments?post=15118"}],"version-history":[{"count":19,"href":"https:\/\/www.paudalho.pe.gov.br\/portal\/wp-json\/wp\/v2\/posts\/15118\/revisions"}],"predecessor-version":[{"id":15584,"href":"https:\/\/www.paudalho.pe.gov.br\/portal\/wp-json\/wp\/v2\/posts\/15118\/revisions\/15584"}],"wp:featuredmedia":[{"embeddable":true,"href":"https:\/\/www.paudalho.pe.gov.br\/portal\/wp-json\/wp\/v2\/media\/14768"}],"wp:attachment":[{"href":"https:\/\/www.paudalho.pe.gov.br\/portal\/wp-json\/wp\/v2\/media?parent=15118"}],"wp:term":[{"taxonomy":"category","embeddable":true,"href":"https:\/\/www.paudalho.pe.gov.br\/portal\/wp-json\/wp\/v2\/categories?post=15118"},{"taxonomy":"post_tag","embeddable":true,"href":"https:\/\/www.paudalho.pe.gov.br\/portal\/wp-json\/wp\/v2\/tags?post=15118"}],"curies":[{"name":"wp","href":"https:\/\/api.w.org\/{rel}","templated":true}]}}