{"id":15103,"date":"2021-05-30T10:27:08","date_gmt":"2021-05-30T13:27:08","guid":{"rendered":"https:\/\/www.paudalho.pe.gov.br\/portal\/?p=15103"},"modified":"2025-01-08T00:39:44","modified_gmt":"2025-01-08T03:39:44","slug":"prefeitura-do-paudalho-realizara-audiencia-publica-para-avaliacao-de-metas-fiscais-de-2021","status":"publish","type":"post","link":"https:\/\/www.paudalho.pe.gov.br\/portal\/prefeitura-do-paudalho-realizara-audiencia-publica-para-avaliacao-de-metas-fiscais-de-2021\/","title":{"rendered":"Prefeitura do Paudalho realizar\u00e1 Audi\u00eancia P\u00fablica para avalia\u00e7\u00e3o de metas fiscais de 2021"},"content":{"rendered":"\n<p>A Prefeitura do Paudalho, atrav\u00e9s da Secretaria Municipal de Administra\u00e7\u00e3o e Finan\u00e7as (SAFIN), convida toda a comunidade para a Audi\u00eancia P\u00fablica que apresentar\u00e1 o cumprimento de metas fiscais referentes ao primeiro quadrimestre de 2021, referente a Lei Or\u00e7ament\u00e1ria Anual (LOA), ao Relat\u00f3rio Resumido da Execu\u00e7\u00e3o Or\u00e7ament\u00e1ria (RREO) e Relat\u00f3rio de Gest\u00e3o fiscal (RGF). Conforme determinado pela Lei de Responsabilidade Fiscal, a audi\u00eancia de avalia\u00e7\u00e3o \u00e9 um balan\u00e7o das a\u00e7\u00f5es promovidas pela administra\u00e7\u00e3o municipal.<\/p>\n\n\n\n<p>A audi\u00eancia p\u00fablica ser\u00e1 realizada na segunda-feira (31), em raz\u00e3o da pandemia a reuni\u00e3o ocorrer\u00e1 de forma online a partir das 10h e os mun\u00edcipes poder\u00e3o participar.<\/p>\n\n\n\n<h2 class=\"wp-block-heading\"><strong>O que s\u00e3o as metas fiscais?<\/strong><\/h2>\n\n\n\n<p>S\u00e3o justamente estes limites de gastos; s\u00e3o formas mais claras para planejamento de receitas e despesas. A Audi\u00eancia P\u00fablica \u00e9 proposta pela&nbsp;<a href=\"http:\/\/www.paudalho.pe.gov.br\/portal\/prefeitura-apresenta-metas-fiscais-em-audiencia-publica-nesta-segunda-feira\/\">Lei de Responsabilidade Fiscal<\/a>, que regula os atos administrativos do gestor da cidade e est\u00e1 no&nbsp;art. &nbsp;<a href=\"http:\/\/www.jusbrasil.com.br\/topicos\/11249964\/artigo-9-lc-n-101-de-04-de-maio-de-2000\">9\u00ba<\/a>, par\u00e1grafo quarto.<\/p>\n\n\n\n<p>Art. 9\u00ba Se verificado, ao final de um bimestre que a realiza\u00e7\u00e3o da receita poder\u00e1 n\u00e3o comportar o cumprimento das metas de resultado prim\u00e1rio ou nominal estabelecidas no Anexo de Metas Fiscais, os Poderes e o Minist\u00e9rio P\u00fablico promover\u00e3o, por ato pr\u00f3prio e nos montantes necess\u00e1rios, nos trinta dias subsequentes, limita\u00e7\u00e3o de empenho e movimenta\u00e7\u00e3o financeira, segundo os crit\u00e9rios fixados pela lei de diretrizes or\u00e7ament\u00e1rias. \u00a7 4\u00ba At\u00e9 o final dos meses de maio, setembro e fevereiro, o Poder Executivo demonstrar\u00e1 e avaliar\u00e1 o cumprimento das metas fiscais de cada quadrimestre em audi\u00eancia p\u00fablica na comiss\u00e3o referida no&nbsp;\u00a7 1&nbsp;do art.&nbsp;<em><a href=\"http:\/\/www.jusbrasil.com.br\/topicos\/10662925\/artigo-166-da-constitui%C3%A7%C3%A3o-federal-de-1988\">166<\/a><\/em>&nbsp;da&nbsp;<em>&nbsp;<a href=\"http:\/\/www.jusbrasil.com.br\/legislacao\/155571402\/constitui%C3%A7%C3%A3o-federal-constitui%C3%A7%C3%A3o-da-republica-federativa-do-brasil-1988\">Constitui\u00e7\u00e3o<\/a><\/em>&nbsp;ou equivalente nas Casas Legislativas estaduais e municipais.<\/p>\n\n\n\n<h3 class=\"wp-block-heading\">Confira abaixo o link para participar da reuni\u00e3o: <\/h3>\n\n\n\n<p>Reuni\u00e3o Zoom: https:\/\/us02web.zoom.us\/j\/82472792396?pwd=c08xOWdTMUF3U3ppZWd4R0k2eVJvUT09                                                     ID da reuni\u00e3o: 824 7279 2396                                                                                                                                                                                                                                            Senha de acesso: 3x1uHH                                                                                                                                                                             <\/p>\n\n\n\n<p><\/p>\n\n\n\n<p><\/p>\n","protected":false},"excerpt":{"rendered":"<p>A Prefeitura do Paudalho, atrav\u00e9s da Secretaria Municipal de Administra\u00e7\u00e3o e Finan\u00e7as (SAFIN), convida toda a comunidade para a Audi\u00eancia P\u00fablica que apresentar\u00e1 o cumprimento de metas fiscais referentes ao primeiro quadrimestre de 2021, referente a Lei Or\u00e7ament\u00e1ria Anual (LOA), ao Relat\u00f3rio Resumido da Execu\u00e7\u00e3o Or\u00e7ament\u00e1ria (RREO) e Relat\u00f3rio de Gest\u00e3o fiscal (RGF). Conforme determinado [&hellip;]<\/p>\n","protected":false},"author":2,"featured_media":15105,"comment_status":"open","ping_status":"open","sticky":false,"template":"","format":"standard","meta":{"_jetpack_newsletter_access":"","_jetpack_dont_email_post_to_subs":false,"_jetpack_newsletter_tier_id":0,"_jetpack_memberships_contains_paywalled_content":false,"_jetpack_memberships_contains_paid_content":false,"footnotes":""},"categories":[43,2,42,1],"tags":[27,14],"class_list":["post-15103","post","type-post","status-publish","format-standard","has-post-thumbnail","hentry","category-audiencia-publica","category-destaque","category-economia","category-noticias","tag-financas","tag-paudalho"],"jetpack_featured_media_url":"https:\/\/www.paudalho.pe.gov.br\/portal\/wp-content\/uploads\/2021\/05\/WhatsApp-Image-2021-05-30-at-09.48.35.jpeg","jetpack_sharing_enabled":true,"jetpack_shortlink":"https:\/\/wp.me\/p98mS2-3VB","_links":{"self":[{"href":"https:\/\/www.paudalho.pe.gov.br\/portal\/wp-json\/wp\/v2\/posts\/15103","targetHints":{"allow":["GET"]}}],"collection":[{"href":"https:\/\/www.paudalho.pe.gov.br\/portal\/wp-json\/wp\/v2\/posts"}],"about":[{"href":"https:\/\/www.paudalho.pe.gov.br\/portal\/wp-json\/wp\/v2\/types\/post"}],"author":[{"embeddable":true,"href":"https:\/\/www.paudalho.pe.gov.br\/portal\/wp-json\/wp\/v2\/users\/2"}],"replies":[{"embeddable":true,"href":"https:\/\/www.paudalho.pe.gov.br\/portal\/wp-json\/wp\/v2\/comments?post=15103"}],"version-history":[{"count":7,"href":"https:\/\/www.paudalho.pe.gov.br\/portal\/wp-json\/wp\/v2\/posts\/15103\/revisions"}],"predecessor-version":[{"id":15111,"href":"https:\/\/www.paudalho.pe.gov.br\/portal\/wp-json\/wp\/v2\/posts\/15103\/revisions\/15111"}],"wp:featuredmedia":[{"embeddable":true,"href":"https:\/\/www.paudalho.pe.gov.br\/portal\/wp-json\/wp\/v2\/media\/15105"}],"wp:attachment":[{"href":"https:\/\/www.paudalho.pe.gov.br\/portal\/wp-json\/wp\/v2\/media?parent=15103"}],"wp:term":[{"taxonomy":"category","embeddable":true,"href":"https:\/\/www.paudalho.pe.gov.br\/portal\/wp-json\/wp\/v2\/categories?post=15103"},{"taxonomy":"post_tag","embeddable":true,"href":"https:\/\/www.paudalho.pe.gov.br\/portal\/wp-json\/wp\/v2\/tags?post=15103"}],"curies":[{"name":"wp","href":"https:\/\/api.w.org\/{rel}","templated":true}]}}