{"id":15072,"date":"2021-05-28T08:42:14","date_gmt":"2021-05-28T11:42:14","guid":{"rendered":"https:\/\/www.paudalho.pe.gov.br\/portal\/?p=15072"},"modified":"2021-06-11T10:19:58","modified_gmt":"2021-06-11T13:19:58","slug":"paudalho-amplia-vacinacao-para-pessoas-a-partir-dos-50-anos-de-idade-e-profissionais-da-educacao","status":"publish","type":"post","link":"https:\/\/www.paudalho.pe.gov.br\/portal\/paudalho-amplia-vacinacao-para-pessoas-a-partir-dos-50-anos-de-idade-e-profissionais-da-educacao\/","title":{"rendered":"Paudalho amplia vacina\u00e7\u00e3o para pessoas a partir dos 50 anos de idade e profissionais da educa\u00e7\u00e3o"},"content":{"rendered":"\n<p>A partir desta sexta-feira (28) a campanha de vacina\u00e7\u00e3o contra a Covid-19 do munic\u00edpio de Paudalho passa a incluir pessoas na faixa et\u00e1ria dos 50 anos ou mais. Para receber a dose do imunizante ser\u00e1 necess\u00e1rio que o mun\u00edcipe realize o pr\u00e9-cadastro on-line atrav\u00e9s de um novo <strong><a href=\"https:\/\/paudalho.basemunicipal.com\/saude\/covid\/vacinacao\/pre-cadastro\" target=\"_blank\" rel=\"noreferrer noopener\">formul\u00e1rio<\/a> <\/strong>disponibilizado pela Secretaria Municipal de Sa\u00fade. A imuniza\u00e7\u00e3o come\u00e7ar\u00e1 na segunda-feira (31) e ser\u00e1 realizada em ordem decrescente de idade, com o grupo inicial formado por pessoas com 59 anos, posteriormente 58, e assim sucessivamente. <\/p>\n\n\n\n<p><a rel=\"noreferrer noopener\" href=\"https:\/\/paudalho.basemunicipal.com\/saude\/covid\/vacinacao\/pre-cadastro\" target=\"_blank\"><strong>CLIQUE AQUI E REALIZE O SEU PR\u00c9-CADASTRO<\/strong>! (PESSOAS ACIMA DE 50 ANOS)<\/a><\/p>\n\n\n\n<figure class=\"wp-block-image size-large\"><img loading=\"lazy\" decoding=\"async\" width=\"800\" height=\"450\" data-attachment-id=\"15080\" data-permalink=\"https:\/\/www.paudalho.pe.gov.br\/portal\/paudalho-amplia-vacinacao-para-pessoas-a-partir-dos-50-anos-de-idade-e-profissionais-da-educacao\/alunospandemia\/\" data-orig-file=\"https:\/\/www.paudalho.pe.gov.br\/portal\/wp-content\/uploads\/2021\/05\/alunospandemia.jpeg\" data-orig-size=\"1280,853\" data-comments-opened=\"1\" data-image-meta=\"{&quot;aperture&quot;:&quot;0&quot;,&quot;credit&quot;:&quot;&quot;,&quot;camera&quot;:&quot;&quot;,&quot;caption&quot;:&quot;&quot;,&quot;created_timestamp&quot;:&quot;0&quot;,&quot;copyright&quot;:&quot;&quot;,&quot;focal_length&quot;:&quot;0&quot;,&quot;iso&quot;:&quot;0&quot;,&quot;shutter_speed&quot;:&quot;0&quot;,&quot;title&quot;:&quot;&quot;,&quot;orientation&quot;:&quot;0&quot;}\" data-image-title=\"alunospandemia\" data-image-description=\"\" data-image-caption=\"\" data-medium-file=\"https:\/\/www.paudalho.pe.gov.br\/portal\/wp-content\/uploads\/2021\/05\/alunospandemia-350x230.jpeg\" data-large-file=\"https:\/\/www.paudalho.pe.gov.br\/portal\/wp-content\/uploads\/2021\/05\/alunospandemia-800x450.jpeg\" src=\"https:\/\/www.paudalho.pe.gov.br\/portal\/wp-content\/uploads\/2021\/05\/alunospandemia-800x450.jpeg\" alt=\"\" class=\"wp-image-15080\"\/><figcaption><em>A Prefeitura do Paudalho iniciar\u00e1 a vacina\u00e7\u00e3o de profissionais da Educa\u00e7\u00e3o nesta sexta-feira (28), a aplica\u00e7\u00e3o das doses seguir\u00e1 at\u00e9 o domingo (30). Foto: Josu\u00e9 J\u00fanior\/PMP.<\/em><\/figcaption><\/figure>\n\n\n\n<h3 class=\"wp-block-heading\"><strong>Profissionais da Educa\u00e7\u00e3o tamb\u00e9m ser\u00e3o vacinados<\/strong><\/h3>\n\n\n\n<p>A Prefeitura do Paudalho tamb\u00e9m incluiu professores nessa nova etapa da campanha de vacina\u00e7\u00e3o contra a covid-19. Considerados como grupo priorit\u00e1rio no Plano Nacional de Imuniza\u00e7\u00e3o (PNI), ser\u00e3o vacinados profissionais da educa\u00e7\u00e3o das escolas municipais, estaduais e particulares que est\u00e3o localizadas no munic\u00edpio. <\/p>\n\n\n\n<p>A imuniza\u00e7\u00e3o ter\u00e1 in\u00edcio hoje (28) e seguir\u00e1 ocorrendo no s\u00e1bado (29) durante a tarde e no domingo (30) pela manh\u00e3. O cadastro para vacina\u00e7\u00e3o ser\u00e1 realizado por meio de agendamento feito atrav\u00e9s da Secretaria Municipal de Sa\u00fade junto a Secretaria Municipal de Educa\u00e7\u00e3o (SEDUC). <\/p>\n\n\n\n<h3 class=\"wp-block-heading\"><strong>A vacina\u00e7\u00e3o prossegue para outros grupos<\/strong><\/h3>\n\n\n\n<p>A imuniza\u00e7\u00e3o de <a rel=\"noreferrer noopener\" href=\"https:\/\/www.paudalho.pe.gov.br\/portal\/paudalho-inicia-vacinacao-contra-a-covid-19-de-pessoas-a-partir-dos-18-anos-com-comorbidades-gravidas-e-puerperas\/\" target=\"_blank\"><strong>indiv\u00edduos com comorbidades entre 18 e 59 anos<\/strong><\/a>, de pessoas com defici\u00eancias permanentes e de gr\u00e1vidas e pu\u00e9rperas, continuar\u00e1 ocorrendo conjuntamente a essa nova fase, assim tamb\u00e9m como a de pessoas sem enfermidades pr\u00e9-existentes com mais de 60 anos. A imuniza\u00e7\u00e3o est\u00e1 sendo realizada no ponto drive-thru localizado em frente a sede da Secretaria Municipal de Sa\u00fade, no centro da cidade. <\/p>\n\n\n\n<p>O atendimento est\u00e1 dispon\u00edvel de domingo a domingo, das 8h \u00e0s 16h. Durante a ocasi\u00e3o ser\u00e1 necess\u00e1rio apresentar um documento de identifica\u00e7\u00e3o, como o RG e o CPF, e um documento comprobat\u00f3rio da comorbidade, caso seja necess\u00e1rio. A Secretaria Municipal de Sa\u00fade tamb\u00e9m informou que neste s\u00e1bado (29), o hor\u00e1rio das 8h \u00e0s 12h ser\u00e1 reservado para a vacina\u00e7\u00e3o de gestantes e pu\u00e9rperas. As doses ser\u00e3o aplicadas com base em uma agenda pr\u00e9via feita por enfermeiros (as) das Unidades B\u00e1sicas de Sa\u00fade (UBSs) do munic\u00edpio. <\/p>\n","protected":false},"excerpt":{"rendered":"<p>A partir desta sexta-feira (28) a campanha de vacina\u00e7\u00e3o contra a Covid-19 do munic\u00edpio de Paudalho passa a incluir pessoas na faixa et\u00e1ria dos 50 anos ou mais. Para receber a dose do imunizante ser\u00e1 necess\u00e1rio que o mun\u00edcipe realize o pr\u00e9-cadastro on-line atrav\u00e9s de um novo formul\u00e1rio disponibilizado pela Secretaria Municipal de Sa\u00fade. A [&hellip;]<\/p>\n","protected":false},"author":6,"featured_media":15078,"comment_status":"open","ping_status":"open","sticky":false,"template":"","format":"standard","meta":{"_jetpack_newsletter_access":"","_jetpack_dont_email_post_to_subs":false,"_jetpack_newsletter_tier_id":0,"_jetpack_memberships_contains_paywalled_content":false,"_jetpack_memberships_contains_paid_content":false,"footnotes":""},"categories":[732,2,1,3],"tags":[622,22,168,738],"class_list":["post-15072","post","type-post","status-publish","format-standard","has-post-thumbnail","hentry","category-covid-19","category-destaque","category-noticias","category-saude","tag-covid-19","tag-prefeitura-do-paudalho","tag-secretaria-de-saude","tag-vacinacao-contra-a-covid-19"],"jetpack_featured_media_url":"https:\/\/www.paudalho.pe.gov.br\/portal\/wp-content\/uploads\/2021\/05\/H5A9804-scaled.jpg","jetpack_sharing_enabled":true,"jetpack_shortlink":"https:\/\/wp.me\/p98mS2-3V6","_links":{"self":[{"href":"https:\/\/www.paudalho.pe.gov.br\/portal\/wp-json\/wp\/v2\/posts\/15072","targetHints":{"allow":["GET"]}}],"collection":[{"href":"https:\/\/www.paudalho.pe.gov.br\/portal\/wp-json\/wp\/v2\/posts"}],"about":[{"href":"https:\/\/www.paudalho.pe.gov.br\/portal\/wp-json\/wp\/v2\/types\/post"}],"author":[{"embeddable":true,"href":"https:\/\/www.paudalho.pe.gov.br\/portal\/wp-json\/wp\/v2\/users\/6"}],"replies":[{"embeddable":true,"href":"https:\/\/www.paudalho.pe.gov.br\/portal\/wp-json\/wp\/v2\/comments?post=15072"}],"version-history":[{"count":21,"href":"https:\/\/www.paudalho.pe.gov.br\/portal\/wp-json\/wp\/v2\/posts\/15072\/revisions"}],"predecessor-version":[{"id":15585,"href":"https:\/\/www.paudalho.pe.gov.br\/portal\/wp-json\/wp\/v2\/posts\/15072\/revisions\/15585"}],"wp:featuredmedia":[{"embeddable":true,"href":"https:\/\/www.paudalho.pe.gov.br\/portal\/wp-json\/wp\/v2\/media\/15078"}],"wp:attachment":[{"href":"https:\/\/www.paudalho.pe.gov.br\/portal\/wp-json\/wp\/v2\/media?parent=15072"}],"wp:term":[{"taxonomy":"category","embeddable":true,"href":"https:\/\/www.paudalho.pe.gov.br\/portal\/wp-json\/wp\/v2\/categories?post=15072"},{"taxonomy":"post_tag","embeddable":true,"href":"https:\/\/www.paudalho.pe.gov.br\/portal\/wp-json\/wp\/v2\/tags?post=15072"}],"curies":[{"name":"wp","href":"https:\/\/api.w.org\/{rel}","templated":true}]}}